{"id":10047,"date":"2010-08-02T12:13:35","date_gmt":"2010-08-02T10:13:35","guid":{"rendered":"http:\/\/www.ipod.info.pl\/?p=10047"},"modified":"2010-08-02T12:13:35","modified_gmt":"2010-08-02T10:13:35","slug":"iphone-4-w-rtv-euro-agd","status":"publish","type":"post","link":"https:\/\/www.ipod.info.pl\/index.php\/iphone-4-w-rtv-euro-agd\/","title":{"rendered":"iPhone 4 w RTV EURO AGD"},"content":{"rendered":"<p><a href=\"http:\/\/www.ipod.info.pl\/wp-content\/uploads\/2010\/08\/Zrzut-ekranu-2010-08-02-godz.-12.05.31.png\"><img loading=\"lazy\" decoding=\"async\" class=\"alignright size-medium wp-image-10048\" title=\"iPhone 4 w RTV EURO AGD\" src=\"http:\/\/www.ipod.info.pl\/wp-content\/uploads\/2010\/08\/Zrzut-ekranu-2010-08-02-godz.-12.05.31-300x256.png\" alt=\"\" width=\"300\" height=\"256\" srcset=\"https:\/\/www.ipod.info.pl\/wp-content\/uploads\/2010\/08\/Zrzut-ekranu-2010-08-02-godz.-12.05.31-300x256.png 300w, https:\/\/www.ipod.info.pl\/wp-content\/uploads\/2010\/08\/Zrzut-ekranu-2010-08-02-godz.-12.05.31-120x102.png 120w, https:\/\/www.ipod.info.pl\/wp-content\/uploads\/2010\/08\/Zrzut-ekranu-2010-08-02-godz.-12.05.31.png 971w\" sizes=\"(max-width: 300px) 100vw, 300px\" \/><\/a>Bardzo ciekaw\u0105 informacj\u0119 dosta\u0142em od czytelnika podpisuj\u0105cego si\u0119 jako Astro.<\/p>\n<p>Wygl\u0105da na to, \u017ce sie\u0107 RTV EURO AGD szykuje si\u0119 do wprowadzenia do sprzeda\u017cy iPhone 4. Przynajmniej tak wynika z ich strony internetowej <a href=\"http:\/\/www.euro.com.pl\/cms\/apple_iphone4.bhtml#content-1c\" target=\"_blank\">www.euro.com.pl<\/a> na kt\u00f3rej mo\u017cecie si\u0119 zapisa\u0107 na newsletter w\u0142a\u015bnie w sprawie wprowadzenia iPhone 4.<\/p>\n<p>Sama strona jest zreszt\u0105 bardzo ciekawa bo niesamowicie przypomina stron\u0119 Apple. Mo\u017cemy si\u0119 z niej dowiedzie\u0107 tak\u017ce o ch\u0119ci wprowadzenia do sprzeda\u017cy iPada. Czy\u017cby ta sie\u0107 sklep\u00f3w zosta\u0142a partnerem Apple???<\/p>\n","protected":false},"excerpt":{"rendered":"<p>Bardzo ciekaw\u0105 informacj\u0119 dosta\u0142em od czytelnika podpisuj\u0105cego si\u0119 jako Astro. Wygl\u0105da na to, \u017ce sie\u0107 RTV EURO AGD szykuje si\u0119 do wprowadzenia do sprzeda\u017cy iPhone 4. Przynajmniej tak wynika z ich strony internetowej www.euro.com.pl na kt\u00f3rej mo\u017cecie si\u0119 zapisa\u0107 na newsletter w\u0142a\u015bnie w sprawie wprowadzenia iPhone 4. Sama strona jest zreszt\u0105 bardzo ciekawa bo niesamowicie [&hellip;]<\/p>\n","protected":false},"author":2,"featured_media":0,"comment_status":"open","ping_status":"open","sticky":false,"template":"","format":"standard","meta":{"footnotes":""},"categories":[10,55,16,57],"tags":[],"aioseo_notices":[],"_links":{"self":[{"href":"https:\/\/www.ipod.info.pl\/index.php\/wp-json\/wp\/v2\/posts\/10047"}],"collection":[{"href":"https:\/\/www.ipod.info.pl\/index.php\/wp-json\/wp\/v2\/posts"}],"about":[{"href":"https:\/\/www.ipod.info.pl\/index.php\/wp-json\/wp\/v2\/types\/post"}],"author":[{"embeddable":true,"href":"https:\/\/www.ipod.info.pl\/index.php\/wp-json\/wp\/v2\/users\/2"}],"replies":[{"embeddable":true,"href":"https:\/\/www.ipod.info.pl\/index.php\/wp-json\/wp\/v2\/comments?post=10047"}],"version-history":[{"count":2,"href":"https:\/\/www.ipod.info.pl\/index.php\/wp-json\/wp\/v2\/posts\/10047\/revisions"}],"predecessor-version":[{"id":10050,"href":"https:\/\/www.ipod.info.pl\/index.php\/wp-json\/wp\/v2\/posts\/10047\/revisions\/10050"}],"wp:attachment":[{"href":"https:\/\/www.ipod.info.pl\/index.php\/wp-json\/wp\/v2\/media?parent=10047"}],"wp:term":[{"taxonomy":"category","embeddable":true,"href":"https:\/\/www.ipod.info.pl\/index.php\/wp-json\/wp\/v2\/categories?post=10047"},{"taxonomy":"post_tag","embeddable":true,"href":"https:\/\/www.ipod.info.pl\/index.php\/wp-json\/wp\/v2\/tags?post=10047"}],"curies":[{"name":"wp","href":"https:\/\/api.w.org\/{rel}","templated":true}]}}