{"id":10359,"date":"2010-08-23T10:48:37","date_gmt":"2010-08-23T08:48:37","guid":{"rendered":"http:\/\/www.ipod.info.pl\/?p=10359"},"modified":"2010-08-23T10:50:19","modified_gmt":"2010-08-23T08:50:19","slug":"ipad-3g-oficjalnie-w-plusie","status":"publish","type":"post","link":"https:\/\/www.ipod.info.pl\/index.php\/ipad-3g-oficjalnie-w-plusie\/","title":{"rendered":"iPad 3G oficjalnie w Plusie"},"content":{"rendered":"<p>Plus od jutra &#8211; 24 sierpnia, wprowadza do oficjalnej\/nie autoryzowanej sprzeda\u017cy iPady w wersji z modemem 3G. Plus ten ruch zapowiada\u0142 ju\u017c jaki\u015b czas temu wprowadzaj\u0105c\u00a0<a href=\"http:\/\/www.ipod.info.pl\/index.php\/ipad-w-plusie-zostan-testerem\/\" target=\"_blank\">program test\u00f3w tego urz\u0105dzenia<\/a>. iPady b\u0119dzie mo\u017cna naby\u0107 w ofertach po\u0142\u0105czonych z abonamentem zar\u00f3wno dla firm jak i os\u00f3b prywatnych:<span style=\"font-size: small;\"><br \/>\n<span style=\"font-size: small;\"><br \/>\nOfe<\/span><span style=\"font-size: small;\">rta dla klient\u00f3w indywidualnych (ceny z VAT)<\/span><span style=\"font-size: small;\">:<\/span><br \/>\n<\/span><\/p>\n<table border=\"1\" cellspacing=\"0\" cellpadding=\"2\">\n<tbody>\n<tr>\n<td><strong><span style=\"font-size: small;\">Model<\/span><\/strong><\/td>\n<td><strong><span style=\"font-size: small;\">iPlus <\/span><\/strong><strong>60 <\/strong><\/td>\n<td><strong><span style=\"font-size: small;\">iPlus <\/span><\/strong><strong>75 <\/strong><\/td>\n<td><strong><span style=\"font-size: small;\">iPlus <\/span><\/strong><strong>110 <\/strong><\/td>\n<td><strong><span style=\"font-size: small;\">iPlus <\/span><\/strong><strong>160 <\/strong><\/td>\n<\/tr>\n<tr>\n<td><span style=\"font-size: small;\">Apple iPad <\/span><span style=\"font-size: small;\">3G 16 GB <\/span><\/td>\n<td><span style=\"font-size: small;\"> 2999 z\u0142<\/span><\/td>\n<td><span style=\"font-size: small;\"> 2899 z\u0142<\/span><\/td>\n<td><span style=\"font-size: small;\"> 2399 z\u0142<\/span><\/td>\n<td><span style=\"font-size: small;\"> 1999 z\u0142<\/span><\/td>\n<\/tr>\n<\/tbody>\n<\/table>\n<p><span style=\"font-size: small;\"> <\/span><\/p>\n<p><span style=\"font-size: small;\">Ofe<\/span><span style=\"font-size: small;\">rta dla Firm (ceny bez VAT)<\/span><span style=\"font-size: small;\">:<\/span><\/p>\n<table border=\"1\" cellspacing=\"0\" cellpadding=\"2\">\n<tbody>\n<tr>\n<td><strong><span style=\"font-size: small;\">Model<\/span><\/strong><\/td>\n<td><strong><span style=\"font-size: small;\">iPlus <\/span><\/strong><strong>49 <\/strong><\/td>\n<td><strong><span style=\"font-size: small;\">iPlus <\/span><\/strong><strong>59 <\/strong><\/td>\n<td><strong><span style=\"font-size: small;\">iPlus <\/span><\/strong><strong>89 <\/strong><\/td>\n<td><strong><span style=\"font-size: small;\">iPlus <\/span><\/strong><strong><span style=\"font-size: small;\">1<\/span><\/strong><strong><span style=\"font-size: small;\">29 <\/span><\/strong><\/td>\n<\/tr>\n<tr>\n<td><span style=\"font-size: small;\">Apple iPad <\/span><span style=\"font-size: small;\">3G 16 GB <\/span><\/td>\n<td><span style=\"font-size: small;\"> 2<\/span><span style=\"font-size: small;\">44<\/span><span style=\"font-size: small;\">9 z\u0142<\/span><\/td>\n<td><span style=\"font-size: small;\"> 2<\/span><span style=\"font-size: small;\">36<\/span><span style=\"font-size: small;\">9 z\u0142<\/span><\/td>\n<td><span style=\"font-size: small;\"> 1<\/span><span style=\"font-size: small;\">9<\/span><span style=\"font-size: small;\">5<\/span><span style=\"font-size: small;\">9 z\u0142<\/span><\/td>\n<td><span style=\"font-size: small;\"> 1<\/span><span style=\"font-size: small;\">63<\/span><span style=\"font-size: small;\">9 z\u0142<\/span><\/td>\n<\/tr>\n<\/tbody>\n<\/table>\n<p>Jak wida\u0107 po cenach to kolejna oferta skonstruowana na zasadzie &#8222;Mamy w magazynie 3 iPady to damy tak\u0105 cen\u0119, \u017ceby nikt przypadkiem nie chcia\u0142 kupi\u0107, ale jeste\u015bmy pierwsi :)&#8221;. Bo przypomn\u0119 tylko, \u017ce na naszym rodzimym portalu aukcyjnym iPada 3G 16GB spokojnie kupimy w cenie poni\u017cej 3 tys z\u0142. Bez abonamentu!!!<\/p>\n<p>Na os\u0142od\u0119 cen warto wspomnie\u0107, \u017ce przy zakupie iPada istnieje r\u00f3wnie\u017c mo\u017cliwo\u015b\u0107 dokupienia Kaspersky Internet Security 2011 z pe\u0142n\u0105 licencj\u0105 na 2 lata za 1,22 z\u0142. Jak go wykorzystacie w po\u0142\u0105czeniu z iPadem lub komputerem z Mac OS, to ju\u017c wasza sprawa.<\/p>\n","protected":false},"excerpt":{"rendered":"<p>Plus od jutra &#8211; 24 sierpnia, wprowadza do oficjalnej\/nie autoryzowanej sprzeda\u017cy iPady w wersji z modemem 3G. Plus ten ruch zapowiada\u0142 ju\u017c jaki\u015b czas temu wprowadzaj\u0105c\u00a0program test\u00f3w tego urz\u0105dzenia. iPady b\u0119dzie mo\u017cna naby\u0107 w ofertach po\u0142\u0105czonych z abonamentem zar\u00f3wno dla firm jak i os\u00f3b prywatnych: Oferta dla klient\u00f3w indywidualnych (ceny z VAT): Model iPlus 60 [&hellip;]<\/p>\n","protected":false},"author":2,"featured_media":0,"comment_status":"open","ping_status":"open","sticky":false,"template":"","format":"standard","meta":{"footnotes":""},"categories":[55],"tags":[],"aioseo_notices":[],"_links":{"self":[{"href":"https:\/\/www.ipod.info.pl\/index.php\/wp-json\/wp\/v2\/posts\/10359"}],"collection":[{"href":"https:\/\/www.ipod.info.pl\/index.php\/wp-json\/wp\/v2\/posts"}],"about":[{"href":"https:\/\/www.ipod.info.pl\/index.php\/wp-json\/wp\/v2\/types\/post"}],"author":[{"embeddable":true,"href":"https:\/\/www.ipod.info.pl\/index.php\/wp-json\/wp\/v2\/users\/2"}],"replies":[{"embeddable":true,"href":"https:\/\/www.ipod.info.pl\/index.php\/wp-json\/wp\/v2\/comments?post=10359"}],"version-history":[{"count":10,"href":"https:\/\/www.ipod.info.pl\/index.php\/wp-json\/wp\/v2\/posts\/10359\/revisions"}],"predecessor-version":[{"id":10369,"href":"https:\/\/www.ipod.info.pl\/index.php\/wp-json\/wp\/v2\/posts\/10359\/revisions\/10369"}],"wp:attachment":[{"href":"https:\/\/www.ipod.info.pl\/index.php\/wp-json\/wp\/v2\/media?parent=10359"}],"wp:term":[{"taxonomy":"category","embeddable":true,"href":"https:\/\/www.ipod.info.pl\/index.php\/wp-json\/wp\/v2\/categories?post=10359"},{"taxonomy":"post_tag","embeddable":true,"href":"https:\/\/www.ipod.info.pl\/index.php\/wp-json\/wp\/v2\/tags?post=10359"}],"curies":[{"name":"wp","href":"https:\/\/api.w.org\/{rel}","templated":true}]}}