{"id":10411,"date":"2010-08-27T07:35:41","date_gmt":"2010-08-27T05:35:41","guid":{"rendered":"http:\/\/www.ipod.info.pl\/index.php\/bialy-iphone-4-od-jutra-oficjalnie\/"},"modified":"2010-08-27T10:13:41","modified_gmt":"2010-08-27T08:13:41","slug":"bialy-iphone-4-od-jutra-oficjalnie","status":"publish","type":"post","link":"https:\/\/www.ipod.info.pl\/index.php\/bialy-iphone-4-od-jutra-oficjalnie\/","title":{"rendered":"Bia\u0142y iPhone 4 od jutra oficjalnie! Bzdura"},"content":{"rendered":"<p>Wiem, ze to mo\u017ce brzmie\u0107 niewiarygodnie, ale od jutra w sprzeda\u017cy znajdzie sie bia\u0142y iPhone 4.<\/p>\n<p>Przynajmniej tak b\u0119dzie w Erze. Dobrze poinformowana osoba w salonie zaklina si\u0119, ze maja ju\u017c bia\u0142e w magazynie. Co wiecej czarne bed\u0105 dopiero jutro popo\u0142udniu.<br \/>\nNo c\u00f3\u017c jutro o 10 mam spotaknie w Erze i b\u0119d\u0119 wtedy wiedzia\u0142 na 100%.<\/p>\n<p>&#8212;&#8212;&#8212;&#8212;&#8212;<br \/>\nOczywi\u015bcie bia\u0142e s\u0105 tylko pude\u0142ka, a Panie w salonie jako\u015b nie zauwa\u017cy\u0142y napisu &#8222;Black&#8221; z tylu obudowy.<\/p>\n","protected":false},"excerpt":{"rendered":"<p>Wiem, ze to mo\u017ce brzmie\u0107 niewiarygodnie, ale od jutra w sprzeda\u017cy znajdzie sie bia\u0142y iPhone 4. Przynajmniej tak b\u0119dzie w Erze. Dobrze poinformowana osoba w salonie zaklina si\u0119, ze maja ju\u017c bia\u0142e w magazynie. Co wiecej czarne bed\u0105 dopiero jutro popo\u0142udniu. No c\u00f3\u017c jutro o 10 mam spotaknie w Erze i b\u0119d\u0119 wtedy wiedzia\u0142 na [&hellip;]<\/p>\n","protected":false},"author":2,"featured_media":0,"comment_status":"open","ping_status":"open","sticky":false,"template":"","format":"standard","meta":{"footnotes":""},"categories":[16,57],"tags":[],"aioseo_notices":[],"_links":{"self":[{"href":"https:\/\/www.ipod.info.pl\/index.php\/wp-json\/wp\/v2\/posts\/10411"}],"collection":[{"href":"https:\/\/www.ipod.info.pl\/index.php\/wp-json\/wp\/v2\/posts"}],"about":[{"href":"https:\/\/www.ipod.info.pl\/index.php\/wp-json\/wp\/v2\/types\/post"}],"author":[{"embeddable":true,"href":"https:\/\/www.ipod.info.pl\/index.php\/wp-json\/wp\/v2\/users\/2"}],"replies":[{"embeddable":true,"href":"https:\/\/www.ipod.info.pl\/index.php\/wp-json\/wp\/v2\/comments?post=10411"}],"version-history":[{"count":3,"href":"https:\/\/www.ipod.info.pl\/index.php\/wp-json\/wp\/v2\/posts\/10411\/revisions"}],"predecessor-version":[{"id":10426,"href":"https:\/\/www.ipod.info.pl\/index.php\/wp-json\/wp\/v2\/posts\/10411\/revisions\/10426"}],"wp:attachment":[{"href":"https:\/\/www.ipod.info.pl\/index.php\/wp-json\/wp\/v2\/media?parent=10411"}],"wp:term":[{"taxonomy":"category","embeddable":true,"href":"https:\/\/www.ipod.info.pl\/index.php\/wp-json\/wp\/v2\/categories?post=10411"},{"taxonomy":"post_tag","embeddable":true,"href":"https:\/\/www.ipod.info.pl\/index.php\/wp-json\/wp\/v2\/tags?post=10411"}],"curies":[{"name":"wp","href":"https:\/\/api.w.org\/{rel}","templated":true}]}}