{"id":10463,"date":"2010-09-01T09:41:31","date_gmt":"2010-09-01T07:41:31","guid":{"rendered":"http:\/\/www.ipod.info.pl\/?p=10463"},"modified":"2010-09-01T09:41:31","modified_gmt":"2010-09-01T07:41:31","slug":"przekaz-wideo-na-zywo-z-dzisiejszej-konferencji-apple","status":"publish","type":"post","link":"https:\/\/www.ipod.info.pl\/index.php\/przekaz-wideo-na-zywo-z-dzisiejszej-konferencji-apple\/","title":{"rendered":"Przekaz wideo na \u017cywo z dzisiejszej konferencji Apple"},"content":{"rendered":"<p><a href=\"http:\/\/www.ipod.info.pl\/wp-content\/uploads\/2010\/09\/top.jpg\"><img loading=\"lazy\" decoding=\"async\" class=\"alignright size-medium wp-image-10464\" title=\"Przekaz wideo na \u017cywo z dzisiejszej konferencji Apple\" src=\"http:\/\/www.ipod.info.pl\/wp-content\/uploads\/2010\/09\/top-300x267.jpg\" alt=\"\" width=\"300\" height=\"267\" srcset=\"https:\/\/www.ipod.info.pl\/wp-content\/uploads\/2010\/09\/top-300x267.jpg 300w, https:\/\/www.ipod.info.pl\/wp-content\/uploads\/2010\/09\/top-120x107.jpg 120w, https:\/\/www.ipod.info.pl\/wp-content\/uploads\/2010\/09\/top.jpg 560w\" sizes=\"auto, (max-width: 300px) 100vw, 300px\" \/><\/a>Apple zrobi\u0142o nam ma\u0142ego psikusa i po raz pierwszy w swej historii b\u0119dzie na \u017cywo.Przynajmniej tak wynika z<a href=\"http:\/\/www.apple.com\/pr\/library\/2010\/08\/31alert.html\" target=\"_blank\"> komunikatu prasowego pokazanego dzi\u015b wczesnym rankiem<\/a>.<br \/>\nDzi\u0119ki czemu torpeduje nasz wideo komentarz. Mimo, \u017ce jeste\u015bmy pewni, \u017ce byliby\u015bmy lepsi ;) to wiemy, \u017ce wolicie ogl\u0105da\u0107 Steva, dlatego prawdopodobnie zrezygnujemy z naszego przekazu wideo.<strong>Wam damy jedynie mo\u017cliwo\u015b\u0107 czatu na \u017cywo z nami i innymi czytelnikami strony?<br \/>\n<\/strong><strong>Czy taki pomys\u0142 si\u0119 Wam podoba? <\/strong><\/p>\n<p>Applowy przekaz\u00a0b\u0119dziecie\u00a0mogli ogl\u0105da\u0107 od 19 naszego czasu na stronach Apple. Wed\u0142ug tego co pisz\u0105 w wymaganiach potrzebny b\u0119dzie do tego\u00a0komputer\u00a0z Mac OS lub iPhone\/iPod touch\/iPad. Nie ma nic o Windows, ale pewnie da si\u0119 tak\u017ce ogl\u0105da\u0107 na &#8222;blaszakach&#8221;.<\/p>\n","protected":false},"excerpt":{"rendered":"<p>Apple zrobi\u0142o nam ma\u0142ego psikusa i po raz pierwszy w swej historii b\u0119dzie na \u017cywo.Przynajmniej tak wynika z komunikatu prasowego pokazanego dzi\u015b wczesnym rankiem. Dzi\u0119ki czemu torpeduje nasz wideo komentarz. Mimo, \u017ce jeste\u015bmy pewni, \u017ce byliby\u015bmy lepsi ;) to wiemy, \u017ce wolicie ogl\u0105da\u0107 Steva, dlatego prawdopodobnie zrezygnujemy z naszego przekazu wideo.Wam damy jedynie mo\u017cliwo\u015b\u0107 czatu [&hellip;]<\/p>\n","protected":false},"author":2,"featured_media":0,"comment_status":"open","ping_status":"open","sticky":false,"template":"","format":"standard","meta":{"footnotes":""},"categories":[10,55,16,2],"tags":[],"class_list":["post-10463","post","type-post","status-publish","format-standard","hentry","category-apple","category-ipad1g","category-iphone","category-ipod"],"aioseo_notices":[],"aioseo_head":"\n\t\t<!-- All in One SEO 5.0.0.1 - aioseo.com -->\n\t<meta name=\"robots\" content=\"max-image-preview:large\" \/>\n\t<meta name=\"author\" content=\"norbi\"\/>\n\t<link rel=\"canonical\" href=\"https:\/\/www.ipod.info.pl\/index.php\/przekaz-wideo-na-zywo-z-dzisiejszej-konferencji-apple\/\" \/>\n\t<meta name=\"generator\" content=\"All in One SEO (AIOSEO) 5.0.0.1\" \/>\n\t\t<meta property=\"og:locale\" content=\"pl_PL\" \/>\n\t\t<meta property=\"og:site_name\" content=\"iPod.info.pl \u2014 iPod, iPad, iPhone, iBlog | iPod, iPad, iPhone, iPhone 3G, iPhone 3GS, iPhone 4, Apple TV\" \/>\n\t\t<meta property=\"og:type\" content=\"article\" \/>\n\t\t<meta property=\"og:title\" content=\"Przekaz wideo na \u017cywo z dzisiejszej konferencji Apple | iPod.info.pl \u2014 iPod, iPad, iPhone, iBlog\" \/>\n\t\t<meta property=\"og:url\" content=\"https:\/\/www.ipod.info.pl\/index.php\/przekaz-wideo-na-zywo-z-dzisiejszej-konferencji-apple\/\" \/>\n\t\t<meta property=\"article:published_time\" content=\"2010-09-01T07:41:31+00:00\" \/>\n\t\t<meta property=\"article:modified_time\" content=\"2010-09-01T07:41:31+00:00\" \/>\n\t\t<meta name=\"twitter:card\" content=\"summary_large_image\" \/>\n\t\t<meta name=\"twitter:title\" content=\"Przekaz wideo na \u017cywo z dzisiejszej konferencji Apple | iPod.info.pl \u2014 iPod, iPad, iPhone, iBlog\" \/>\n\t\t<script type=\"application\/ld+json\" class=\"aioseo-schema\">\n\t\t\t{\"@context\":\"https:\\\/\\\/schema.org\",\"@graph\":[{\"@type\":\"Article\",\"@id\":\"https:\\\/\\\/www.ipod.info.pl\\\/index.php\\\/przekaz-wideo-na-zywo-z-dzisiejszej-konferencji-apple\\\/#article\",\"name\":\"Przekaz wideo na \\u017cywo z dzisiejszej konferencji Apple | iPod.info.pl \\u2014 iPod, iPad, iPhone, iBlog\",\"headline\":\"Przekaz wideo na \\u017cywo z dzisiejszej konferencji Apple\",\"author\":{\"@id\":\"https:\\\/\\\/www.ipod.info.pl\\\/index.php\\\/author\\\/norbi\\\/#author\"},\"publisher\":{\"@id\":\"https:\\\/\\\/www.ipod.info.pl\\\/#organization\"},\"image\":{\"@type\":\"ImageObject\",\"url\":\"https:\\\/\\\/www.ipod.info.pl\\\/wp-content\\\/uploads\\\/2010\\\/09\\\/top.jpg\",\"@id\":\"https:\\\/\\\/www.ipod.info.pl\\\/index.php\\\/przekaz-wideo-na-zywo-z-dzisiejszej-konferencji-apple\\\/#articleImage\",\"width\":560,\"height\":500},\"datePublished\":\"2010-09-01T09:41:31+02:00\",\"dateModified\":\"2010-09-01T09:41:31+02:00\",\"inLanguage\":\"pl-PL\",\"commentCount\":18,\"mainEntityOfPage\":{\"@id\":\"https:\\\/\\\/www.ipod.info.pl\\\/index.php\\\/przekaz-wideo-na-zywo-z-dzisiejszej-konferencji-apple\\\/#webpage\"},\"isPartOf\":{\"@id\":\"https:\\\/\\\/www.ipod.info.pl\\\/index.php\\\/przekaz-wideo-na-zywo-z-dzisiejszej-konferencji-apple\\\/#webpage\"},\"articleSection\":\"Apple, iPad, iPhone, iPod\"},{\"@type\":\"BreadcrumbList\",\"@id\":\"https:\\\/\\\/www.ipod.info.pl\\\/index.php\\\/przekaz-wideo-na-zywo-z-dzisiejszej-konferencji-apple\\\/#breadcrumblist\",\"itemListElement\":[{\"@type\":\"ListItem\",\"@id\":\"https:\\\/\\\/www.ipod.info.pl#listItem\",\"position\":1,\"name\":\"Dom\",\"item\":\"https:\\\/\\\/www.ipod.info.pl\",\"nextItem\":{\"@type\":\"ListItem\",\"@id\":\"https:\\\/\\\/www.ipod.info.pl\\\/index.php\\\/category\\\/ipod\\\/#listItem\",\"name\":\"iPod\"}},{\"@type\":\"ListItem\",\"@id\":\"https:\\\/\\\/www.ipod.info.pl\\\/index.php\\\/category\\\/ipod\\\/#listItem\",\"position\":2,\"name\":\"iPod\",\"item\":\"https:\\\/\\\/www.ipod.info.pl\\\/index.php\\\/category\\\/ipod\\\/\",\"nextItem\":{\"@type\":\"ListItem\",\"@id\":\"https:\\\/\\\/www.ipod.info.pl\\\/index.php\\\/przekaz-wideo-na-zywo-z-dzisiejszej-konferencji-apple\\\/#listItem\",\"name\":\"Przekaz wideo na \\u017cywo z dzisiejszej konferencji Apple\"},\"previousItem\":{\"@type\":\"ListItem\",\"@id\":\"https:\\\/\\\/www.ipod.info.pl#listItem\",\"name\":\"Dom\"}},{\"@type\":\"ListItem\",\"@id\":\"https:\\\/\\\/www.ipod.info.pl\\\/index.php\\\/przekaz-wideo-na-zywo-z-dzisiejszej-konferencji-apple\\\/#listItem\",\"position\":3,\"name\":\"Przekaz wideo na \\u017cywo z dzisiejszej konferencji Apple\",\"previousItem\":{\"@type\":\"ListItem\",\"@id\":\"https:\\\/\\\/www.ipod.info.pl\\\/index.php\\\/category\\\/ipod\\\/#listItem\",\"name\":\"iPod\"}}]},{\"@type\":\"Organization\",\"@id\":\"https:\\\/\\\/www.ipod.info.pl\\\/#organization\",\"name\":\"iPod.info.pl \\u2014 iPod, iPad, iPhone, iBlog\",\"description\":\"iPod, iPad, iPhone, iPhone 3G, iPhone 3GS, iPhone 4, Apple TV\",\"url\":\"https:\\\/\\\/www.ipod.info.pl\\\/\"},{\"@type\":\"Person\",\"@id\":\"https:\\\/\\\/www.ipod.info.pl\\\/index.php\\\/author\\\/norbi\\\/#author\",\"url\":\"https:\\\/\\\/www.ipod.info.pl\\\/index.php\\\/author\\\/norbi\\\/\",\"name\":\"norbi\"},{\"@type\":\"WebPage\",\"@id\":\"https:\\\/\\\/www.ipod.info.pl\\\/index.php\\\/przekaz-wideo-na-zywo-z-dzisiejszej-konferencji-apple\\\/#webpage\",\"url\":\"https:\\\/\\\/www.ipod.info.pl\\\/index.php\\\/przekaz-wideo-na-zywo-z-dzisiejszej-konferencji-apple\\\/\",\"name\":\"Przekaz wideo na \\u017cywo z dzisiejszej konferencji Apple | iPod.info.pl \\u2014 iPod, iPad, iPhone, iBlog\",\"inLanguage\":\"pl-PL\",\"isPartOf\":{\"@id\":\"https:\\\/\\\/www.ipod.info.pl\\\/#website\"},\"breadcrumb\":{\"@id\":\"https:\\\/\\\/www.ipod.info.pl\\\/index.php\\\/przekaz-wideo-na-zywo-z-dzisiejszej-konferencji-apple\\\/#breadcrumblist\"},\"author\":{\"@id\":\"https:\\\/\\\/www.ipod.info.pl\\\/index.php\\\/author\\\/norbi\\\/#author\"},\"creator\":{\"@id\":\"https:\\\/\\\/www.ipod.info.pl\\\/index.php\\\/author\\\/norbi\\\/#author\"},\"datePublished\":\"2010-09-01T09:41:31+02:00\",\"dateModified\":\"2010-09-01T09:41:31+02:00\"},{\"@type\":\"WebSite\",\"@id\":\"https:\\\/\\\/www.ipod.info.pl\\\/#website\",\"url\":\"https:\\\/\\\/www.ipod.info.pl\\\/\",\"name\":\"iPod.info.pl \\u2014 iPod, iPad, iPhone, iBlog\",\"description\":\"iPod, iPad, iPhone, iPhone 3G, iPhone 3GS, iPhone 4, Apple TV\",\"inLanguage\":\"pl-PL\",\"publisher\":{\"@id\":\"https:\\\/\\\/www.ipod.info.pl\\\/#organization\"}}]}\n\t\t<\/script>\n\t\t<!-- All in One SEO -->\n\n","aioseo_head_json":{"title":"Przekaz wideo na \u017cywo z dzisiejszej konferencji Apple | iPod.info.pl \u2014 iPod, iPad, iPhone, iBlog","description":"","canonical_url":"https:\/\/www.ipod.info.pl\/index.php\/przekaz-wideo-na-zywo-z-dzisiejszej-konferencji-apple\/","robots":"max-image-preview:large","keywords":"","webmasterTools":{"miscellaneous":""},"schema":{"@context":"https:\/\/schema.org","@graph":[{"@type":"Article","@id":"https:\/\/www.ipod.info.pl\/index.php\/przekaz-wideo-na-zywo-z-dzisiejszej-konferencji-apple\/#article","name":"Przekaz wideo na \u017cywo z dzisiejszej konferencji Apple | iPod.info.pl \u2014 iPod, iPad, iPhone, iBlog","headline":"Przekaz wideo na \u017cywo z dzisiejszej konferencji Apple","author":{"@id":"https:\/\/www.ipod.info.pl\/index.php\/author\/norbi\/#author"},"publisher":{"@id":"https:\/\/www.ipod.info.pl\/#organization"},"image":{"@type":"ImageObject","url":"https:\/\/www.ipod.info.pl\/wp-content\/uploads\/2010\/09\/top.jpg","@id":"https:\/\/www.ipod.info.pl\/index.php\/przekaz-wideo-na-zywo-z-dzisiejszej-konferencji-apple\/#articleImage","width":560,"height":500},"datePublished":"2010-09-01T09:41:31+02:00","dateModified":"2010-09-01T09:41:31+02:00","inLanguage":"pl-PL","commentCount":18,"mainEntityOfPage":{"@id":"https:\/\/www.ipod.info.pl\/index.php\/przekaz-wideo-na-zywo-z-dzisiejszej-konferencji-apple\/#webpage"},"isPartOf":{"@id":"https:\/\/www.ipod.info.pl\/index.php\/przekaz-wideo-na-zywo-z-dzisiejszej-konferencji-apple\/#webpage"},"articleSection":"Apple, iPad, iPhone, iPod"},{"@type":"BreadcrumbList","@id":"https:\/\/www.ipod.info.pl\/index.php\/przekaz-wideo-na-zywo-z-dzisiejszej-konferencji-apple\/#breadcrumblist","itemListElement":[{"@type":"ListItem","@id":"https:\/\/www.ipod.info.pl#listItem","position":1,"name":"Dom","item":"https:\/\/www.ipod.info.pl","nextItem":{"@type":"ListItem","@id":"https:\/\/www.ipod.info.pl\/index.php\/category\/ipod\/#listItem","name":"iPod"}},{"@type":"ListItem","@id":"https:\/\/www.ipod.info.pl\/index.php\/category\/ipod\/#listItem","position":2,"name":"iPod","item":"https:\/\/www.ipod.info.pl\/index.php\/category\/ipod\/","nextItem":{"@type":"ListItem","@id":"https:\/\/www.ipod.info.pl\/index.php\/przekaz-wideo-na-zywo-z-dzisiejszej-konferencji-apple\/#listItem","name":"Przekaz wideo na \u017cywo z dzisiejszej konferencji Apple"},"previousItem":{"@type":"ListItem","@id":"https:\/\/www.ipod.info.pl#listItem","name":"Dom"}},{"@type":"ListItem","@id":"https:\/\/www.ipod.info.pl\/index.php\/przekaz-wideo-na-zywo-z-dzisiejszej-konferencji-apple\/#listItem","position":3,"name":"Przekaz wideo na \u017cywo z dzisiejszej konferencji Apple","previousItem":{"@type":"ListItem","@id":"https:\/\/www.ipod.info.pl\/index.php\/category\/ipod\/#listItem","name":"iPod"}}]},{"@type":"Organization","@id":"https:\/\/www.ipod.info.pl\/#organization","name":"iPod.info.pl \u2014 iPod, iPad, iPhone, iBlog","description":"iPod, iPad, iPhone, iPhone 3G, iPhone 3GS, iPhone 4, Apple TV","url":"https:\/\/www.ipod.info.pl\/"},{"@type":"Person","@id":"https:\/\/www.ipod.info.pl\/index.php\/author\/norbi\/#author","url":"https:\/\/www.ipod.info.pl\/index.php\/author\/norbi\/","name":"norbi"},{"@type":"WebPage","@id":"https:\/\/www.ipod.info.pl\/index.php\/przekaz-wideo-na-zywo-z-dzisiejszej-konferencji-apple\/#webpage","url":"https:\/\/www.ipod.info.pl\/index.php\/przekaz-wideo-na-zywo-z-dzisiejszej-konferencji-apple\/","name":"Przekaz wideo na \u017cywo z dzisiejszej konferencji Apple | iPod.info.pl \u2014 iPod, iPad, iPhone, iBlog","inLanguage":"pl-PL","isPartOf":{"@id":"https:\/\/www.ipod.info.pl\/#website"},"breadcrumb":{"@id":"https:\/\/www.ipod.info.pl\/index.php\/przekaz-wideo-na-zywo-z-dzisiejszej-konferencji-apple\/#breadcrumblist"},"author":{"@id":"https:\/\/www.ipod.info.pl\/index.php\/author\/norbi\/#author"},"creator":{"@id":"https:\/\/www.ipod.info.pl\/index.php\/author\/norbi\/#author"},"datePublished":"2010-09-01T09:41:31+02:00","dateModified":"2010-09-01T09:41:31+02:00"},{"@type":"WebSite","@id":"https:\/\/www.ipod.info.pl\/#website","url":"https:\/\/www.ipod.info.pl\/","name":"iPod.info.pl \u2014 iPod, iPad, iPhone, iBlog","description":"iPod, iPad, iPhone, iPhone 3G, iPhone 3GS, iPhone 4, Apple TV","inLanguage":"pl-PL","publisher":{"@id":"https:\/\/www.ipod.info.pl\/#organization"}}]},"og:locale":"pl_PL","og:site_name":"iPod.info.pl \u2014 iPod, iPad, iPhone, iBlog | iPod, iPad, iPhone, iPhone 3G, iPhone 3GS, iPhone 4, Apple TV","og:type":"article","og:title":"Przekaz wideo na \u017cywo z dzisiejszej konferencji Apple | iPod.info.pl \u2014 iPod, iPad, iPhone, iBlog","og:url":"https:\/\/www.ipod.info.pl\/index.php\/przekaz-wideo-na-zywo-z-dzisiejszej-konferencji-apple\/","article:published_time":"2010-09-01T07:41:31+00:00","article:modified_time":"2010-09-01T07:41:31+00:00","twitter:card":"summary_large_image","twitter:title":"Przekaz wideo na \u017cywo z dzisiejszej konferencji Apple | iPod.info.pl \u2014 iPod, iPad, iPhone, iBlog"},"aioseo_meta_data":{"post_id":"10463","title":null,"description":null,"keywords":null,"keyphrases":null,"primary_term":null,"canonical_url":null,"og_title":null,"og_description":null,"og_object_type":"default","og_image_type":"default","og_image_url":null,"og_image_width":null,"og_image_height":null,"og_image_custom_url":null,"og_image_custom_fields":null,"og_video":null,"og_custom_url":null,"og_article_section":null,"og_article_tags":null,"twitter_use_og":false,"twitter_card":"default","twitter_image_type":"default","twitter_image_url":null,"twitter_image_custom_url":null,"twitter_image_custom_fields":null,"twitter_title":null,"twitter_description":null,"schema":{"blockGraphs":[],"customGraphs":[],"default":{"data":{"Article":[],"Course":[],"Dataset":[],"FAQPage":[],"Movie":[],"Person":[],"Product":[],"ProductReview":[],"Car":[],"Recipe":[],"Service":[],"SoftwareApplication":[],"WebPage":[]},"graphName":"","isEnabled":true},"graphs":[]},"schema_type":"default","schema_type_options":null,"pillar_content":false,"robots_default":true,"robots_noindex":false,"robots_noarchive":false,"robots_nosnippet":false,"robots_nofollow":false,"robots_noimageindex":false,"robots_noodp":false,"robots_notranslate":false,"robots_max_snippet":null,"robots_max_videopreview":null,"robots_max_imagepreview":"large","priority":null,"frequency":null,"local_seo":null,"limit_modified_date":false,"created":"2024-07-03 14:25:11","updated":"2026-08-13 18:47:10","focus_keyword":null,"additional_keywords":null,"truseo_locale":null,"ai":null,"breadcrumb_settings":null,"seo_analyzer_scan_date":null},"aioseo_breadcrumb":"<div class=\"aioseo-breadcrumbs\"><span class=\"aioseo-breadcrumb\">\n\t\t\t<a href=\"https:\/\/www.ipod.info.pl\" title=\"Dom\">Dom<\/a>\n\t\t<\/span><span class=\"aioseo-breadcrumb-separator\">&raquo;<\/span><span class=\"aioseo-breadcrumb\">\n\t\t\t<a href=\"https:\/\/www.ipod.info.pl\/index.php\/category\/ipod\/\" title=\"iPod\">iPod<\/a>\n\t\t<\/span><span class=\"aioseo-breadcrumb-separator\">&raquo;<\/span><span class=\"aioseo-breadcrumb\">\n\t\t\tPrzekaz wideo na \u017cywo z dzisiejszej konferencji Apple\n\t\t<\/span><\/div>","aioseo_breadcrumb_json":[{"label":"Dom","link":"https:\/\/www.ipod.info.pl"},{"label":"iPod","link":"https:\/\/www.ipod.info.pl\/index.php\/category\/ipod\/"},{"label":"Przekaz wideo na \u017cywo z dzisiejszej konferencji Apple","link":"https:\/\/www.ipod.info.pl\/index.php\/przekaz-wideo-na-zywo-z-dzisiejszej-konferencji-apple\/"}],"_links":{"self":[{"href":"https:\/\/www.ipod.info.pl\/index.php\/wp-json\/wp\/v2\/posts\/10463","targetHints":{"allow":["GET"]}}],"collection":[{"href":"https:\/\/www.ipod.info.pl\/index.php\/wp-json\/wp\/v2\/posts"}],"about":[{"href":"https:\/\/www.ipod.info.pl\/index.php\/wp-json\/wp\/v2\/types\/post"}],"author":[{"embeddable":true,"href":"https:\/\/www.ipod.info.pl\/index.php\/wp-json\/wp\/v2\/users\/2"}],"replies":[{"embeddable":true,"href":"https:\/\/www.ipod.info.pl\/index.php\/wp-json\/wp\/v2\/comments?post=10463"}],"version-history":[{"count":2,"href":"https:\/\/www.ipod.info.pl\/index.php\/wp-json\/wp\/v2\/posts\/10463\/revisions"}],"predecessor-version":[{"id":10466,"href":"https:\/\/www.ipod.info.pl\/index.php\/wp-json\/wp\/v2\/posts\/10463\/revisions\/10466"}],"wp:attachment":[{"href":"https:\/\/www.ipod.info.pl\/index.php\/wp-json\/wp\/v2\/media?parent=10463"}],"wp:term":[{"taxonomy":"category","embeddable":true,"href":"https:\/\/www.ipod.info.pl\/index.php\/wp-json\/wp\/v2\/categories?post=10463"},{"taxonomy":"post_tag","embeddable":true,"href":"https:\/\/www.ipod.info.pl\/index.php\/wp-json\/wp\/v2\/tags?post=10463"}],"curies":[{"name":"wp","href":"https:\/\/api.w.org\/{rel}","templated":true}]}}