{"id":10790,"date":"2010-09-30T08:19:58","date_gmt":"2010-09-30T06:19:58","guid":{"rendered":"http:\/\/www.ipod.info.pl\/?p=10790"},"modified":"2010-09-30T10:10:01","modified_gmt":"2010-09-30T08:10:01","slug":"nowe-apple-tv-z-pamiecia-8gb","status":"publish","type":"post","link":"https:\/\/www.ipod.info.pl\/index.php\/nowe-apple-tv-z-pamiecia-8gb\/","title":{"rendered":"Nowe Apple TV z pami\u0119ci\u0105 8GB"},"content":{"rendered":"<p>No prosz\u0119 Appel TV przynosi nam coraz wi\u0119cej\u00a0niespodzianek.<br \/>\nSerwis\u00a0<a href=\"http:\/\/www.ifixit.com\/Teardown\/Apple-TV-2nd-Generation-Teardown\/3625\/1\" target=\"_blank\">www.ifixit.com<\/a> rozebra\u0142 Apple TV na drobne cz\u0119\u015bci i odkry\u0142 naprawd\u0119 ciekawe rzeczy &#8211; samo rozbieranie jest bardzo proste. Nie b\u0119d\u0119 Was trzyma\u0142 w niepewno\u015bci. W\u00a0\u015brodku opr\u00f3cz\u00a0procesora\u00a0A4 identycznego z tym w iPodzie touch oraz iPadzie, pami\u0119ci Ram 256 MB, chipu <a rel=\"nofollow\" href=\"http:\/\/www.broadcom.com\/products\/Bluetooth\/Bluetooth-RF-Silicon-and-Software-Solutions\/BCM4329\">BCM4329XKUBG<\/a> odpowiedzialnego\u00a0za Wi-Fi 802.11n i Bluetooth\u00a0mamy te\u017c\u00a0<strong>pami\u0119\u0107 flash o pojemno\u015bci 8GB<\/strong>, o kt\u00f3rej specyfikacje milcz\u0105. Jest te\u017c miejsce na p\u0142ycie g\u0142\u00f3wnej na instalacj\u0119 kolejnego takiego modu\u0142u.<br \/>\nPami\u0119\u0107 ta mo\u017ce pos\u0142u\u017cy\u0107 ona do instalacji oprogramowania pobranego z AppStore w wersji dla Apple TV. Dla mnie by\u0142o pewne, \u017ce znajdzie si\u0119 jaka\u015b mo\u017cliwo\u015b\u0107 instalacji oprogramowania. Apple tworz\u0105c Apple TV dzia\u0142aj\u0105ce na iOS nie przepu\u015bci\u0142o by takiej mo\u017cliwo\u015bci. Jestem przekonany, \u017ce za p\u00f3\u0142 roku dostaniemy upgrade softu do Apple TV z\u00a0fantastyczn\u0105\u00a0mo\u017cliwo\u015bci\u0105 instalacji oprogramowania.<br \/>\nNa p\u0142ytce znajdziemy te\u017c miejsce po z\u0142\u0105czu docka, samego z\u0142\u0105cza nie ma ale p\u0142ytka jest przystosowana do jego wlutowania. Funkcj\u0119 z\u0142\u0105cza docka przejmuje umieszczone z ty\u0142u z\u0142\u0105cze Micro USB. Co ciekawe Apple TV mo\u017cemy pod\u0142\u0105czy\u0107 przez to z\u0142\u0105cze do komputera i normalnie za pomoc\u0105 iTunes wgra\u0107 soft do niego lub\u00a0zsynchronizowa\u0107.<\/p>\n<p>Czy\u017cby Apple\u00a0przymierza\u0142o\u00a0si\u0119 do zast\u0105pienia z\u0142\u0105cze docka, wymaganym przez EU z\u0142\u0105czem Micro USB?<\/p>\n<p><a href=\"http:\/\/www.ipod.info.pl\/wp-content\/uploads\/2010\/09\/LIJYBIYmU3RNM3jH.huge_.jpeg\"><img loading=\"lazy\" decoding=\"async\" class=\"alignnone size-thumbnail wp-image-10793\" title=\"LIJYBIYmU3RNM3jH.huge\" src=\"http:\/\/www.ipod.info.pl\/wp-content\/uploads\/2010\/09\/LIJYBIYmU3RNM3jH.huge_-120x90.jpg\" alt=\"\" width=\"100\" height=\"80\" \/><\/a><a href=\"http:\/\/www.ipod.info.pl\/wp-content\/uploads\/2010\/09\/f2VNS2UJ3dWQtRBi.huge_.jpeg\"><img loading=\"lazy\" decoding=\"async\" class=\"alignnone size-thumbnail wp-image-10791\" title=\"f2VNS2UJ3dWQtRBi.huge\" src=\"http:\/\/www.ipod.info.pl\/wp-content\/uploads\/2010\/09\/f2VNS2UJ3dWQtRBi.huge_-120x90.jpg\" alt=\"\" width=\"100\" height=\"80\" \/><\/a><a href=\"http:\/\/www.ipod.info.pl\/wp-content\/uploads\/2010\/09\/GyAEfCsoVVLJD3a5.huge_.jpeg\"><img loading=\"lazy\" decoding=\"async\" class=\"alignnone size-thumbnail wp-image-10792\" title=\"Nowe Apple TV z pami\u0119ci\u0105 8GB\" src=\"http:\/\/www.ipod.info.pl\/wp-content\/uploads\/2010\/09\/GyAEfCsoVVLJD3a5.huge_-120x90.jpg\" alt=\"\" width=\"100\" height=\"80\" \/><\/a><a href=\"http:\/\/www.ipod.info.pl\/wp-content\/uploads\/2010\/09\/mlRnLllFpuqSgsGb.jpeg\"><img loading=\"lazy\" decoding=\"async\" class=\"alignnone size-thumbnail wp-image-10794\" title=\"Nowe Apple TV z pami\u0119ci\u0105 8GB\" src=\"http:\/\/www.ipod.info.pl\/wp-content\/uploads\/2010\/09\/mlRnLllFpuqSgsGb-120x89.jpg\" alt=\"\" width=\"100\" height=\"80\" \/><\/a><\/p>\n","protected":false},"excerpt":{"rendered":"<p>No prosz\u0119 Appel TV przynosi nam coraz wi\u0119cej\u00a0niespodzianek. Serwis\u00a0www.ifixit.com rozebra\u0142 Apple TV na drobne cz\u0119\u015bci i odkry\u0142 naprawd\u0119 ciekawe rzeczy &#8211; samo rozbieranie jest bardzo proste. Nie b\u0119d\u0119 Was trzyma\u0142 w niepewno\u015bci. W\u00a0\u015brodku opr\u00f3cz\u00a0procesora\u00a0A4 identycznego z tym w iPodzie touch oraz iPadzie, pami\u0119ci Ram 256 MB, chipu BCM4329XKUBG odpowiedzialnego\u00a0za Wi-Fi 802.11n i Bluetooth\u00a0mamy te\u017c\u00a0pami\u0119\u0107 flash [&hellip;]<\/p>\n","protected":false},"author":2,"featured_media":0,"comment_status":"open","ping_status":"open","sticky":false,"template":"","format":"standard","meta":{"footnotes":""},"categories":[12],"tags":[],"aioseo_notices":[],"_links":{"self":[{"href":"https:\/\/www.ipod.info.pl\/index.php\/wp-json\/wp\/v2\/posts\/10790"}],"collection":[{"href":"https:\/\/www.ipod.info.pl\/index.php\/wp-json\/wp\/v2\/posts"}],"about":[{"href":"https:\/\/www.ipod.info.pl\/index.php\/wp-json\/wp\/v2\/types\/post"}],"author":[{"embeddable":true,"href":"https:\/\/www.ipod.info.pl\/index.php\/wp-json\/wp\/v2\/users\/2"}],"replies":[{"embeddable":true,"href":"https:\/\/www.ipod.info.pl\/index.php\/wp-json\/wp\/v2\/comments?post=10790"}],"version-history":[{"count":7,"href":"https:\/\/www.ipod.info.pl\/index.php\/wp-json\/wp\/v2\/posts\/10790\/revisions"}],"predecessor-version":[{"id":10798,"href":"https:\/\/www.ipod.info.pl\/index.php\/wp-json\/wp\/v2\/posts\/10790\/revisions\/10798"}],"wp:attachment":[{"href":"https:\/\/www.ipod.info.pl\/index.php\/wp-json\/wp\/v2\/media?parent=10790"}],"wp:term":[{"taxonomy":"category","embeddable":true,"href":"https:\/\/www.ipod.info.pl\/index.php\/wp-json\/wp\/v2\/categories?post=10790"},{"taxonomy":"post_tag","embeddable":true,"href":"https:\/\/www.ipod.info.pl\/index.php\/wp-json\/wp\/v2\/tags?post=10790"}],"curies":[{"name":"wp","href":"https:\/\/api.w.org\/{rel}","templated":true}]}}