{"id":10852,"date":"2010-10-08T10:25:14","date_gmt":"2010-10-08T08:25:14","guid":{"rendered":"http:\/\/www.ipod.info.pl\/?p=10852"},"modified":"2010-10-08T10:25:14","modified_gmt":"2010-10-08T08:25:14","slug":"ipad-z-dwoma-zlaczami-dokujacymi","status":"publish","type":"post","link":"https:\/\/www.ipod.info.pl\/index.php\/ipad-z-dwoma-zlaczami-dokujacymi\/","title":{"rendered":"iPad z dwoma z\u0142\u0105czami dokuj\u0105cymi?"},"content":{"rendered":"<p><a href=\"http:\/\/www.ipod.info.pl\/wp-content\/uploads\/2010\/10\/Zrzut-ekranu-2010-10-08-godz.-10.24.40.png\"><img loading=\"lazy\" decoding=\"async\" class=\"alignright size-medium wp-image-10853\" title=\"iPad z dwoma z\u0142\u0105czami dokuj\u0105cymi?\" src=\"http:\/\/www.ipod.info.pl\/wp-content\/uploads\/2010\/10\/Zrzut-ekranu-2010-10-08-godz.-10.24.40-223x300.png\" alt=\"\" width=\"223\" height=\"300\" srcset=\"https:\/\/www.ipod.info.pl\/wp-content\/uploads\/2010\/10\/Zrzut-ekranu-2010-10-08-godz.-10.24.40-223x300.png 223w, https:\/\/www.ipod.info.pl\/wp-content\/uploads\/2010\/10\/Zrzut-ekranu-2010-10-08-godz.-10.24.40-89x120.png 89w, https:\/\/www.ipod.info.pl\/wp-content\/uploads\/2010\/10\/Zrzut-ekranu-2010-10-08-godz.-10.24.40.png 577w\" sizes=\"(max-width: 223px) 100vw, 223px\" \/><\/a>Przyznacie, \u017ce najbardziej w\u00a0u\u017cytkowaniu iPada przeszkadza brak z\u0142\u0105cza docka na\u00a0d\u0142u\u017cszej\u00a0kraw\u0119dzi.\u00a0\u00a0Przez to postawienie go np jako ramki do zdj\u0119\u0107 (kt\u00f3re g\u0142ownie\u00a0wykonujmy\u00a0w poziomie) jest niewygodne bo nie ma go jak \u0142adowa\u0107. \u00a0Bardzo mo\u017cliwe, \u017ce Apple w kolejnej generacji iPada zdecyduje si\u0119 na dwa z\u0142\u0105cza dock, na kr\u00f3tszej i\u00a0d\u0142u\u017cszej\u00a0kraw\u0119dzi. Posiadaniem takiej obudowy chwali si\u0119 serwis\u00a0<a href=\"http:\/\/blog.missionrepair.com\/2010\/10\/07\/ipad-landscape-docking-you-decide\/\" target=\"_blank\">missionrepair.com<\/a>. Wida\u0107 na niej wyra\u017anie oba z\u0142\u0105cza.<\/p>\n<p>Niestety po jako\u015bci zdj\u0119cia\u00a0trudno\u00a0wyrokowa\u0107 czy \u00a0powsta\u0142o w Photoshopie czy mo\u017ce jest prawdziwe. Jedno jest pewne, iPad zdecydowanie powinien mie\u0107 takie z\u0142\u0105cze w przysz\u0142ej generacji.<\/p>\n","protected":false},"excerpt":{"rendered":"<p>Przyznacie, \u017ce najbardziej w\u00a0u\u017cytkowaniu iPada przeszkadza brak z\u0142\u0105cza docka na\u00a0d\u0142u\u017cszej\u00a0kraw\u0119dzi.\u00a0\u00a0Przez to postawienie go np jako ramki do zdj\u0119\u0107 (kt\u00f3re g\u0142ownie\u00a0wykonujmy\u00a0w poziomie) jest niewygodne bo nie ma go jak \u0142adowa\u0107. \u00a0Bardzo mo\u017cliwe, \u017ce Apple w kolejnej generacji iPada zdecyduje si\u0119 na dwa z\u0142\u0105cza dock, na kr\u00f3tszej i\u00a0d\u0142u\u017cszej\u00a0kraw\u0119dzi. Posiadaniem takiej obudowy chwali si\u0119 serwis\u00a0missionrepair.com. Wida\u0107 na niej [&hellip;]<\/p>\n","protected":false},"author":2,"featured_media":0,"comment_status":"open","ping_status":"open","sticky":false,"template":"","format":"standard","meta":{"footnotes":""},"categories":[55],"tags":[],"aioseo_notices":[],"_links":{"self":[{"href":"https:\/\/www.ipod.info.pl\/index.php\/wp-json\/wp\/v2\/posts\/10852"}],"collection":[{"href":"https:\/\/www.ipod.info.pl\/index.php\/wp-json\/wp\/v2\/posts"}],"about":[{"href":"https:\/\/www.ipod.info.pl\/index.php\/wp-json\/wp\/v2\/types\/post"}],"author":[{"embeddable":true,"href":"https:\/\/www.ipod.info.pl\/index.php\/wp-json\/wp\/v2\/users\/2"}],"replies":[{"embeddable":true,"href":"https:\/\/www.ipod.info.pl\/index.php\/wp-json\/wp\/v2\/comments?post=10852"}],"version-history":[{"count":1,"href":"https:\/\/www.ipod.info.pl\/index.php\/wp-json\/wp\/v2\/posts\/10852\/revisions"}],"predecessor-version":[{"id":10854,"href":"https:\/\/www.ipod.info.pl\/index.php\/wp-json\/wp\/v2\/posts\/10852\/revisions\/10854"}],"wp:attachment":[{"href":"https:\/\/www.ipod.info.pl\/index.php\/wp-json\/wp\/v2\/media?parent=10852"}],"wp:term":[{"taxonomy":"category","embeddable":true,"href":"https:\/\/www.ipod.info.pl\/index.php\/wp-json\/wp\/v2\/categories?post=10852"},{"taxonomy":"post_tag","embeddable":true,"href":"https:\/\/www.ipod.info.pl\/index.php\/wp-json\/wp\/v2\/tags?post=10852"}],"curies":[{"name":"wp","href":"https:\/\/api.w.org\/{rel}","templated":true}]}}