{"id":11300,"date":"2010-11-27T19:02:49","date_gmt":"2010-11-27T18:02:49","guid":{"rendered":"http:\/\/www.ipod.info.pl\/index.php\/ipad-od-wtorku-oficjalnie-w-polscr\/"},"modified":"2010-11-27T19:13:12","modified_gmt":"2010-11-27T18:13:12","slug":"ipad-od-wtorku-oficjalnie-w-polscr","status":"publish","type":"post","link":"https:\/\/www.ipod.info.pl\/index.php\/ipad-od-wtorku-oficjalnie-w-polscr\/","title":{"rendered":"iPad od wtorku oficjalnie w Polsce"},"content":{"rendered":"<p><a href=\"http:\/\/www.ipod.info.pl\/wp-content\/uploads\/2010\/11\/ipad_w_polsce.png\"><img loading=\"lazy\" decoding=\"async\" class=\"alignright size-medium wp-image-11303\" title=\"ipad_w_polsce\" src=\"http:\/\/www.ipod.info.pl\/wp-content\/uploads\/2010\/11\/ipad_w_polsce-264x300.png\" alt=\"\" width=\"264\" height=\"300\" srcset=\"https:\/\/www.ipod.info.pl\/wp-content\/uploads\/2010\/11\/ipad_w_polsce-264x300.png 264w, https:\/\/www.ipod.info.pl\/wp-content\/uploads\/2010\/11\/ipad_w_polsce-105x120.png 105w, https:\/\/www.ipod.info.pl\/wp-content\/uploads\/2010\/11\/ipad_w_polsce.png 505w\" sizes=\"(max-width: 264px) 100vw, 264px\" \/><\/a>Pawe\u0142 na <a href=\"http:\/\/www.playr.pl\/\" target=\"_blank\">www.playr.pl<\/a> publikuje ciekaw\u0105 reklam\u0119 jednoznacznie pokazuj\u0105ca, ze od tego wtorku iPad b\u0119dzie oficjalnie w Polsce.\u00a0Premiera by\u0142a ju\u017c raz prze\u0142o\u017cona z powodu problem\u00f3w Apple z wydaniem iOS 4.2, kt\u00f3ry przynosi wsparcie dla Polskiego j\u0119zyka.<\/p>\n<p>Wiem, ze polski dystrybutor Apple ma du\u017ce oczekiwania sprzedazowe, ale obawiam si\u0119, \u017ce ju\u017c za p\u00f3\u017ano.<\/p>\n","protected":false},"excerpt":{"rendered":"<p>Pawe\u0142 na www.playr.pl publikuje ciekaw\u0105 reklam\u0119 jednoznacznie pokazuj\u0105ca, ze od tego wtorku iPad b\u0119dzie oficjalnie w Polsce.\u00a0Premiera by\u0142a ju\u017c raz prze\u0142o\u017cona z powodu problem\u00f3w Apple z wydaniem iOS 4.2, kt\u00f3ry przynosi wsparcie dla Polskiego j\u0119zyka. Wiem, ze polski dystrybutor Apple ma du\u017ce oczekiwania sprzedazowe, ale obawiam si\u0119, \u017ce ju\u017c za p\u00f3\u017ano.<\/p>\n","protected":false},"author":2,"featured_media":0,"comment_status":"open","ping_status":"open","sticky":false,"template":"","format":"standard","meta":{"footnotes":""},"categories":[55],"tags":[],"aioseo_notices":[],"_links":{"self":[{"href":"https:\/\/www.ipod.info.pl\/index.php\/wp-json\/wp\/v2\/posts\/11300"}],"collection":[{"href":"https:\/\/www.ipod.info.pl\/index.php\/wp-json\/wp\/v2\/posts"}],"about":[{"href":"https:\/\/www.ipod.info.pl\/index.php\/wp-json\/wp\/v2\/types\/post"}],"author":[{"embeddable":true,"href":"https:\/\/www.ipod.info.pl\/index.php\/wp-json\/wp\/v2\/users\/2"}],"replies":[{"embeddable":true,"href":"https:\/\/www.ipod.info.pl\/index.php\/wp-json\/wp\/v2\/comments?post=11300"}],"version-history":[{"count":3,"href":"https:\/\/www.ipod.info.pl\/index.php\/wp-json\/wp\/v2\/posts\/11300\/revisions"}],"predecessor-version":[{"id":11301,"href":"https:\/\/www.ipod.info.pl\/index.php\/wp-json\/wp\/v2\/posts\/11300\/revisions\/11301"}],"wp:attachment":[{"href":"https:\/\/www.ipod.info.pl\/index.php\/wp-json\/wp\/v2\/media?parent=11300"}],"wp:term":[{"taxonomy":"category","embeddable":true,"href":"https:\/\/www.ipod.info.pl\/index.php\/wp-json\/wp\/v2\/categories?post=11300"},{"taxonomy":"post_tag","embeddable":true,"href":"https:\/\/www.ipod.info.pl\/index.php\/wp-json\/wp\/v2\/tags?post=11300"}],"curies":[{"name":"wp","href":"https:\/\/api.w.org\/{rel}","templated":true}]}}