{"id":11511,"date":"2010-12-23T12:05:03","date_gmt":"2010-12-23T11:05:03","guid":{"rendered":"http:\/\/www.ipod.info.pl\/?p=11511"},"modified":"2010-12-23T12:11:01","modified_gmt":"2010-12-23T11:11:01","slug":"ipad-2-mniejszy-i-z-wiekszym-glosnikiem","status":"publish","type":"post","link":"https:\/\/www.ipod.info.pl\/index.php\/ipad-2-mniejszy-i-z-wiekszym-glosnikiem\/","title":{"rendered":"iPad 2 &#8211; mniejszy i z wi\u0119kszym g\u0142o\u015bnikiem?"},"content":{"rendered":"<p><a href=\"http:\/\/www.ipod.info.pl\/wp-content\/uploads\/2010\/12\/iPad_2.png\"><img loading=\"lazy\" decoding=\"async\" class=\"alignright size-medium wp-image-11520\" title=\"iPad 2 - mniejszy i z wi\u0119kszym g\u0142o\u015bnikiem?\" src=\"http:\/\/www.ipod.info.pl\/wp-content\/uploads\/2010\/12\/iPad_2-300x245.png\" alt=\"\" width=\"300\" height=\"245\" srcset=\"https:\/\/www.ipod.info.pl\/wp-content\/uploads\/2010\/12\/iPad_2-300x245.png 300w, https:\/\/www.ipod.info.pl\/wp-content\/uploads\/2010\/12\/iPad_2-120x98.png 120w, https:\/\/www.ipod.info.pl\/wp-content\/uploads\/2010\/12\/iPad_2.png 499w\" sizes=\"auto, (max-width: 300px) 100vw, 300px\" \/><\/a>Pami\u0119tacie <a href=\"http:\/\/www.ipod.info.pl\/index.php\/ipad-2-z-tylna-kamera-i-czytnikiem-sd\/\">obudowy na iPada 2<\/a>, kt\u00f3re pokazywa\u0142em jaki\u015b czas temu?<br \/>\nMia\u0142y one z ty\u0142y wyci\u0119cie zrobione, jak podejrzewa\u0142em na z\u0142\u0105cze kart SD. Dzi\u015b na <a href=\"http:\/\/www.macotakara.jp\/blog\/index.php?ID=10849\" target=\"_blank\">japo\u0144skim blogu<\/a> pojawi\u0142o si\u0119 dziwne zdj\u0119cie\u00a0pokazuj\u0105ce\u00a0podobno cze\u015b\u0107 iPada 2. W miejscu gdzie jest, w pokazanych kiedy\u015b obudowach to wyci\u0119cie jest na tym zdj\u0119ciu maskownica bardzo du\u017cego g\u0142o\u015bnika. W\u0142a\u015bciciel bloga twierdzi, \u017ce to w\u0142a\u015bnie tak b\u0119dzie wygl\u0105da\u0142 ty\u0142 nowego iPada. Podaje te\u017c jeszcze kilka informacji. Nowy iPad 2 ma by\u0107 mniejszy od obecnego modelu, nie b\u0119dzie mia\u0142 jednak mniejszego ekranu, a jedynie mniejsz\u0105 ramk\u0119 woko\u0142o. Wymiary nowej wersji do podobno\u00a0<span><span>239 mm na 186 mm w por\u00f3wnaniu do obecnego modelu kt\u00f3ry ma rozmiar 242,8 mm x 189,7 mm.<\/span> Zmieni\u0107 maj\u0105 si\u0119 te\u017c &#8222;plecy&#8221;, kt\u00f3re w iPadzie 2 maj\u0105 by\u0107 p\u0142askie jak w iPodzie touch.<br \/>\n<\/span><br \/>\nPrzyznajcie wszystko to brzmi bardzo prawdopodobnie&#8230;.<\/p>\n","protected":false},"excerpt":{"rendered":"<p>Pami\u0119tacie obudowy na iPada 2, kt\u00f3re pokazywa\u0142em jaki\u015b czas temu? Mia\u0142y one z ty\u0142y wyci\u0119cie zrobione, jak podejrzewa\u0142em na z\u0142\u0105cze kart SD. Dzi\u015b na japo\u0144skim blogu pojawi\u0142o si\u0119 dziwne zdj\u0119cie\u00a0pokazuj\u0105ce\u00a0podobno cze\u015b\u0107 iPada 2. W miejscu gdzie jest, w pokazanych kiedy\u015b obudowach to wyci\u0119cie jest na tym zdj\u0119ciu maskownica bardzo du\u017cego g\u0142o\u015bnika. W\u0142a\u015bciciel bloga twierdzi, \u017ce [&hellip;]<\/p>\n","protected":false},"author":2,"featured_media":0,"comment_status":"open","ping_status":"open","sticky":false,"template":"","format":"standard","meta":{"footnotes":""},"categories":[55,69],"tags":[],"class_list":["post-11511","post","type-post","status-publish","format-standard","hentry","category-ipad1g","category-ipad-2"],"aioseo_notices":[],"aioseo_head":"\n\t\t<!-- All in One SEO 5.0.0.1 - aioseo.com -->\n\t<meta name=\"robots\" content=\"max-image-preview:large\" \/>\n\t<meta name=\"author\" content=\"norbi\"\/>\n\t<link rel=\"canonical\" href=\"https:\/\/www.ipod.info.pl\/index.php\/ipad-2-mniejszy-i-z-wiekszym-glosnikiem\/\" \/>\n\t<meta name=\"generator\" content=\"All in One SEO (AIOSEO) 5.0.0.1\" \/>\n\t\t<meta property=\"og:locale\" content=\"pl_PL\" \/>\n\t\t<meta property=\"og:site_name\" content=\"iPod.info.pl \u2014 iPod, iPad, iPhone, iBlog | iPod, iPad, iPhone, iPhone 3G, iPhone 3GS, iPhone 4, Apple TV\" \/>\n\t\t<meta property=\"og:type\" content=\"article\" \/>\n\t\t<meta property=\"og:title\" content=\"iPad 2 \u2013 mniejszy i z wi\u0119kszym g\u0142o\u015bnikiem? | iPod.info.pl \u2014 iPod, iPad, iPhone, iBlog\" \/>\n\t\t<meta property=\"og:url\" content=\"https:\/\/www.ipod.info.pl\/index.php\/ipad-2-mniejszy-i-z-wiekszym-glosnikiem\/\" \/>\n\t\t<meta property=\"article:published_time\" content=\"2010-12-23T11:05:03+00:00\" \/>\n\t\t<meta property=\"article:modified_time\" content=\"2010-12-23T11:11:01+00:00\" \/>\n\t\t<meta name=\"twitter:card\" content=\"summary_large_image\" \/>\n\t\t<meta name=\"twitter:title\" content=\"iPad 2 \u2013 mniejszy i z wi\u0119kszym g\u0142o\u015bnikiem? | iPod.info.pl \u2014 iPod, iPad, iPhone, iBlog\" \/>\n\t\t<script type=\"application\/ld+json\" class=\"aioseo-schema\">\n\t\t\t{\"@context\":\"https:\\\/\\\/schema.org\",\"@graph\":[{\"@type\":\"Article\",\"@id\":\"https:\\\/\\\/www.ipod.info.pl\\\/index.php\\\/ipad-2-mniejszy-i-z-wiekszym-glosnikiem\\\/#article\",\"name\":\"iPad 2 \\u2013 mniejszy i z wi\\u0119kszym g\\u0142o\\u015bnikiem? | iPod.info.pl \\u2014 iPod, iPad, iPhone, iBlog\",\"headline\":\"iPad 2 &#8211; mniejszy i z wi\\u0119kszym g\\u0142o\\u015bnikiem?\",\"author\":{\"@id\":\"https:\\\/\\\/www.ipod.info.pl\\\/index.php\\\/author\\\/norbi\\\/#author\"},\"publisher\":{\"@id\":\"https:\\\/\\\/www.ipod.info.pl\\\/#organization\"},\"image\":{\"@type\":\"ImageObject\",\"url\":\"https:\\\/\\\/www.ipod.info.pl\\\/wp-content\\\/uploads\\\/2010\\\/12\\\/iPad_2.png\",\"@id\":\"https:\\\/\\\/www.ipod.info.pl\\\/index.php\\\/ipad-2-mniejszy-i-z-wiekszym-glosnikiem\\\/#articleImage\",\"width\":499,\"height\":409},\"datePublished\":\"2010-12-23T12:05:03+02:00\",\"dateModified\":\"2010-12-23T12:11:01+02:00\",\"inLanguage\":\"pl-PL\",\"commentCount\":14,\"mainEntityOfPage\":{\"@id\":\"https:\\\/\\\/www.ipod.info.pl\\\/index.php\\\/ipad-2-mniejszy-i-z-wiekszym-glosnikiem\\\/#webpage\"},\"isPartOf\":{\"@id\":\"https:\\\/\\\/www.ipod.info.pl\\\/index.php\\\/ipad-2-mniejszy-i-z-wiekszym-glosnikiem\\\/#webpage\"},\"articleSection\":\"iPad, iPad 2 (2G)\"},{\"@type\":\"BreadcrumbList\",\"@id\":\"https:\\\/\\\/www.ipod.info.pl\\\/index.php\\\/ipad-2-mniejszy-i-z-wiekszym-glosnikiem\\\/#breadcrumblist\",\"itemListElement\":[{\"@type\":\"ListItem\",\"@id\":\"https:\\\/\\\/www.ipod.info.pl#listItem\",\"position\":1,\"name\":\"Dom\",\"item\":\"https:\\\/\\\/www.ipod.info.pl\",\"nextItem\":{\"@type\":\"ListItem\",\"@id\":\"https:\\\/\\\/www.ipod.info.pl\\\/index.php\\\/category\\\/ipad1g\\\/#listItem\",\"name\":\"iPad\"}},{\"@type\":\"ListItem\",\"@id\":\"https:\\\/\\\/www.ipod.info.pl\\\/index.php\\\/category\\\/ipad1g\\\/#listItem\",\"position\":2,\"name\":\"iPad\",\"item\":\"https:\\\/\\\/www.ipod.info.pl\\\/index.php\\\/category\\\/ipad1g\\\/\",\"nextItem\":{\"@type\":\"ListItem\",\"@id\":\"https:\\\/\\\/www.ipod.info.pl\\\/index.php\\\/ipad-2-mniejszy-i-z-wiekszym-glosnikiem\\\/#listItem\",\"name\":\"iPad 2 &#8211; mniejszy i z wi\\u0119kszym g\\u0142o\\u015bnikiem?\"},\"previousItem\":{\"@type\":\"ListItem\",\"@id\":\"https:\\\/\\\/www.ipod.info.pl#listItem\",\"name\":\"Dom\"}},{\"@type\":\"ListItem\",\"@id\":\"https:\\\/\\\/www.ipod.info.pl\\\/index.php\\\/ipad-2-mniejszy-i-z-wiekszym-glosnikiem\\\/#listItem\",\"position\":3,\"name\":\"iPad 2 &#8211; mniejszy i z wi\\u0119kszym g\\u0142o\\u015bnikiem?\",\"previousItem\":{\"@type\":\"ListItem\",\"@id\":\"https:\\\/\\\/www.ipod.info.pl\\\/index.php\\\/category\\\/ipad1g\\\/#listItem\",\"name\":\"iPad\"}}]},{\"@type\":\"Organization\",\"@id\":\"https:\\\/\\\/www.ipod.info.pl\\\/#organization\",\"name\":\"iPod.info.pl \\u2014 iPod, iPad, iPhone, iBlog\",\"description\":\"iPod, iPad, iPhone, iPhone 3G, iPhone 3GS, iPhone 4, Apple TV\",\"url\":\"https:\\\/\\\/www.ipod.info.pl\\\/\"},{\"@type\":\"Person\",\"@id\":\"https:\\\/\\\/www.ipod.info.pl\\\/index.php\\\/author\\\/norbi\\\/#author\",\"url\":\"https:\\\/\\\/www.ipod.info.pl\\\/index.php\\\/author\\\/norbi\\\/\",\"name\":\"norbi\"},{\"@type\":\"WebPage\",\"@id\":\"https:\\\/\\\/www.ipod.info.pl\\\/index.php\\\/ipad-2-mniejszy-i-z-wiekszym-glosnikiem\\\/#webpage\",\"url\":\"https:\\\/\\\/www.ipod.info.pl\\\/index.php\\\/ipad-2-mniejszy-i-z-wiekszym-glosnikiem\\\/\",\"name\":\"iPad 2 \\u2013 mniejszy i z wi\\u0119kszym g\\u0142o\\u015bnikiem? | iPod.info.pl \\u2014 iPod, iPad, iPhone, iBlog\",\"inLanguage\":\"pl-PL\",\"isPartOf\":{\"@id\":\"https:\\\/\\\/www.ipod.info.pl\\\/#website\"},\"breadcrumb\":{\"@id\":\"https:\\\/\\\/www.ipod.info.pl\\\/index.php\\\/ipad-2-mniejszy-i-z-wiekszym-glosnikiem\\\/#breadcrumblist\"},\"author\":{\"@id\":\"https:\\\/\\\/www.ipod.info.pl\\\/index.php\\\/author\\\/norbi\\\/#author\"},\"creator\":{\"@id\":\"https:\\\/\\\/www.ipod.info.pl\\\/index.php\\\/author\\\/norbi\\\/#author\"},\"datePublished\":\"2010-12-23T12:05:03+02:00\",\"dateModified\":\"2010-12-23T12:11:01+02:00\"},{\"@type\":\"WebSite\",\"@id\":\"https:\\\/\\\/www.ipod.info.pl\\\/#website\",\"url\":\"https:\\\/\\\/www.ipod.info.pl\\\/\",\"name\":\"iPod.info.pl \\u2014 iPod, iPad, iPhone, iBlog\",\"description\":\"iPod, iPad, iPhone, iPhone 3G, iPhone 3GS, iPhone 4, Apple TV\",\"inLanguage\":\"pl-PL\",\"publisher\":{\"@id\":\"https:\\\/\\\/www.ipod.info.pl\\\/#organization\"}}]}\n\t\t<\/script>\n\t\t<!-- All in One SEO -->\n\n","aioseo_head_json":{"title":"iPad 2 \u2013 mniejszy i z wi\u0119kszym g\u0142o\u015bnikiem? | iPod.info.pl \u2014 iPod, iPad, iPhone, iBlog","description":"","canonical_url":"https:\/\/www.ipod.info.pl\/index.php\/ipad-2-mniejszy-i-z-wiekszym-glosnikiem\/","robots":"max-image-preview:large","keywords":"","webmasterTools":{"miscellaneous":""},"schema":{"@context":"https:\/\/schema.org","@graph":[{"@type":"Article","@id":"https:\/\/www.ipod.info.pl\/index.php\/ipad-2-mniejszy-i-z-wiekszym-glosnikiem\/#article","name":"iPad 2 \u2013 mniejszy i z wi\u0119kszym g\u0142o\u015bnikiem? | iPod.info.pl \u2014 iPod, iPad, iPhone, iBlog","headline":"iPad 2 &#8211; mniejszy i z wi\u0119kszym g\u0142o\u015bnikiem?","author":{"@id":"https:\/\/www.ipod.info.pl\/index.php\/author\/norbi\/#author"},"publisher":{"@id":"https:\/\/www.ipod.info.pl\/#organization"},"image":{"@type":"ImageObject","url":"https:\/\/www.ipod.info.pl\/wp-content\/uploads\/2010\/12\/iPad_2.png","@id":"https:\/\/www.ipod.info.pl\/index.php\/ipad-2-mniejszy-i-z-wiekszym-glosnikiem\/#articleImage","width":499,"height":409},"datePublished":"2010-12-23T12:05:03+02:00","dateModified":"2010-12-23T12:11:01+02:00","inLanguage":"pl-PL","commentCount":14,"mainEntityOfPage":{"@id":"https:\/\/www.ipod.info.pl\/index.php\/ipad-2-mniejszy-i-z-wiekszym-glosnikiem\/#webpage"},"isPartOf":{"@id":"https:\/\/www.ipod.info.pl\/index.php\/ipad-2-mniejszy-i-z-wiekszym-glosnikiem\/#webpage"},"articleSection":"iPad, iPad 2 (2G)"},{"@type":"BreadcrumbList","@id":"https:\/\/www.ipod.info.pl\/index.php\/ipad-2-mniejszy-i-z-wiekszym-glosnikiem\/#breadcrumblist","itemListElement":[{"@type":"ListItem","@id":"https:\/\/www.ipod.info.pl#listItem","position":1,"name":"Dom","item":"https:\/\/www.ipod.info.pl","nextItem":{"@type":"ListItem","@id":"https:\/\/www.ipod.info.pl\/index.php\/category\/ipad1g\/#listItem","name":"iPad"}},{"@type":"ListItem","@id":"https:\/\/www.ipod.info.pl\/index.php\/category\/ipad1g\/#listItem","position":2,"name":"iPad","item":"https:\/\/www.ipod.info.pl\/index.php\/category\/ipad1g\/","nextItem":{"@type":"ListItem","@id":"https:\/\/www.ipod.info.pl\/index.php\/ipad-2-mniejszy-i-z-wiekszym-glosnikiem\/#listItem","name":"iPad 2 &#8211; mniejszy i z wi\u0119kszym g\u0142o\u015bnikiem?"},"previousItem":{"@type":"ListItem","@id":"https:\/\/www.ipod.info.pl#listItem","name":"Dom"}},{"@type":"ListItem","@id":"https:\/\/www.ipod.info.pl\/index.php\/ipad-2-mniejszy-i-z-wiekszym-glosnikiem\/#listItem","position":3,"name":"iPad 2 &#8211; mniejszy i z wi\u0119kszym g\u0142o\u015bnikiem?","previousItem":{"@type":"ListItem","@id":"https:\/\/www.ipod.info.pl\/index.php\/category\/ipad1g\/#listItem","name":"iPad"}}]},{"@type":"Organization","@id":"https:\/\/www.ipod.info.pl\/#organization","name":"iPod.info.pl \u2014 iPod, iPad, iPhone, iBlog","description":"iPod, iPad, iPhone, iPhone 3G, iPhone 3GS, iPhone 4, Apple TV","url":"https:\/\/www.ipod.info.pl\/"},{"@type":"Person","@id":"https:\/\/www.ipod.info.pl\/index.php\/author\/norbi\/#author","url":"https:\/\/www.ipod.info.pl\/index.php\/author\/norbi\/","name":"norbi"},{"@type":"WebPage","@id":"https:\/\/www.ipod.info.pl\/index.php\/ipad-2-mniejszy-i-z-wiekszym-glosnikiem\/#webpage","url":"https:\/\/www.ipod.info.pl\/index.php\/ipad-2-mniejszy-i-z-wiekszym-glosnikiem\/","name":"iPad 2 \u2013 mniejszy i z wi\u0119kszym g\u0142o\u015bnikiem? | iPod.info.pl \u2014 iPod, iPad, iPhone, iBlog","inLanguage":"pl-PL","isPartOf":{"@id":"https:\/\/www.ipod.info.pl\/#website"},"breadcrumb":{"@id":"https:\/\/www.ipod.info.pl\/index.php\/ipad-2-mniejszy-i-z-wiekszym-glosnikiem\/#breadcrumblist"},"author":{"@id":"https:\/\/www.ipod.info.pl\/index.php\/author\/norbi\/#author"},"creator":{"@id":"https:\/\/www.ipod.info.pl\/index.php\/author\/norbi\/#author"},"datePublished":"2010-12-23T12:05:03+02:00","dateModified":"2010-12-23T12:11:01+02:00"},{"@type":"WebSite","@id":"https:\/\/www.ipod.info.pl\/#website","url":"https:\/\/www.ipod.info.pl\/","name":"iPod.info.pl \u2014 iPod, iPad, iPhone, iBlog","description":"iPod, iPad, iPhone, iPhone 3G, iPhone 3GS, iPhone 4, Apple TV","inLanguage":"pl-PL","publisher":{"@id":"https:\/\/www.ipod.info.pl\/#organization"}}]},"og:locale":"pl_PL","og:site_name":"iPod.info.pl \u2014 iPod, iPad, iPhone, iBlog | iPod, iPad, iPhone, iPhone 3G, iPhone 3GS, iPhone 4, Apple TV","og:type":"article","og:title":"iPad 2 \u2013 mniejszy i z wi\u0119kszym g\u0142o\u015bnikiem? | iPod.info.pl \u2014 iPod, iPad, iPhone, iBlog","og:url":"https:\/\/www.ipod.info.pl\/index.php\/ipad-2-mniejszy-i-z-wiekszym-glosnikiem\/","article:published_time":"2010-12-23T11:05:03+00:00","article:modified_time":"2010-12-23T11:11:01+00:00","twitter:card":"summary_large_image","twitter:title":"iPad 2 \u2013 mniejszy i z wi\u0119kszym g\u0142o\u015bnikiem? | iPod.info.pl \u2014 iPod, iPad, iPhone, iBlog"},"aioseo_meta_data":{"post_id":"11511","title":null,"description":null,"keywords":null,"keyphrases":null,"primary_term":null,"canonical_url":null,"og_title":null,"og_description":null,"og_object_type":"default","og_image_type":"default","og_image_url":null,"og_image_width":null,"og_image_height":null,"og_image_custom_url":null,"og_image_custom_fields":null,"og_video":null,"og_custom_url":null,"og_article_section":null,"og_article_tags":null,"twitter_use_og":false,"twitter_card":"default","twitter_image_type":"default","twitter_image_url":null,"twitter_image_custom_url":null,"twitter_image_custom_fields":null,"twitter_title":null,"twitter_description":null,"schema":{"blockGraphs":[],"customGraphs":[],"default":{"data":{"Article":[],"Course":[],"Dataset":[],"FAQPage":[],"Movie":[],"Person":[],"Product":[],"ProductReview":[],"Car":[],"Recipe":[],"Service":[],"SoftwareApplication":[],"WebPage":[]},"graphName":"","isEnabled":true},"graphs":[]},"schema_type":"default","schema_type_options":null,"pillar_content":false,"robots_default":true,"robots_noindex":false,"robots_noarchive":false,"robots_nosnippet":false,"robots_nofollow":false,"robots_noimageindex":false,"robots_noodp":false,"robots_notranslate":false,"robots_max_snippet":null,"robots_max_videopreview":null,"robots_max_imagepreview":"large","priority":null,"frequency":null,"local_seo":null,"limit_modified_date":false,"created":"2024-07-03 14:16:16","updated":"2026-08-13 19:17:59","focus_keyword":null,"additional_keywords":null,"truseo_locale":null,"ai":null,"breadcrumb_settings":null,"seo_analyzer_scan_date":null},"aioseo_breadcrumb":"<div class=\"aioseo-breadcrumbs\"><span class=\"aioseo-breadcrumb\">\n\t\t\t<a href=\"https:\/\/www.ipod.info.pl\" title=\"Dom\">Dom<\/a>\n\t\t<\/span><span class=\"aioseo-breadcrumb-separator\">&raquo;<\/span><span class=\"aioseo-breadcrumb\">\n\t\t\t<a href=\"https:\/\/www.ipod.info.pl\/index.php\/category\/ipad1g\/\" title=\"iPad\">iPad<\/a>\n\t\t<\/span><span class=\"aioseo-breadcrumb-separator\">&raquo;<\/span><span class=\"aioseo-breadcrumb\">\n\t\t\tiPad 2 \u2013 mniejszy i z wi\u0119kszym g\u0142o\u015bnikiem?\n\t\t<\/span><\/div>","aioseo_breadcrumb_json":[{"label":"Dom","link":"https:\/\/www.ipod.info.pl"},{"label":"iPad","link":"https:\/\/www.ipod.info.pl\/index.php\/category\/ipad1g\/"},{"label":"iPad 2 &#8211; mniejszy i z wi\u0119kszym g\u0142o\u015bnikiem?","link":"https:\/\/www.ipod.info.pl\/index.php\/ipad-2-mniejszy-i-z-wiekszym-glosnikiem\/"}],"_links":{"self":[{"href":"https:\/\/www.ipod.info.pl\/index.php\/wp-json\/wp\/v2\/posts\/11511","targetHints":{"allow":["GET"]}}],"collection":[{"href":"https:\/\/www.ipod.info.pl\/index.php\/wp-json\/wp\/v2\/posts"}],"about":[{"href":"https:\/\/www.ipod.info.pl\/index.php\/wp-json\/wp\/v2\/types\/post"}],"author":[{"embeddable":true,"href":"https:\/\/www.ipod.info.pl\/index.php\/wp-json\/wp\/v2\/users\/2"}],"replies":[{"embeddable":true,"href":"https:\/\/www.ipod.info.pl\/index.php\/wp-json\/wp\/v2\/comments?post=11511"}],"version-history":[{"count":7,"href":"https:\/\/www.ipod.info.pl\/index.php\/wp-json\/wp\/v2\/posts\/11511\/revisions"}],"predecessor-version":[{"id":11521,"href":"https:\/\/www.ipod.info.pl\/index.php\/wp-json\/wp\/v2\/posts\/11511\/revisions\/11521"}],"wp:attachment":[{"href":"https:\/\/www.ipod.info.pl\/index.php\/wp-json\/wp\/v2\/media?parent=11511"}],"wp:term":[{"taxonomy":"category","embeddable":true,"href":"https:\/\/www.ipod.info.pl\/index.php\/wp-json\/wp\/v2\/categories?post=11511"},{"taxonomy":"post_tag","embeddable":true,"href":"https:\/\/www.ipod.info.pl\/index.php\/wp-json\/wp\/v2\/tags?post=11511"}],"curies":[{"name":"wp","href":"https:\/\/api.w.org\/{rel}","templated":true}]}}