{"id":11626,"date":"2011-01-08T12:38:13","date_gmt":"2011-01-08T11:38:13","guid":{"rendered":"http:\/\/www.ipod.info.pl\/?p=11626"},"modified":"2011-01-08T12:38:13","modified_gmt":"2011-01-08T11:38:13","slug":"nowy-iphone-juz-we-wtorek","status":"publish","type":"post","link":"https:\/\/www.ipod.info.pl\/index.php\/nowy-iphone-juz-we-wtorek\/","title":{"rendered":"Nowy iPhone ju\u017c we wtorek?"},"content":{"rendered":"<p><a href=\"http:\/\/www.ipod.info.pl\/wp-content\/uploads\/2011\/01\/46524.jpeg\"><img loading=\"lazy\" decoding=\"async\" class=\"alignright size-medium wp-image-11627\" title=\"Nowy iPhone ju\u017c we wtorek?\" src=\"http:\/\/www.ipod.info.pl\/wp-content\/uploads\/2011\/01\/46524-200x300.jpg\" alt=\"\" width=\"200\" height=\"300\" srcset=\"https:\/\/www.ipod.info.pl\/wp-content\/uploads\/2011\/01\/46524-200x300.jpg 200w, https:\/\/www.ipod.info.pl\/wp-content\/uploads\/2011\/01\/46524-80x120.jpg 80w, https:\/\/www.ipod.info.pl\/wp-content\/uploads\/2011\/01\/46524.jpeg 466w\" sizes=\"auto, (max-width: 200px) 100vw, 200px\" \/><\/a>Wszystko wskazuje, \u017ce ju\u017c we wtorek zobaczymy nowego iPhone.<br \/>\nAmeryka\u0144ska sie\u0107 kom\u00f3rkowa Verizon wysy\u0142a\u0142a zaproszenia na specjaln\u0105 konferencj\u0119 prasow\u0105, kt\u00f3ra odb\u0119dzie si\u0119 we wtorek, 11 stycznia w Nowym Jorku o godzinie 11 czasu lokalnego (17 naszego). Wszyscy spekuluj\u0105, \u017ce na tej konferencji zostanie pokazany iPhone w wersji dla systemu <a href=\"http:\/\/pl.wikipedia.org\/wiki\/CDMA\" target=\"_blank\">CDMA<\/a> w kt\u00f3rym to dzia\u0142a ta sie\u0107. Prawdopodobnie to w\u0142a\u015bnie od tego telefonu\u00a0cz\u0119\u015bci\u00a0<a href=\"http:\/\/www.ipod.info.pl\/index.php\/czy-to-ramka-od-iphone-5\/\" target=\"_self\">widzieli\u015bmy kilka dni temu na filmie<\/a>.<\/p>\n<p>Nawet je\u015bli faktycznie chodzi o jak\u0105\u015b wersj\u0119 iPhone to raczej b\u0119dzie to ma\u0142o interesuj\u0105ce dla nas wydarzenie. Sieci w standardzie CDMA nie istniej\u0105 ani w Polsce, ani nawet w Europie. Wi\u0119c taki iPhone to b\u0119dzie raczej z naszego punktu widzenia, jedynie egzemplarz kolekcjonerski. No chyba, \u017ce b\u0119dzie\u00a0dwusystemowy, a jego konstrukcja b\u0119dzie zapowiada\u0142a to co zobaczymy w iPhone 5 dla naszych sieci GSM.<\/p>\n","protected":false},"excerpt":{"rendered":"<p>Wszystko wskazuje, \u017ce ju\u017c we wtorek zobaczymy nowego iPhone. Ameryka\u0144ska sie\u0107 kom\u00f3rkowa Verizon wysy\u0142a\u0142a zaproszenia na specjaln\u0105 konferencj\u0119 prasow\u0105, kt\u00f3ra odb\u0119dzie si\u0119 we wtorek, 11 stycznia w Nowym Jorku o godzinie 11 czasu lokalnego (17 naszego). Wszyscy spekuluj\u0105, \u017ce na tej konferencji zostanie pokazany iPhone w wersji dla systemu CDMA w kt\u00f3rym to dzia\u0142a ta [&hellip;]<\/p>\n","protected":false},"author":2,"featured_media":0,"comment_status":"open","ping_status":"open","sticky":false,"template":"","format":"standard","meta":{"footnotes":""},"categories":[16,63],"tags":[],"class_list":["post-11626","post","type-post","status-publish","format-standard","hentry","category-iphone","category-iphone-4s"],"aioseo_notices":[],"aioseo_head":"\n\t\t<!-- All in One SEO 5.0.0.1 - aioseo.com -->\n\t<meta name=\"robots\" content=\"max-image-preview:large\" \/>\n\t<meta name=\"author\" content=\"norbi\"\/>\n\t<link rel=\"canonical\" href=\"https:\/\/www.ipod.info.pl\/index.php\/nowy-iphone-juz-we-wtorek\/\" \/>\n\t<meta name=\"generator\" content=\"All in One SEO (AIOSEO) 5.0.0.1\" \/>\n\t\t<meta property=\"og:locale\" content=\"pl_PL\" \/>\n\t\t<meta property=\"og:site_name\" content=\"iPod.info.pl \u2014 iPod, iPad, iPhone, iBlog | iPod, iPad, iPhone, iPhone 3G, iPhone 3GS, iPhone 4, Apple TV\" \/>\n\t\t<meta property=\"og:type\" content=\"article\" \/>\n\t\t<meta property=\"og:title\" content=\"Nowy iPhone ju\u017c we wtorek? | iPod.info.pl \u2014 iPod, iPad, iPhone, iBlog\" \/>\n\t\t<meta property=\"og:url\" content=\"https:\/\/www.ipod.info.pl\/index.php\/nowy-iphone-juz-we-wtorek\/\" \/>\n\t\t<meta property=\"article:published_time\" content=\"2011-01-08T11:38:13+00:00\" \/>\n\t\t<meta property=\"article:modified_time\" content=\"2011-01-08T11:38:13+00:00\" \/>\n\t\t<meta name=\"twitter:card\" content=\"summary_large_image\" \/>\n\t\t<meta name=\"twitter:title\" content=\"Nowy iPhone ju\u017c we wtorek? | iPod.info.pl \u2014 iPod, iPad, iPhone, iBlog\" \/>\n\t\t<script type=\"application\/ld+json\" class=\"aioseo-schema\">\n\t\t\t{\"@context\":\"https:\\\/\\\/schema.org\",\"@graph\":[{\"@type\":\"Article\",\"@id\":\"https:\\\/\\\/www.ipod.info.pl\\\/index.php\\\/nowy-iphone-juz-we-wtorek\\\/#article\",\"name\":\"Nowy iPhone ju\\u017c we wtorek? | iPod.info.pl \\u2014 iPod, iPad, iPhone, iBlog\",\"headline\":\"Nowy iPhone ju\\u017c we wtorek?\",\"author\":{\"@id\":\"https:\\\/\\\/www.ipod.info.pl\\\/index.php\\\/author\\\/norbi\\\/#author\"},\"publisher\":{\"@id\":\"https:\\\/\\\/www.ipod.info.pl\\\/#organization\"},\"image\":{\"@type\":\"ImageObject\",\"url\":\"http:\\\/\\\/www.ipod.info.pl\\\/wp-content\\\/uploads\\\/2011\\\/01\\\/46524.jpg\",\"@id\":\"https:\\\/\\\/www.ipod.info.pl\\\/index.php\\\/nowy-iphone-juz-we-wtorek\\\/#articleImage\"},\"datePublished\":\"2011-01-08T12:38:13+02:00\",\"dateModified\":\"2011-01-08T12:38:13+02:00\",\"inLanguage\":\"pl-PL\",\"commentCount\":16,\"mainEntityOfPage\":{\"@id\":\"https:\\\/\\\/www.ipod.info.pl\\\/index.php\\\/nowy-iphone-juz-we-wtorek\\\/#webpage\"},\"isPartOf\":{\"@id\":\"https:\\\/\\\/www.ipod.info.pl\\\/index.php\\\/nowy-iphone-juz-we-wtorek\\\/#webpage\"},\"articleSection\":\"iPhone, iPhone 4S (5G)\"},{\"@type\":\"BreadcrumbList\",\"@id\":\"https:\\\/\\\/www.ipod.info.pl\\\/index.php\\\/nowy-iphone-juz-we-wtorek\\\/#breadcrumblist\",\"itemListElement\":[{\"@type\":\"ListItem\",\"@id\":\"https:\\\/\\\/www.ipod.info.pl#listItem\",\"position\":1,\"name\":\"Dom\",\"item\":\"https:\\\/\\\/www.ipod.info.pl\",\"nextItem\":{\"@type\":\"ListItem\",\"@id\":\"https:\\\/\\\/www.ipod.info.pl\\\/index.php\\\/category\\\/iphone\\\/#listItem\",\"name\":\"iPhone\"}},{\"@type\":\"ListItem\",\"@id\":\"https:\\\/\\\/www.ipod.info.pl\\\/index.php\\\/category\\\/iphone\\\/#listItem\",\"position\":2,\"name\":\"iPhone\",\"item\":\"https:\\\/\\\/www.ipod.info.pl\\\/index.php\\\/category\\\/iphone\\\/\",\"nextItem\":{\"@type\":\"ListItem\",\"@id\":\"https:\\\/\\\/www.ipod.info.pl\\\/index.php\\\/nowy-iphone-juz-we-wtorek\\\/#listItem\",\"name\":\"Nowy iPhone ju\\u017c we wtorek?\"},\"previousItem\":{\"@type\":\"ListItem\",\"@id\":\"https:\\\/\\\/www.ipod.info.pl#listItem\",\"name\":\"Dom\"}},{\"@type\":\"ListItem\",\"@id\":\"https:\\\/\\\/www.ipod.info.pl\\\/index.php\\\/nowy-iphone-juz-we-wtorek\\\/#listItem\",\"position\":3,\"name\":\"Nowy iPhone ju\\u017c we wtorek?\",\"previousItem\":{\"@type\":\"ListItem\",\"@id\":\"https:\\\/\\\/www.ipod.info.pl\\\/index.php\\\/category\\\/iphone\\\/#listItem\",\"name\":\"iPhone\"}}]},{\"@type\":\"Organization\",\"@id\":\"https:\\\/\\\/www.ipod.info.pl\\\/#organization\",\"name\":\"iPod.info.pl \\u2014 iPod, iPad, iPhone, iBlog\",\"description\":\"iPod, iPad, iPhone, iPhone 3G, iPhone 3GS, iPhone 4, Apple TV\",\"url\":\"https:\\\/\\\/www.ipod.info.pl\\\/\"},{\"@type\":\"Person\",\"@id\":\"https:\\\/\\\/www.ipod.info.pl\\\/index.php\\\/author\\\/norbi\\\/#author\",\"url\":\"https:\\\/\\\/www.ipod.info.pl\\\/index.php\\\/author\\\/norbi\\\/\",\"name\":\"norbi\"},{\"@type\":\"WebPage\",\"@id\":\"https:\\\/\\\/www.ipod.info.pl\\\/index.php\\\/nowy-iphone-juz-we-wtorek\\\/#webpage\",\"url\":\"https:\\\/\\\/www.ipod.info.pl\\\/index.php\\\/nowy-iphone-juz-we-wtorek\\\/\",\"name\":\"Nowy iPhone ju\\u017c we wtorek? | iPod.info.pl \\u2014 iPod, iPad, iPhone, iBlog\",\"inLanguage\":\"pl-PL\",\"isPartOf\":{\"@id\":\"https:\\\/\\\/www.ipod.info.pl\\\/#website\"},\"breadcrumb\":{\"@id\":\"https:\\\/\\\/www.ipod.info.pl\\\/index.php\\\/nowy-iphone-juz-we-wtorek\\\/#breadcrumblist\"},\"author\":{\"@id\":\"https:\\\/\\\/www.ipod.info.pl\\\/index.php\\\/author\\\/norbi\\\/#author\"},\"creator\":{\"@id\":\"https:\\\/\\\/www.ipod.info.pl\\\/index.php\\\/author\\\/norbi\\\/#author\"},\"datePublished\":\"2011-01-08T12:38:13+02:00\",\"dateModified\":\"2011-01-08T12:38:13+02:00\"},{\"@type\":\"WebSite\",\"@id\":\"https:\\\/\\\/www.ipod.info.pl\\\/#website\",\"url\":\"https:\\\/\\\/www.ipod.info.pl\\\/\",\"name\":\"iPod.info.pl \\u2014 iPod, iPad, iPhone, iBlog\",\"description\":\"iPod, iPad, iPhone, iPhone 3G, iPhone 3GS, iPhone 4, Apple TV\",\"inLanguage\":\"pl-PL\",\"publisher\":{\"@id\":\"https:\\\/\\\/www.ipod.info.pl\\\/#organization\"}}]}\n\t\t<\/script>\n\t\t<!-- All in One SEO -->\n\n","aioseo_head_json":{"title":"Nowy iPhone ju\u017c we wtorek? | iPod.info.pl \u2014 iPod, iPad, iPhone, iBlog","description":"","canonical_url":"https:\/\/www.ipod.info.pl\/index.php\/nowy-iphone-juz-we-wtorek\/","robots":"max-image-preview:large","keywords":"","webmasterTools":{"miscellaneous":""},"schema":{"@context":"https:\/\/schema.org","@graph":[{"@type":"Article","@id":"https:\/\/www.ipod.info.pl\/index.php\/nowy-iphone-juz-we-wtorek\/#article","name":"Nowy iPhone ju\u017c we wtorek? | iPod.info.pl \u2014 iPod, iPad, iPhone, iBlog","headline":"Nowy iPhone ju\u017c we wtorek?","author":{"@id":"https:\/\/www.ipod.info.pl\/index.php\/author\/norbi\/#author"},"publisher":{"@id":"https:\/\/www.ipod.info.pl\/#organization"},"image":{"@type":"ImageObject","url":"http:\/\/www.ipod.info.pl\/wp-content\/uploads\/2011\/01\/46524.jpg","@id":"https:\/\/www.ipod.info.pl\/index.php\/nowy-iphone-juz-we-wtorek\/#articleImage"},"datePublished":"2011-01-08T12:38:13+02:00","dateModified":"2011-01-08T12:38:13+02:00","inLanguage":"pl-PL","commentCount":16,"mainEntityOfPage":{"@id":"https:\/\/www.ipod.info.pl\/index.php\/nowy-iphone-juz-we-wtorek\/#webpage"},"isPartOf":{"@id":"https:\/\/www.ipod.info.pl\/index.php\/nowy-iphone-juz-we-wtorek\/#webpage"},"articleSection":"iPhone, iPhone 4S (5G)"},{"@type":"BreadcrumbList","@id":"https:\/\/www.ipod.info.pl\/index.php\/nowy-iphone-juz-we-wtorek\/#breadcrumblist","itemListElement":[{"@type":"ListItem","@id":"https:\/\/www.ipod.info.pl#listItem","position":1,"name":"Dom","item":"https:\/\/www.ipod.info.pl","nextItem":{"@type":"ListItem","@id":"https:\/\/www.ipod.info.pl\/index.php\/category\/iphone\/#listItem","name":"iPhone"}},{"@type":"ListItem","@id":"https:\/\/www.ipod.info.pl\/index.php\/category\/iphone\/#listItem","position":2,"name":"iPhone","item":"https:\/\/www.ipod.info.pl\/index.php\/category\/iphone\/","nextItem":{"@type":"ListItem","@id":"https:\/\/www.ipod.info.pl\/index.php\/nowy-iphone-juz-we-wtorek\/#listItem","name":"Nowy iPhone ju\u017c we wtorek?"},"previousItem":{"@type":"ListItem","@id":"https:\/\/www.ipod.info.pl#listItem","name":"Dom"}},{"@type":"ListItem","@id":"https:\/\/www.ipod.info.pl\/index.php\/nowy-iphone-juz-we-wtorek\/#listItem","position":3,"name":"Nowy iPhone ju\u017c we wtorek?","previousItem":{"@type":"ListItem","@id":"https:\/\/www.ipod.info.pl\/index.php\/category\/iphone\/#listItem","name":"iPhone"}}]},{"@type":"Organization","@id":"https:\/\/www.ipod.info.pl\/#organization","name":"iPod.info.pl \u2014 iPod, iPad, iPhone, iBlog","description":"iPod, iPad, iPhone, iPhone 3G, iPhone 3GS, iPhone 4, Apple TV","url":"https:\/\/www.ipod.info.pl\/"},{"@type":"Person","@id":"https:\/\/www.ipod.info.pl\/index.php\/author\/norbi\/#author","url":"https:\/\/www.ipod.info.pl\/index.php\/author\/norbi\/","name":"norbi"},{"@type":"WebPage","@id":"https:\/\/www.ipod.info.pl\/index.php\/nowy-iphone-juz-we-wtorek\/#webpage","url":"https:\/\/www.ipod.info.pl\/index.php\/nowy-iphone-juz-we-wtorek\/","name":"Nowy iPhone ju\u017c we wtorek? | iPod.info.pl \u2014 iPod, iPad, iPhone, iBlog","inLanguage":"pl-PL","isPartOf":{"@id":"https:\/\/www.ipod.info.pl\/#website"},"breadcrumb":{"@id":"https:\/\/www.ipod.info.pl\/index.php\/nowy-iphone-juz-we-wtorek\/#breadcrumblist"},"author":{"@id":"https:\/\/www.ipod.info.pl\/index.php\/author\/norbi\/#author"},"creator":{"@id":"https:\/\/www.ipod.info.pl\/index.php\/author\/norbi\/#author"},"datePublished":"2011-01-08T12:38:13+02:00","dateModified":"2011-01-08T12:38:13+02:00"},{"@type":"WebSite","@id":"https:\/\/www.ipod.info.pl\/#website","url":"https:\/\/www.ipod.info.pl\/","name":"iPod.info.pl \u2014 iPod, iPad, iPhone, iBlog","description":"iPod, iPad, iPhone, iPhone 3G, iPhone 3GS, iPhone 4, Apple TV","inLanguage":"pl-PL","publisher":{"@id":"https:\/\/www.ipod.info.pl\/#organization"}}]},"og:locale":"pl_PL","og:site_name":"iPod.info.pl \u2014 iPod, iPad, iPhone, iBlog | iPod, iPad, iPhone, iPhone 3G, iPhone 3GS, iPhone 4, Apple TV","og:type":"article","og:title":"Nowy iPhone ju\u017c we wtorek? | iPod.info.pl \u2014 iPod, iPad, iPhone, iBlog","og:url":"https:\/\/www.ipod.info.pl\/index.php\/nowy-iphone-juz-we-wtorek\/","article:published_time":"2011-01-08T11:38:13+00:00","article:modified_time":"2011-01-08T11:38:13+00:00","twitter:card":"summary_large_image","twitter:title":"Nowy iPhone ju\u017c we wtorek? | iPod.info.pl \u2014 iPod, iPad, iPhone, iBlog"},"aioseo_meta_data":{"post_id":"11626","title":null,"description":null,"keywords":null,"keyphrases":null,"primary_term":null,"canonical_url":null,"og_title":null,"og_description":null,"og_object_type":"default","og_image_type":"default","og_image_url":null,"og_image_width":null,"og_image_height":null,"og_image_custom_url":null,"og_image_custom_fields":null,"og_video":null,"og_custom_url":null,"og_article_section":null,"og_article_tags":null,"twitter_use_og":false,"twitter_card":"default","twitter_image_type":"default","twitter_image_url":null,"twitter_image_custom_url":null,"twitter_image_custom_fields":null,"twitter_title":null,"twitter_description":null,"schema":{"blockGraphs":[],"customGraphs":[],"default":{"data":{"Article":[],"Course":[],"Dataset":[],"FAQPage":[],"Movie":[],"Person":[],"Product":[],"ProductReview":[],"Car":[],"Recipe":[],"Service":[],"SoftwareApplication":[],"WebPage":[]},"graphName":"","isEnabled":true},"graphs":[]},"schema_type":"default","schema_type_options":null,"pillar_content":false,"robots_default":true,"robots_noindex":false,"robots_noarchive":false,"robots_nosnippet":false,"robots_nofollow":false,"robots_noimageindex":false,"robots_noodp":false,"robots_notranslate":false,"robots_max_snippet":null,"robots_max_videopreview":null,"robots_max_imagepreview":"large","priority":null,"frequency":null,"local_seo":null,"limit_modified_date":false,"created":"2024-07-03 14:15:25","updated":"2026-08-13 19:21:09","focus_keyword":null,"additional_keywords":null,"truseo_locale":null,"ai":null,"breadcrumb_settings":null,"seo_analyzer_scan_date":null},"aioseo_breadcrumb":"<div class=\"aioseo-breadcrumbs\"><span class=\"aioseo-breadcrumb\">\n\t\t\t<a href=\"https:\/\/www.ipod.info.pl\" title=\"Dom\">Dom<\/a>\n\t\t<\/span><span class=\"aioseo-breadcrumb-separator\">&raquo;<\/span><span class=\"aioseo-breadcrumb\">\n\t\t\t<a href=\"https:\/\/www.ipod.info.pl\/index.php\/category\/iphone\/\" title=\"iPhone\">iPhone<\/a>\n\t\t<\/span><span class=\"aioseo-breadcrumb-separator\">&raquo;<\/span><span class=\"aioseo-breadcrumb\">\n\t\t\tNowy iPhone ju\u017c we wtorek?\n\t\t<\/span><\/div>","aioseo_breadcrumb_json":[{"label":"Dom","link":"https:\/\/www.ipod.info.pl"},{"label":"iPhone","link":"https:\/\/www.ipod.info.pl\/index.php\/category\/iphone\/"},{"label":"Nowy iPhone ju\u017c we wtorek?","link":"https:\/\/www.ipod.info.pl\/index.php\/nowy-iphone-juz-we-wtorek\/"}],"_links":{"self":[{"href":"https:\/\/www.ipod.info.pl\/index.php\/wp-json\/wp\/v2\/posts\/11626","targetHints":{"allow":["GET"]}}],"collection":[{"href":"https:\/\/www.ipod.info.pl\/index.php\/wp-json\/wp\/v2\/posts"}],"about":[{"href":"https:\/\/www.ipod.info.pl\/index.php\/wp-json\/wp\/v2\/types\/post"}],"author":[{"embeddable":true,"href":"https:\/\/www.ipod.info.pl\/index.php\/wp-json\/wp\/v2\/users\/2"}],"replies":[{"embeddable":true,"href":"https:\/\/www.ipod.info.pl\/index.php\/wp-json\/wp\/v2\/comments?post=11626"}],"version-history":[{"count":2,"href":"https:\/\/www.ipod.info.pl\/index.php\/wp-json\/wp\/v2\/posts\/11626\/revisions"}],"predecessor-version":[{"id":11629,"href":"https:\/\/www.ipod.info.pl\/index.php\/wp-json\/wp\/v2\/posts\/11626\/revisions\/11629"}],"wp:attachment":[{"href":"https:\/\/www.ipod.info.pl\/index.php\/wp-json\/wp\/v2\/media?parent=11626"}],"wp:term":[{"taxonomy":"category","embeddable":true,"href":"https:\/\/www.ipod.info.pl\/index.php\/wp-json\/wp\/v2\/categories?post=11626"},{"taxonomy":"post_tag","embeddable":true,"href":"https:\/\/www.ipod.info.pl\/index.php\/wp-json\/wp\/v2\/tags?post=11626"}],"curies":[{"name":"wp","href":"https:\/\/api.w.org\/{rel}","templated":true}]}}