{"id":11809,"date":"2011-01-27T21:05:28","date_gmt":"2011-01-27T20:05:28","guid":{"rendered":"http:\/\/www.ipod.info.pl\/?p=11809"},"modified":"2011-01-27T21:05:28","modified_gmt":"2011-01-27T20:05:28","slug":"2-luty-the-daily-i","status":"publish","type":"post","link":"https:\/\/www.ipod.info.pl\/index.php\/2-luty-the-daily-i\/","title":{"rendered":"2 luty  &#8211; The Daily i &#8230; ?"},"content":{"rendered":"<p><a href=\"http:\/\/www.ipod.info.pl\/wp-content\/uploads\/2011\/01\/47059.jpeg\"><img loading=\"lazy\" decoding=\"async\" class=\"alignright size-medium wp-image-11810\" title=\"2 luty  - The Daily i ... ? \" src=\"http:\/\/www.ipod.info.pl\/wp-content\/uploads\/2011\/01\/47059-226x300.jpg\" alt=\"\" width=\"226\" height=\"300\" srcset=\"https:\/\/www.ipod.info.pl\/wp-content\/uploads\/2011\/01\/47059-226x300.jpg 226w, https:\/\/www.ipod.info.pl\/wp-content\/uploads\/2011\/01\/47059-90x120.jpg 90w, https:\/\/www.ipod.info.pl\/wp-content\/uploads\/2011\/01\/47059.jpeg 500w\" sizes=\"(max-width: 226px) 100vw, 226px\" \/><\/a>Na drugiego lutego tego roku firma Ruperta Murdocha News Corp oraz Apple w osobie  Eddy Cue zapraszaj\u0105 na konferencj\u0119 z okazji wej\u015bcia na rynek &#8222;The Daily&#8221;. B\u0119dzie to pierwsza gazeta wydawana tylko i wy\u0142\u0105cznie na iPadzie, prawdopodobnie z nowymi modelami zakupu subskrypcji. Na razie nie wiadomo czy na konferencji b\u0119dzie te\u017c obecny Steve Jobs.<\/p>\n<p>Bardzo prawdopodobne, \u017ce tego dnia razem z gazet\u0105 &#8222;The Daily&#8221; dostaniemy system iOS 4.3 w finalnej wersji. To w\u0142a\u015bnie ta wersja systemu ma zapewnia\u0107\u00a0mo\u017cliwo\u015b\u0107\u00a0zakupu w r\u00f3\u017cnych rodzajach\u00a0subskrypcji.<\/p>\n","protected":false},"excerpt":{"rendered":"<p>Na drugiego lutego tego roku firma Ruperta Murdocha News Corp oraz Apple w osobie Eddy Cue zapraszaj\u0105 na konferencj\u0119 z okazji wej\u015bcia na rynek &#8222;The Daily&#8221;. B\u0119dzie to pierwsza gazeta wydawana tylko i wy\u0142\u0105cznie na iPadzie, prawdopodobnie z nowymi modelami zakupu subskrypcji. Na razie nie wiadomo czy na konferencji b\u0119dzie te\u017c obecny Steve Jobs. Bardzo [&hellip;]<\/p>\n","protected":false},"author":2,"featured_media":0,"comment_status":"open","ping_status":"open","sticky":false,"template":"","format":"standard","meta":{"footnotes":""},"categories":[55,16,20],"tags":[],"aioseo_notices":[],"_links":{"self":[{"href":"https:\/\/www.ipod.info.pl\/index.php\/wp-json\/wp\/v2\/posts\/11809"}],"collection":[{"href":"https:\/\/www.ipod.info.pl\/index.php\/wp-json\/wp\/v2\/posts"}],"about":[{"href":"https:\/\/www.ipod.info.pl\/index.php\/wp-json\/wp\/v2\/types\/post"}],"author":[{"embeddable":true,"href":"https:\/\/www.ipod.info.pl\/index.php\/wp-json\/wp\/v2\/users\/2"}],"replies":[{"embeddable":true,"href":"https:\/\/www.ipod.info.pl\/index.php\/wp-json\/wp\/v2\/comments?post=11809"}],"version-history":[{"count":1,"href":"https:\/\/www.ipod.info.pl\/index.php\/wp-json\/wp\/v2\/posts\/11809\/revisions"}],"predecessor-version":[{"id":11811,"href":"https:\/\/www.ipod.info.pl\/index.php\/wp-json\/wp\/v2\/posts\/11809\/revisions\/11811"}],"wp:attachment":[{"href":"https:\/\/www.ipod.info.pl\/index.php\/wp-json\/wp\/v2\/media?parent=11809"}],"wp:term":[{"taxonomy":"category","embeddable":true,"href":"https:\/\/www.ipod.info.pl\/index.php\/wp-json\/wp\/v2\/categories?post=11809"},{"taxonomy":"post_tag","embeddable":true,"href":"https:\/\/www.ipod.info.pl\/index.php\/wp-json\/wp\/v2\/tags?post=11809"}],"curies":[{"name":"wp","href":"https:\/\/api.w.org\/{rel}","templated":true}]}}