{"id":12011,"date":"2011-02-22T20:47:31","date_gmt":"2011-02-22T19:47:31","guid":{"rendered":"http:\/\/www.ipod.info.pl\/?p=12011"},"modified":"2011-02-22T20:54:21","modified_gmt":"2011-02-22T19:54:21","slug":"ipad-2-zostanie-pokazany-2-marca","status":"publish","type":"post","link":"https:\/\/www.ipod.info.pl\/index.php\/ipad-2-zostanie-pokazany-2-marca\/","title":{"rendered":"iPad 2 zostanie pokazany 2 marca?!"},"content":{"rendered":"<p>Kilka serwis poda\u0142o dzi\u015b dat\u0119 2 marca jako prawdopodobn\u0105 dat\u0119 prezentacji iPada 2.<\/p>\n<p>Prezentacja ma si\u0119 odby\u0107 standardowo w centrum\u00a0<a href=\"http:\/\/www.ipod.info.pl\/?s=Yerba+Buena+Center&amp;x=0&amp;y=0\">Yerba Buena Center<\/a> for the Arts\u00a0w San Francisco. Data ta (o ile ta taka si\u0119 potwierdzi) oznacza, \u017ce prawdopodobnie miesi\u0105c p\u00f3\u017aniej zobaczymy iPada 2 w sklepach. Niestety pewnie nie od razu w Polsce i zn\u00f3w aby mie\u0107 go szybko trzeba b\u0119dzie jecha\u0107 do Londynu lub Berlina.<\/p>\n<p>Dla przy pomnienia, wg plotek iPad 2 b\u0119dzie:<br \/>\n&#8211; posiada\u0142 2 kamery<br \/>\n&#8211; mniejsza ramk\u0119 woko\u0142o ekranu<br \/>\n&#8211; dwurdzeniowy hiper procesor<br \/>\n&#8211; tajemnicze z\u0142\u0105cza<br \/>\n&#8211; i nie b\u0119dzie mia\u0142 przycisku Home (to moja autorska plotka)<\/p>\n","protected":false},"excerpt":{"rendered":"<p>Kilka serwis poda\u0142o dzi\u015b dat\u0119 2 marca jako prawdopodobn\u0105 dat\u0119 prezentacji iPada 2. Prezentacja ma si\u0119 odby\u0107 standardowo w centrum\u00a0Yerba Buena Center for the Arts\u00a0w San Francisco. Data ta (o ile ta taka si\u0119 potwierdzi) oznacza, \u017ce prawdopodobnie miesi\u0105c p\u00f3\u017aniej zobaczymy iPada 2 w sklepach. Niestety pewnie nie od razu w Polsce i zn\u00f3w aby [&hellip;]<\/p>\n","protected":false},"author":2,"featured_media":0,"comment_status":"open","ping_status":"open","sticky":false,"template":"","format":"standard","meta":{"footnotes":""},"categories":[55,69],"tags":[],"aioseo_notices":[],"_links":{"self":[{"href":"https:\/\/www.ipod.info.pl\/index.php\/wp-json\/wp\/v2\/posts\/12011"}],"collection":[{"href":"https:\/\/www.ipod.info.pl\/index.php\/wp-json\/wp\/v2\/posts"}],"about":[{"href":"https:\/\/www.ipod.info.pl\/index.php\/wp-json\/wp\/v2\/types\/post"}],"author":[{"embeddable":true,"href":"https:\/\/www.ipod.info.pl\/index.php\/wp-json\/wp\/v2\/users\/2"}],"replies":[{"embeddable":true,"href":"https:\/\/www.ipod.info.pl\/index.php\/wp-json\/wp\/v2\/comments?post=12011"}],"version-history":[{"count":3,"href":"https:\/\/www.ipod.info.pl\/index.php\/wp-json\/wp\/v2\/posts\/12011\/revisions"}],"predecessor-version":[{"id":12013,"href":"https:\/\/www.ipod.info.pl\/index.php\/wp-json\/wp\/v2\/posts\/12011\/revisions\/12013"}],"wp:attachment":[{"href":"https:\/\/www.ipod.info.pl\/index.php\/wp-json\/wp\/v2\/media?parent=12011"}],"wp:term":[{"taxonomy":"category","embeddable":true,"href":"https:\/\/www.ipod.info.pl\/index.php\/wp-json\/wp\/v2\/categories?post=12011"},{"taxonomy":"post_tag","embeddable":true,"href":"https:\/\/www.ipod.info.pl\/index.php\/wp-json\/wp\/v2\/tags?post=12011"}],"curies":[{"name":"wp","href":"https:\/\/api.w.org\/{rel}","templated":true}]}}