{"id":12027,"date":"2011-02-23T17:54:52","date_gmt":"2011-02-23T16:54:52","guid":{"rendered":"http:\/\/www.ipod.info.pl\/?p=12027"},"modified":"2011-02-23T19:03:46","modified_gmt":"2011-02-23T18:03:46","slug":"ipad-2-2-marca-oficjalnie","status":"publish","type":"post","link":"https:\/\/www.ipod.info.pl\/index.php\/ipad-2-2-marca-oficjalnie\/","title":{"rendered":"iPad 2 &#8211; 2 Marca &#8211; Oficjalnie!"},"content":{"rendered":"<p><a href=\"http:\/\/www.ipod.info.pl\/wp-content\/uploads\/2011\/02\/48317.jpeg\"><img loading=\"lazy\" decoding=\"async\" class=\"alignright size-medium wp-image-12028\" title=\"iPad 2 - 2 Marca - Oficjalnie!\" src=\"http:\/\/www.ipod.info.pl\/wp-content\/uploads\/2011\/02\/48317-300x300.jpg\" alt=\"\" width=\"300\" height=\"300\" srcset=\"https:\/\/www.ipod.info.pl\/wp-content\/uploads\/2011\/02\/48317-300x300.jpg 300w, https:\/\/www.ipod.info.pl\/wp-content\/uploads\/2011\/02\/48317-120x120.jpg 120w, https:\/\/www.ipod.info.pl\/wp-content\/uploads\/2011\/02\/48317.jpeg 500w\" sizes=\"(max-width: 300px) 100vw, 300px\" \/><\/a>Apple potwierdzi\u0142o <a href=\"http:\/\/www.ipod.info.pl\/index.php\/ipad-2-zostanie-pokazany-2-marca\/\">dzi\u015b plotki na temat prezentacji nowego iPada<\/a>.<\/p>\n<p>Prezentacja odb\u0119dzie si\u0119 2 Marca o godzinie 10 lokalnego czasu (19 u nas) w Centrum\u00a0Yerba Buena Center w w San Francisco. Oznacza to, \u017ce iPad 2 pojawi si\u0119 w sklepach zapewne pod koniec kwietnia lub na pocz\u0105tku maja.<\/p>\n<p>Na zaproszeniu jakie zosta\u0142o rozes\u0142ane do medi\u00f3w wida\u0107 kawa\u0142ek iPad&#8217;a i ten iPad wcale nie ma cie\u0144szej ramki woko\u0142o wy\u015bwietlacza. Dodatkowo podtytu\u0142 zaproszenia &#8222;Come see what 2011 will be the year of&#8221; sugeruje, \u017ce mo\u017cemy zobaczy\u0107 nie tylko iPada 2.<\/p>\n<p>Oczywi\u015bcie wsp\u00f3lnie z\u00a0<a href=\"http:\/\/imagazine.pl\/2011\/02\/23\/ipad-2-oficjalnie-2-ego-marca\/\" target=\"_blank\">iMagazine<\/a> b\u0119d\u0119 dla Was relacjonowa\u0142 to\u00a0wydarzenie.<\/p>\n","protected":false},"excerpt":{"rendered":"<p>Apple potwierdzi\u0142o dzi\u015b plotki na temat prezentacji nowego iPada. Prezentacja odb\u0119dzie si\u0119 2 Marca o godzinie 10 lokalnego czasu (19 u nas) w Centrum\u00a0Yerba Buena Center w w San Francisco. Oznacza to, \u017ce iPad 2 pojawi si\u0119 w sklepach zapewne pod koniec kwietnia lub na pocz\u0105tku maja. Na zaproszeniu jakie zosta\u0142o rozes\u0142ane do medi\u00f3w wida\u0107 [&hellip;]<\/p>\n","protected":false},"author":2,"featured_media":0,"comment_status":"open","ping_status":"open","sticky":false,"template":"","format":"standard","meta":{"footnotes":""},"categories":[55,69],"tags":[],"aioseo_notices":[],"_links":{"self":[{"href":"https:\/\/www.ipod.info.pl\/index.php\/wp-json\/wp\/v2\/posts\/12027"}],"collection":[{"href":"https:\/\/www.ipod.info.pl\/index.php\/wp-json\/wp\/v2\/posts"}],"about":[{"href":"https:\/\/www.ipod.info.pl\/index.php\/wp-json\/wp\/v2\/types\/post"}],"author":[{"embeddable":true,"href":"https:\/\/www.ipod.info.pl\/index.php\/wp-json\/wp\/v2\/users\/2"}],"replies":[{"embeddable":true,"href":"https:\/\/www.ipod.info.pl\/index.php\/wp-json\/wp\/v2\/comments?post=12027"}],"version-history":[{"count":5,"href":"https:\/\/www.ipod.info.pl\/index.php\/wp-json\/wp\/v2\/posts\/12027\/revisions"}],"predecessor-version":[{"id":12033,"href":"https:\/\/www.ipod.info.pl\/index.php\/wp-json\/wp\/v2\/posts\/12027\/revisions\/12033"}],"wp:attachment":[{"href":"https:\/\/www.ipod.info.pl\/index.php\/wp-json\/wp\/v2\/media?parent=12027"}],"wp:term":[{"taxonomy":"category","embeddable":true,"href":"https:\/\/www.ipod.info.pl\/index.php\/wp-json\/wp\/v2\/categories?post=12027"},{"taxonomy":"post_tag","embeddable":true,"href":"https:\/\/www.ipod.info.pl\/index.php\/wp-json\/wp\/v2\/tags?post=12027"}],"curies":[{"name":"wp","href":"https:\/\/api.w.org\/{rel}","templated":true}]}}