{"id":12043,"date":"2011-02-26T13:19:35","date_gmt":"2011-02-26T12:19:35","guid":{"rendered":"http:\/\/www.ipod.info.pl\/?p=12043"},"modified":"2011-02-26T15:53:11","modified_gmt":"2011-02-26T14:53:11","slug":"ipad-2-dostepny-od-jutra","status":"publish","type":"post","link":"https:\/\/www.ipod.info.pl\/index.php\/ipad-2-dostepny-od-jutra\/","title":{"rendered":"&#8222;iPad 2 &#8211; dost\u0119pny od jutra&#8221;"},"content":{"rendered":"<p>Wybaczcie ten tytu\u0142 &#8211; ju\u017c si\u0119 t\u0142umacze. Oczywi\u015bcie iPad 2 nie b\u0119dzie jutro dost\u0119pny w sklepach, ale tym co zawsze najbardziej lubi\u0142em w keynote Steva by\u0142o to, jak m\u00f3wi\u0142 &#8222;Nowe iPody &#8211; od jutra w sklepach&#8221;. Niestety ostatnio na nowe produkty Apple ka\u017ce nam\u00a0czeka\u0107\u00a0czasem \u00a0nawet kilka miesi\u0119cy po prezentacji.<\/p>\n<p>Dlatego podskoczy\u0142em do g\u00f3ry po przeczytaniu plotek\u00a0na\u00a0<a href=\"http:\/\/www.appleinsider.com\/articles\/11\/02\/25\/apple_may_surprise_with_near_immediate_availability_of_ipad_2_next_week.html\" target=\"_blank\">www.appleinsider.com<\/a>, o tym, \u017ce Apple mo\u017ce wprowadzi\u0107 iPada do sprzeda\u017cy bezpo\u015brednio po p<a title=\"iPad 2 \u2013 2 Marca \u2013 Oficjalnie!\" href=\"http:\/\/www.ipod.info.pl\/index.php\/ipad-2-2-marca-oficjalnie\/\">rezentacji 2 marca<\/a>. Oczywi\u015bcie to tylko plotka, ale by\u0142bym naprawd\u0119 bardzo bardzo uradowany jakby by\u0142a to prawda. Tm bardziej, \u017ce na pocz\u0105tku marca jestem we Francji, a chyba nie macie z\u0142udze\u0144, \u017ce nawet jak iPad 2 trafi do sklep\u00f3w w przysz\u0142ym\u00a0tygodniu\u00a0to jednak to nie\u00a0b\u0119d\u0105\u00a0nasze polskiej iSpoty.<\/p>\n<p>PS. Pami\u0119tajcie, \u017ce plotki z ostatniego tygodnia przed jakimi\u015b\u00a0prezentacjami\u00a0Apple bardzo cz\u0119sto si\u0119 sprawdzaj\u0105.<\/p>\n","protected":false},"excerpt":{"rendered":"<p>Wybaczcie ten tytu\u0142 &#8211; ju\u017c si\u0119 t\u0142umacze. Oczywi\u015bcie iPad 2 nie b\u0119dzie jutro dost\u0119pny w sklepach, ale tym co zawsze najbardziej lubi\u0142em w keynote Steva by\u0142o to, jak m\u00f3wi\u0142 &#8222;Nowe iPody &#8211; od jutra w sklepach&#8221;. Niestety ostatnio na nowe produkty Apple ka\u017ce nam\u00a0czeka\u0107\u00a0czasem \u00a0nawet kilka miesi\u0119cy po prezentacji. Dlatego podskoczy\u0142em do g\u00f3ry po przeczytaniu [&hellip;]<\/p>\n","protected":false},"author":2,"featured_media":0,"comment_status":"open","ping_status":"open","sticky":false,"template":"","format":"standard","meta":{"footnotes":""},"categories":[69],"tags":[],"aioseo_notices":[],"_links":{"self":[{"href":"https:\/\/www.ipod.info.pl\/index.php\/wp-json\/wp\/v2\/posts\/12043"}],"collection":[{"href":"https:\/\/www.ipod.info.pl\/index.php\/wp-json\/wp\/v2\/posts"}],"about":[{"href":"https:\/\/www.ipod.info.pl\/index.php\/wp-json\/wp\/v2\/types\/post"}],"author":[{"embeddable":true,"href":"https:\/\/www.ipod.info.pl\/index.php\/wp-json\/wp\/v2\/users\/2"}],"replies":[{"embeddable":true,"href":"https:\/\/www.ipod.info.pl\/index.php\/wp-json\/wp\/v2\/comments?post=12043"}],"version-history":[{"count":4,"href":"https:\/\/www.ipod.info.pl\/index.php\/wp-json\/wp\/v2\/posts\/12043\/revisions"}],"predecessor-version":[{"id":12052,"href":"https:\/\/www.ipod.info.pl\/index.php\/wp-json\/wp\/v2\/posts\/12043\/revisions\/12052"}],"wp:attachment":[{"href":"https:\/\/www.ipod.info.pl\/index.php\/wp-json\/wp\/v2\/media?parent=12043"}],"wp:term":[{"taxonomy":"category","embeddable":true,"href":"https:\/\/www.ipod.info.pl\/index.php\/wp-json\/wp\/v2\/categories?post=12043"},{"taxonomy":"post_tag","embeddable":true,"href":"https:\/\/www.ipod.info.pl\/index.php\/wp-json\/wp\/v2\/tags?post=12043"}],"curies":[{"name":"wp","href":"https:\/\/api.w.org\/{rel}","templated":true}]}}