{"id":12301,"date":"2011-03-22T15:14:01","date_gmt":"2011-03-22T14:14:01","guid":{"rendered":"http:\/\/www.ipod.info.pl\/?p=12301"},"modified":"2011-03-22T15:16:28","modified_gmt":"2011-03-22T14:16:28","slug":"ipad-2-od-piatku-w-polsce","status":"publish","type":"post","link":"https:\/\/www.ipod.info.pl\/index.php\/ipad-2-od-piatku-w-polsce\/","title":{"rendered":"iPad 2 od pi\u0105tku w Polsce"},"content":{"rendered":"<p>Apple w komunikacie prasowym potwierdza, \u017ce od pi\u0105tku 25 marca w ofercie min. polskich dystrybutor\u00f3w Apple znajdzie si\u0119 iPad 2. Ca\u0142y komunikat mo\u017cecie przeczyta\u0107 na stronie <a href=\"http:\/\/www.apple.com\/pr\/library\/2011\/03\/22ipad.html\" target=\"_blank\">apple.com<\/a>.<br \/>\n<em><br \/>\nApple today announced that iPad 2, the second-generation of its third post-PC device, will go on sale in 25 additional countries this Friday, March 25. iPad 2 will be available at Apple retail stores** and select Apple Authorised Resellers at 5 p.m. local time, and online through the Apple Store** beginning at 1 a.m. GMT. <\/em><\/p>\n<p>Mnie najbardziej zaskoczy\u0142o zdanie, \u017ce sprzeda\u017c\u00a0rozpocznie\u00a0si\u0119 o 17\u00a0godzinie. O 17 sprzeda\u017c iPada 2 wystartowa\u0142a w USA, ale w Polsce i Europie zawsze przy okazji innych premier by\u0142o to od rana. Nasze informacje s\u0105 takie, \u017ce iPady 2 trafi\u0105 do salon\u00f3w dopiero w pi\u0105tek, wiec pocz\u0105tek sprzeda\u017cy faktycznie mo\u017ce by\u0107 o 17.<\/p>\n<p>Razem z\u00a0<a href=\"http:\/\/www.makoweabc.pl\" target=\"_blank\">Wojtkiem<\/a> i <a href=\"http:\/\/imagazine.pl\" target=\"_blank\">Dominikiem<\/a> zrobimy w pi\u0105tek rano rajd po warszawskich iSpotach i zdamy Wam relacj\u0119 na \u017cywo.<\/p>\n","protected":false},"excerpt":{"rendered":"<p>Apple w komunikacie prasowym potwierdza, \u017ce od pi\u0105tku 25 marca w ofercie min. polskich dystrybutor\u00f3w Apple znajdzie si\u0119 iPad 2. Ca\u0142y komunikat mo\u017cecie przeczyta\u0107 na stronie apple.com. Apple today announced that iPad 2, the second-generation of its third post-PC device, will go on sale in 25 additional countries this Friday, March 25. iPad 2 will [&hellip;]<\/p>\n","protected":false},"author":2,"featured_media":0,"comment_status":"open","ping_status":"open","sticky":false,"template":"","format":"standard","meta":{"footnotes":""},"categories":[10,69],"tags":[],"class_list":["post-12301","post","type-post","status-publish","format-standard","hentry","category-apple","category-ipad-2"],"aioseo_notices":[],"aioseo_head":"\n\t\t<!-- All in One SEO 5.0.0.1 - aioseo.com -->\n\t<meta name=\"robots\" content=\"max-image-preview:large\" \/>\n\t<meta name=\"author\" content=\"norbi\"\/>\n\t<link rel=\"canonical\" href=\"https:\/\/www.ipod.info.pl\/index.php\/ipad-2-od-piatku-w-polsce\/\" \/>\n\t<meta name=\"generator\" content=\"All in One SEO (AIOSEO) 5.0.0.1\" \/>\n\t\t<meta property=\"og:locale\" content=\"pl_PL\" \/>\n\t\t<meta property=\"og:site_name\" content=\"iPod.info.pl \u2014 iPod, iPad, iPhone, iBlog | iPod, iPad, iPhone, iPhone 3G, iPhone 3GS, iPhone 4, Apple TV\" \/>\n\t\t<meta property=\"og:type\" content=\"article\" \/>\n\t\t<meta property=\"og:title\" content=\"iPad 2 od pi\u0105tku w Polsce | iPod.info.pl \u2014 iPod, iPad, iPhone, iBlog\" \/>\n\t\t<meta property=\"og:url\" content=\"https:\/\/www.ipod.info.pl\/index.php\/ipad-2-od-piatku-w-polsce\/\" \/>\n\t\t<meta property=\"article:published_time\" content=\"2011-03-22T14:14:01+00:00\" \/>\n\t\t<meta property=\"article:modified_time\" content=\"2011-03-22T14:16:28+00:00\" \/>\n\t\t<meta name=\"twitter:card\" content=\"summary_large_image\" \/>\n\t\t<meta name=\"twitter:title\" content=\"iPad 2 od pi\u0105tku w Polsce | iPod.info.pl \u2014 iPod, iPad, iPhone, iBlog\" \/>\n\t\t<script type=\"application\/ld+json\" class=\"aioseo-schema\">\n\t\t\t{\"@context\":\"https:\\\/\\\/schema.org\",\"@graph\":[{\"@type\":\"Article\",\"@id\":\"https:\\\/\\\/www.ipod.info.pl\\\/index.php\\\/ipad-2-od-piatku-w-polsce\\\/#article\",\"name\":\"iPad 2 od pi\\u0105tku w Polsce | iPod.info.pl \\u2014 iPod, iPad, iPhone, iBlog\",\"headline\":\"iPad 2 od pi\\u0105tku w Polsce\",\"author\":{\"@id\":\"https:\\\/\\\/www.ipod.info.pl\\\/index.php\\\/author\\\/norbi\\\/#author\"},\"publisher\":{\"@id\":\"https:\\\/\\\/www.ipod.info.pl\\\/#organization\"},\"datePublished\":\"2011-03-22T15:14:01+02:00\",\"dateModified\":\"2011-03-22T15:16:28+02:00\",\"inLanguage\":\"pl-PL\",\"commentCount\":11,\"mainEntityOfPage\":{\"@id\":\"https:\\\/\\\/www.ipod.info.pl\\\/index.php\\\/ipad-2-od-piatku-w-polsce\\\/#webpage\"},\"isPartOf\":{\"@id\":\"https:\\\/\\\/www.ipod.info.pl\\\/index.php\\\/ipad-2-od-piatku-w-polsce\\\/#webpage\"},\"articleSection\":\"Apple, iPad 2 (2G)\"},{\"@type\":\"BreadcrumbList\",\"@id\":\"https:\\\/\\\/www.ipod.info.pl\\\/index.php\\\/ipad-2-od-piatku-w-polsce\\\/#breadcrumblist\",\"itemListElement\":[{\"@type\":\"ListItem\",\"@id\":\"https:\\\/\\\/www.ipod.info.pl#listItem\",\"position\":1,\"name\":\"Dom\",\"item\":\"https:\\\/\\\/www.ipod.info.pl\",\"nextItem\":{\"@type\":\"ListItem\",\"@id\":\"https:\\\/\\\/www.ipod.info.pl\\\/index.php\\\/category\\\/apple\\\/#listItem\",\"name\":\"Apple\"}},{\"@type\":\"ListItem\",\"@id\":\"https:\\\/\\\/www.ipod.info.pl\\\/index.php\\\/category\\\/apple\\\/#listItem\",\"position\":2,\"name\":\"Apple\",\"item\":\"https:\\\/\\\/www.ipod.info.pl\\\/index.php\\\/category\\\/apple\\\/\",\"nextItem\":{\"@type\":\"ListItem\",\"@id\":\"https:\\\/\\\/www.ipod.info.pl\\\/index.php\\\/ipad-2-od-piatku-w-polsce\\\/#listItem\",\"name\":\"iPad 2 od pi\\u0105tku w Polsce\"},\"previousItem\":{\"@type\":\"ListItem\",\"@id\":\"https:\\\/\\\/www.ipod.info.pl#listItem\",\"name\":\"Dom\"}},{\"@type\":\"ListItem\",\"@id\":\"https:\\\/\\\/www.ipod.info.pl\\\/index.php\\\/ipad-2-od-piatku-w-polsce\\\/#listItem\",\"position\":3,\"name\":\"iPad 2 od pi\\u0105tku w Polsce\",\"previousItem\":{\"@type\":\"ListItem\",\"@id\":\"https:\\\/\\\/www.ipod.info.pl\\\/index.php\\\/category\\\/apple\\\/#listItem\",\"name\":\"Apple\"}}]},{\"@type\":\"Organization\",\"@id\":\"https:\\\/\\\/www.ipod.info.pl\\\/#organization\",\"name\":\"iPod.info.pl \\u2014 iPod, iPad, iPhone, iBlog\",\"description\":\"iPod, iPad, iPhone, iPhone 3G, iPhone 3GS, iPhone 4, Apple TV\",\"url\":\"https:\\\/\\\/www.ipod.info.pl\\\/\"},{\"@type\":\"Person\",\"@id\":\"https:\\\/\\\/www.ipod.info.pl\\\/index.php\\\/author\\\/norbi\\\/#author\",\"url\":\"https:\\\/\\\/www.ipod.info.pl\\\/index.php\\\/author\\\/norbi\\\/\",\"name\":\"norbi\"},{\"@type\":\"WebPage\",\"@id\":\"https:\\\/\\\/www.ipod.info.pl\\\/index.php\\\/ipad-2-od-piatku-w-polsce\\\/#webpage\",\"url\":\"https:\\\/\\\/www.ipod.info.pl\\\/index.php\\\/ipad-2-od-piatku-w-polsce\\\/\",\"name\":\"iPad 2 od pi\\u0105tku w Polsce | iPod.info.pl \\u2014 iPod, iPad, iPhone, iBlog\",\"inLanguage\":\"pl-PL\",\"isPartOf\":{\"@id\":\"https:\\\/\\\/www.ipod.info.pl\\\/#website\"},\"breadcrumb\":{\"@id\":\"https:\\\/\\\/www.ipod.info.pl\\\/index.php\\\/ipad-2-od-piatku-w-polsce\\\/#breadcrumblist\"},\"author\":{\"@id\":\"https:\\\/\\\/www.ipod.info.pl\\\/index.php\\\/author\\\/norbi\\\/#author\"},\"creator\":{\"@id\":\"https:\\\/\\\/www.ipod.info.pl\\\/index.php\\\/author\\\/norbi\\\/#author\"},\"datePublished\":\"2011-03-22T15:14:01+02:00\",\"dateModified\":\"2011-03-22T15:16:28+02:00\"},{\"@type\":\"WebSite\",\"@id\":\"https:\\\/\\\/www.ipod.info.pl\\\/#website\",\"url\":\"https:\\\/\\\/www.ipod.info.pl\\\/\",\"name\":\"iPod.info.pl \\u2014 iPod, iPad, iPhone, iBlog\",\"description\":\"iPod, iPad, iPhone, iPhone 3G, iPhone 3GS, iPhone 4, Apple TV\",\"inLanguage\":\"pl-PL\",\"publisher\":{\"@id\":\"https:\\\/\\\/www.ipod.info.pl\\\/#organization\"}}]}\n\t\t<\/script>\n\t\t<!-- All in One SEO -->\n\n","aioseo_head_json":{"title":"iPad 2 od pi\u0105tku w Polsce | iPod.info.pl \u2014 iPod, iPad, iPhone, iBlog","description":"","canonical_url":"https:\/\/www.ipod.info.pl\/index.php\/ipad-2-od-piatku-w-polsce\/","robots":"max-image-preview:large","keywords":"","webmasterTools":{"miscellaneous":""},"schema":{"@context":"https:\/\/schema.org","@graph":[{"@type":"Article","@id":"https:\/\/www.ipod.info.pl\/index.php\/ipad-2-od-piatku-w-polsce\/#article","name":"iPad 2 od pi\u0105tku w Polsce | iPod.info.pl \u2014 iPod, iPad, iPhone, iBlog","headline":"iPad 2 od pi\u0105tku w Polsce","author":{"@id":"https:\/\/www.ipod.info.pl\/index.php\/author\/norbi\/#author"},"publisher":{"@id":"https:\/\/www.ipod.info.pl\/#organization"},"datePublished":"2011-03-22T15:14:01+02:00","dateModified":"2011-03-22T15:16:28+02:00","inLanguage":"pl-PL","commentCount":11,"mainEntityOfPage":{"@id":"https:\/\/www.ipod.info.pl\/index.php\/ipad-2-od-piatku-w-polsce\/#webpage"},"isPartOf":{"@id":"https:\/\/www.ipod.info.pl\/index.php\/ipad-2-od-piatku-w-polsce\/#webpage"},"articleSection":"Apple, iPad 2 (2G)"},{"@type":"BreadcrumbList","@id":"https:\/\/www.ipod.info.pl\/index.php\/ipad-2-od-piatku-w-polsce\/#breadcrumblist","itemListElement":[{"@type":"ListItem","@id":"https:\/\/www.ipod.info.pl#listItem","position":1,"name":"Dom","item":"https:\/\/www.ipod.info.pl","nextItem":{"@type":"ListItem","@id":"https:\/\/www.ipod.info.pl\/index.php\/category\/apple\/#listItem","name":"Apple"}},{"@type":"ListItem","@id":"https:\/\/www.ipod.info.pl\/index.php\/category\/apple\/#listItem","position":2,"name":"Apple","item":"https:\/\/www.ipod.info.pl\/index.php\/category\/apple\/","nextItem":{"@type":"ListItem","@id":"https:\/\/www.ipod.info.pl\/index.php\/ipad-2-od-piatku-w-polsce\/#listItem","name":"iPad 2 od pi\u0105tku w Polsce"},"previousItem":{"@type":"ListItem","@id":"https:\/\/www.ipod.info.pl#listItem","name":"Dom"}},{"@type":"ListItem","@id":"https:\/\/www.ipod.info.pl\/index.php\/ipad-2-od-piatku-w-polsce\/#listItem","position":3,"name":"iPad 2 od pi\u0105tku w Polsce","previousItem":{"@type":"ListItem","@id":"https:\/\/www.ipod.info.pl\/index.php\/category\/apple\/#listItem","name":"Apple"}}]},{"@type":"Organization","@id":"https:\/\/www.ipod.info.pl\/#organization","name":"iPod.info.pl \u2014 iPod, iPad, iPhone, iBlog","description":"iPod, iPad, iPhone, iPhone 3G, iPhone 3GS, iPhone 4, Apple TV","url":"https:\/\/www.ipod.info.pl\/"},{"@type":"Person","@id":"https:\/\/www.ipod.info.pl\/index.php\/author\/norbi\/#author","url":"https:\/\/www.ipod.info.pl\/index.php\/author\/norbi\/","name":"norbi"},{"@type":"WebPage","@id":"https:\/\/www.ipod.info.pl\/index.php\/ipad-2-od-piatku-w-polsce\/#webpage","url":"https:\/\/www.ipod.info.pl\/index.php\/ipad-2-od-piatku-w-polsce\/","name":"iPad 2 od pi\u0105tku w Polsce | iPod.info.pl \u2014 iPod, iPad, iPhone, iBlog","inLanguage":"pl-PL","isPartOf":{"@id":"https:\/\/www.ipod.info.pl\/#website"},"breadcrumb":{"@id":"https:\/\/www.ipod.info.pl\/index.php\/ipad-2-od-piatku-w-polsce\/#breadcrumblist"},"author":{"@id":"https:\/\/www.ipod.info.pl\/index.php\/author\/norbi\/#author"},"creator":{"@id":"https:\/\/www.ipod.info.pl\/index.php\/author\/norbi\/#author"},"datePublished":"2011-03-22T15:14:01+02:00","dateModified":"2011-03-22T15:16:28+02:00"},{"@type":"WebSite","@id":"https:\/\/www.ipod.info.pl\/#website","url":"https:\/\/www.ipod.info.pl\/","name":"iPod.info.pl \u2014 iPod, iPad, iPhone, iBlog","description":"iPod, iPad, iPhone, iPhone 3G, iPhone 3GS, iPhone 4, Apple TV","inLanguage":"pl-PL","publisher":{"@id":"https:\/\/www.ipod.info.pl\/#organization"}}]},"og:locale":"pl_PL","og:site_name":"iPod.info.pl \u2014 iPod, iPad, iPhone, iBlog | iPod, iPad, iPhone, iPhone 3G, iPhone 3GS, iPhone 4, Apple TV","og:type":"article","og:title":"iPad 2 od pi\u0105tku w Polsce | iPod.info.pl \u2014 iPod, iPad, iPhone, iBlog","og:url":"https:\/\/www.ipod.info.pl\/index.php\/ipad-2-od-piatku-w-polsce\/","article:published_time":"2011-03-22T14:14:01+00:00","article:modified_time":"2011-03-22T14:16:28+00:00","twitter:card":"summary_large_image","twitter:title":"iPad 2 od pi\u0105tku w Polsce | iPod.info.pl \u2014 iPod, iPad, iPhone, iBlog"},"aioseo_meta_data":{"post_id":"12301","title":null,"description":null,"keywords":null,"keyphrases":null,"primary_term":null,"canonical_url":null,"og_title":null,"og_description":null,"og_object_type":"default","og_image_type":"default","og_image_url":null,"og_image_width":null,"og_image_height":null,"og_image_custom_url":null,"og_image_custom_fields":null,"og_video":null,"og_custom_url":null,"og_article_section":null,"og_article_tags":null,"twitter_use_og":false,"twitter_card":"default","twitter_image_type":"default","twitter_image_url":null,"twitter_image_custom_url":null,"twitter_image_custom_fields":null,"twitter_title":null,"twitter_description":null,"schema":{"blockGraphs":[],"customGraphs":[],"default":{"data":{"Article":[],"Course":[],"Dataset":[],"FAQPage":[],"Movie":[],"Person":[],"Product":[],"ProductReview":[],"Car":[],"Recipe":[],"Service":[],"SoftwareApplication":[],"WebPage":[]},"graphName":"","isEnabled":true},"graphs":[]},"schema_type":"default","schema_type_options":null,"pillar_content":false,"robots_default":true,"robots_noindex":false,"robots_noarchive":false,"robots_nosnippet":false,"robots_nofollow":false,"robots_noimageindex":false,"robots_noodp":false,"robots_notranslate":false,"robots_max_snippet":null,"robots_max_videopreview":null,"robots_max_imagepreview":"large","priority":null,"frequency":null,"local_seo":null,"limit_modified_date":false,"created":"2024-07-03 14:11:22","updated":"2026-08-13 19:42:18","focus_keyword":null,"additional_keywords":null,"truseo_locale":null,"ai":null,"breadcrumb_settings":null,"seo_analyzer_scan_date":null},"aioseo_breadcrumb":"<div class=\"aioseo-breadcrumbs\"><span class=\"aioseo-breadcrumb\">\n\t\t\t<a href=\"https:\/\/www.ipod.info.pl\" title=\"Dom\">Dom<\/a>\n\t\t<\/span><span class=\"aioseo-breadcrumb-separator\">&raquo;<\/span><span class=\"aioseo-breadcrumb\">\n\t\t\t<a href=\"https:\/\/www.ipod.info.pl\/index.php\/category\/apple\/\" title=\"Apple\">Apple<\/a>\n\t\t<\/span><span class=\"aioseo-breadcrumb-separator\">&raquo;<\/span><span class=\"aioseo-breadcrumb\">\n\t\t\tiPad 2 od pi\u0105tku w Polsce\n\t\t<\/span><\/div>","aioseo_breadcrumb_json":[{"label":"Dom","link":"https:\/\/www.ipod.info.pl"},{"label":"Apple","link":"https:\/\/www.ipod.info.pl\/index.php\/category\/apple\/"},{"label":"iPad 2 od pi\u0105tku w Polsce","link":"https:\/\/www.ipod.info.pl\/index.php\/ipad-2-od-piatku-w-polsce\/"}],"_links":{"self":[{"href":"https:\/\/www.ipod.info.pl\/index.php\/wp-json\/wp\/v2\/posts\/12301","targetHints":{"allow":["GET"]}}],"collection":[{"href":"https:\/\/www.ipod.info.pl\/index.php\/wp-json\/wp\/v2\/posts"}],"about":[{"href":"https:\/\/www.ipod.info.pl\/index.php\/wp-json\/wp\/v2\/types\/post"}],"author":[{"embeddable":true,"href":"https:\/\/www.ipod.info.pl\/index.php\/wp-json\/wp\/v2\/users\/2"}],"replies":[{"embeddable":true,"href":"https:\/\/www.ipod.info.pl\/index.php\/wp-json\/wp\/v2\/comments?post=12301"}],"version-history":[{"count":3,"href":"https:\/\/www.ipod.info.pl\/index.php\/wp-json\/wp\/v2\/posts\/12301\/revisions"}],"predecessor-version":[{"id":12304,"href":"https:\/\/www.ipod.info.pl\/index.php\/wp-json\/wp\/v2\/posts\/12301\/revisions\/12304"}],"wp:attachment":[{"href":"https:\/\/www.ipod.info.pl\/index.php\/wp-json\/wp\/v2\/media?parent=12301"}],"wp:term":[{"taxonomy":"category","embeddable":true,"href":"https:\/\/www.ipod.info.pl\/index.php\/wp-json\/wp\/v2\/categories?post=12301"},{"taxonomy":"post_tag","embeddable":true,"href":"https:\/\/www.ipod.info.pl\/index.php\/wp-json\/wp\/v2\/tags?post=12301"}],"curies":[{"name":"wp","href":"https:\/\/api.w.org\/{rel}","templated":true}]}}