{"id":12505,"date":"2011-04-06T21:59:25","date_gmt":"2011-04-06T19:59:25","guid":{"rendered":"http:\/\/www.ipod.info.pl\/?p=12505"},"modified":"2011-04-06T21:59:25","modified_gmt":"2011-04-06T19:59:25","slug":"pytanie-ostateczne-ipad-2","status":"publish","type":"post","link":"https:\/\/www.ipod.info.pl\/index.php\/pytanie-ostateczne-ipad-2\/","title":{"rendered":"Pytanie ostateczne &#8211; iPad 2 &#8230;"},"content":{"rendered":"<p style=\"text-align: center;\">&#8230; Bia\u0142y vs Czarny<br \/>\n<a href=\"http:\/\/www.ipod.info.pl\/wp-content\/uploads\/2011\/04\/DSC_1777.jpg\"><img loading=\"lazy\" decoding=\"async\" class=\"aligncenter size-large wp-image-12506\" title=\"DSC_1777\" src=\"http:\/\/www.ipod.info.pl\/wp-content\/uploads\/2011\/04\/DSC_1777-1024x558.jpg\" alt=\"\" width=\"525\" height=\"286\" srcset=\"https:\/\/www.ipod.info.pl\/wp-content\/uploads\/2011\/04\/DSC_1777-1024x558.jpg 1024w, https:\/\/www.ipod.info.pl\/wp-content\/uploads\/2011\/04\/DSC_1777-120x65.jpg 120w, https:\/\/www.ipod.info.pl\/wp-content\/uploads\/2011\/04\/DSC_1777-300x163.jpg 300w, https:\/\/www.ipod.info.pl\/wp-content\/uploads\/2011\/04\/DSC_1777.jpg 1500w\" sizes=\"(max-width: 525px) 100vw, 525px\" \/><\/a><\/p>\n<p>Jakie jest Wasze zdanie? Kt\u00f3ry \u0142adniejszy? G\u0142osujcie!n<\/p>\n<div>\n\t<div class='democracy'>\n\t\t<strong class=\"poll-question\">Je\u015bli iPad 2 to<\/strong>\n\t\t<div class='dem-results'>\n\t\t<form action='https:\/\/www.ipod.info.pl\/wp-content\/plugins\/democracy\/democracy.php' onsubmit='return dem_Vote(this)'>\n\t\t<ul>\n\t\t\t<li>\n\t\t\t\t\t<input type='radio' id='dem-choice-216' value='216' name='dem_poll_34' \/>\n\t\t\t\t\t<label for='dem-choice-216'>Czarny<\/label>\n\t\t\t<\/li>\n\t\t\t<li>\n\t\t\t\t\t<input type='radio' id='dem-choice-215' value='215' name='dem_poll_34' \/>\n\t\t\t\t\t<label for='dem-choice-215'>Bia\u0142y<\/label>\n\t\t\t<\/li>\n\t\t<\/ul>\n\t\t\t<input type='hidden' name='dem_poll_id' value='34' \/>\n\t\t\t<input type='hidden' name='dem_action' value='vote' \/>\n\t\t\t<input type='submit' class='dem-vote-button' value='Vote' \/>\n\t\t\t<a href='\/index.php\/wp-json\/wp\/v2\/posts\/12505?dem_action=view&amp;dem_poll_id=34' onclick='return dem_getVotes(\"https:\/\/www.ipod.info.pl\/wp-content\/plugins\/democracy\/democracy.php?dem_action=view&amp;dem_poll_id=34\", this)' rel='nofollow' class='dem-vote-link'>View Results<\/a>\n\t\t<\/form>\n\t\t<\/div>\n\t<\/div><\/div>\n","protected":false},"excerpt":{"rendered":"<p>&#8230; Bia\u0142y vs Czarny Jakie jest Wasze zdanie? Kt\u00f3ry \u0142adniejszy? G\u0142osujcie!n Je\u015bli iPad 2 to Czarny Bia\u0142y View Results<\/p>\n","protected":false},"author":2,"featured_media":0,"comment_status":"open","ping_status":"open","sticky":false,"template":"","format":"standard","meta":{"footnotes":""},"categories":[69],"tags":[],"aioseo_notices":[],"_links":{"self":[{"href":"https:\/\/www.ipod.info.pl\/index.php\/wp-json\/wp\/v2\/posts\/12505"}],"collection":[{"href":"https:\/\/www.ipod.info.pl\/index.php\/wp-json\/wp\/v2\/posts"}],"about":[{"href":"https:\/\/www.ipod.info.pl\/index.php\/wp-json\/wp\/v2\/types\/post"}],"author":[{"embeddable":true,"href":"https:\/\/www.ipod.info.pl\/index.php\/wp-json\/wp\/v2\/users\/2"}],"replies":[{"embeddable":true,"href":"https:\/\/www.ipod.info.pl\/index.php\/wp-json\/wp\/v2\/comments?post=12505"}],"version-history":[{"count":3,"href":"https:\/\/www.ipod.info.pl\/index.php\/wp-json\/wp\/v2\/posts\/12505\/revisions"}],"predecessor-version":[{"id":12510,"href":"https:\/\/www.ipod.info.pl\/index.php\/wp-json\/wp\/v2\/posts\/12505\/revisions\/12510"}],"wp:attachment":[{"href":"https:\/\/www.ipod.info.pl\/index.php\/wp-json\/wp\/v2\/media?parent=12505"}],"wp:term":[{"taxonomy":"category","embeddable":true,"href":"https:\/\/www.ipod.info.pl\/index.php\/wp-json\/wp\/v2\/categories?post=12505"},{"taxonomy":"post_tag","embeddable":true,"href":"https:\/\/www.ipod.info.pl\/index.php\/wp-json\/wp\/v2\/tags?post=12505"}],"curies":[{"name":"wp","href":"https:\/\/api.w.org\/{rel}","templated":true}]}}