{"id":12792,"date":"2011-05-10T22:53:06","date_gmt":"2011-05-10T20:53:06","guid":{"rendered":"http:\/\/www.ipod.info.pl\/?p=12792"},"modified":"2013-04-28T21:55:42","modified_gmt":"2013-04-28T19:55:42","slug":"ipod-nano-7g-z-kamera-po-raz-drugi","status":"publish","type":"post","link":"https:\/\/www.ipod.info.pl\/index.php\/ipod-nano-7g-z-kamera-po-raz-drugi\/","title":{"rendered":"iPod nano 7G z kamer\u0105 po raz drugi?"},"content":{"rendered":"<p style=\"text-align: justify;\"><a href=\"http:\/\/www.ipod.info.pl\/wp-content\/uploads\/2011\/05\/ipod_nano_7g.jpg\"><img loading=\"lazy\" decoding=\"async\" class=\"alignright size-medium wp-image-12793\" title=\"ipod_nano_7g\" alt=\"\" src=\"http:\/\/www.ipod.info.pl\/wp-content\/uploads\/2011\/05\/ipod_nano_7g-300x140.jpg\" width=\"300\" height=\"140\" srcset=\"https:\/\/www.ipod.info.pl\/wp-content\/uploads\/2011\/05\/ipod_nano_7g-300x140.jpg 300w, https:\/\/www.ipod.info.pl\/wp-content\/uploads\/2011\/05\/ipod_nano_7g-120x56.jpg 120w, https:\/\/www.ipod.info.pl\/wp-content\/uploads\/2011\/05\/ipod_nano_7g.jpg 604w\" sizes=\"auto, (max-width: 300px) 100vw, 300px\" \/><\/a>Heehe kto\u015b tu dawkuje plotki.<br \/>\nPami\u0119tacie pewnie zdj\u0119cie <a href=\"http:\/\/www.ipod.info.pl\/index.php\/ipod-nano-7g-z-kamera\/\">domniemanego iPoda nano 7G<\/a>, kt\u00f3ry wygl\u0105da jak 6 generacja, ale ma kamer\u0119. Wtedy na stronie <a href=\"..\/?s=apple.pro&amp;x=10&amp;y=8\">apple.pro<\/a> widzieli\u015bmy otw\u00f3r kamery od wewn\u0119trznej strony, nieco ponad miesi\u0105c min\u0105\u0142 od tamtego czasu i ju\u017c <a href=\"http:\/\/tw.apple.pro\/?uid-2-action-viewspace-itemid-6535\" target=\"_blank\">pojawia si\u0119 zdj\u0119cie<\/a> od przodu znaczy ty\u0142u iPoda. Na nim r\u00f3wnie\u017c wida\u0107 otw\u00f3r kamery, ale nie wida\u0107 charakterystycznego klipsu znanego z Nano 6G, bo przecie\u017c by zas\u0142ania\u0142 kamer\u0119. Tyle, \u017ce ten iPod jest jakby stworzony do noszenia w wersji przypi\u0119tej do ubrania i bez klipsu traci sens, wi\u0119c po co w og\u00f3le kamera.<br \/>\nPewnie pomy\u015bla\u0142bym, \u017ce te zdj\u0119cia to efekt zabawy wiertark\u0105 z obudow\u0105 iPoda nano 6G, ale Apple ma najdziwniejsze pomys\u0142y na iPoda nano. &#8222;Pi\u0105tka&#8221; z kamer\u0105, &#8222;sz\u00f3stka&#8221; z dotykowym ekranem &#8211; oba modele nie powinny powsta\u0107, a skoro powsta\u0142y to mo\u017ce powsta\u0107 te\u017c &#8222;si\u00f3demka&#8221; z kamer\u0105. Naprawd\u0119 jestem bardzo ciekaw jaki pomys\u0142 na lini\u0119 iPod\u00f3w ma Apple.<\/p>\n","protected":false},"excerpt":{"rendered":"<p>Heehe kto\u015b tu dawkuje plotki. Pami\u0119tacie pewnie zdj\u0119cie domniemanego iPoda nano 7G, kt\u00f3ry wygl\u0105da jak 6 generacja, ale ma kamer\u0119. Wtedy na stronie apple.pro widzieli\u015bmy otw\u00f3r kamery od wewn\u0119trznej strony, nieco ponad miesi\u0105c min\u0105\u0142 od tamtego czasu i ju\u017c pojawia si\u0119 zdj\u0119cie od przodu znaczy ty\u0142u iPoda. Na nim r\u00f3wnie\u017c wida\u0107 otw\u00f3r kamery, ale nie [&hellip;]<\/p>\n","protected":false},"author":2,"featured_media":0,"comment_status":"open","ping_status":"open","sticky":false,"template":"","format":"standard","meta":{"footnotes":""},"categories":[2,54,65,76],"tags":[],"class_list":["post-12792","post","type-post","status-publish","format-standard","hentry","category-ipod","category-ipod-nano-5g","category-ipod-nano-6g","category-ipod-nano-7g"],"aioseo_notices":[],"aioseo_head":"\n\t\t<!-- All in One SEO 5.0.0.1 - aioseo.com -->\n\t<meta name=\"robots\" content=\"max-image-preview:large\" \/>\n\t<meta name=\"author\" content=\"norbi\"\/>\n\t<link rel=\"canonical\" href=\"https:\/\/www.ipod.info.pl\/index.php\/ipod-nano-7g-z-kamera-po-raz-drugi\/\" \/>\n\t<meta name=\"generator\" content=\"All in One SEO (AIOSEO) 5.0.0.1\" \/>\n\t\t<meta property=\"og:locale\" content=\"pl_PL\" \/>\n\t\t<meta property=\"og:site_name\" content=\"iPod.info.pl \u2014 iPod, iPad, iPhone, iBlog | iPod, iPad, iPhone, iPhone 3G, iPhone 3GS, iPhone 4, Apple TV\" \/>\n\t\t<meta property=\"og:type\" content=\"article\" \/>\n\t\t<meta property=\"og:title\" content=\"iPod nano 7G z kamer\u0105 po raz drugi? | iPod.info.pl \u2014 iPod, iPad, iPhone, iBlog\" \/>\n\t\t<meta property=\"og:url\" content=\"https:\/\/www.ipod.info.pl\/index.php\/ipod-nano-7g-z-kamera-po-raz-drugi\/\" \/>\n\t\t<meta property=\"article:published_time\" content=\"2011-05-10T20:53:06+00:00\" \/>\n\t\t<meta property=\"article:modified_time\" content=\"2013-04-28T19:55:42+00:00\" \/>\n\t\t<meta name=\"twitter:card\" content=\"summary_large_image\" \/>\n\t\t<meta name=\"twitter:title\" content=\"iPod nano 7G z kamer\u0105 po raz drugi? | iPod.info.pl \u2014 iPod, iPad, iPhone, iBlog\" \/>\n\t\t<script type=\"application\/ld+json\" class=\"aioseo-schema\">\n\t\t\t{\"@context\":\"https:\\\/\\\/schema.org\",\"@graph\":[{\"@type\":\"Article\",\"@id\":\"https:\\\/\\\/www.ipod.info.pl\\\/index.php\\\/ipod-nano-7g-z-kamera-po-raz-drugi\\\/#article\",\"name\":\"iPod nano 7G z kamer\\u0105 po raz drugi? | iPod.info.pl \\u2014 iPod, iPad, iPhone, iBlog\",\"headline\":\"iPod nano 7G z kamer\\u0105 po raz drugi?\",\"author\":{\"@id\":\"https:\\\/\\\/www.ipod.info.pl\\\/index.php\\\/author\\\/norbi\\\/#author\"},\"publisher\":{\"@id\":\"https:\\\/\\\/www.ipod.info.pl\\\/#organization\"},\"image\":{\"@type\":\"ImageObject\",\"url\":\"https:\\\/\\\/www.ipod.info.pl\\\/wp-content\\\/uploads\\\/2011\\\/05\\\/ipod_nano_7g.jpg\",\"@id\":\"https:\\\/\\\/www.ipod.info.pl\\\/index.php\\\/ipod-nano-7g-z-kamera-po-raz-drugi\\\/#articleImage\",\"width\":604,\"height\":282},\"datePublished\":\"2011-05-10T22:53:06+02:00\",\"dateModified\":\"2013-04-28T21:55:42+02:00\",\"inLanguage\":\"pl-PL\",\"commentCount\":12,\"mainEntityOfPage\":{\"@id\":\"https:\\\/\\\/www.ipod.info.pl\\\/index.php\\\/ipod-nano-7g-z-kamera-po-raz-drugi\\\/#webpage\"},\"isPartOf\":{\"@id\":\"https:\\\/\\\/www.ipod.info.pl\\\/index.php\\\/ipod-nano-7g-z-kamera-po-raz-drugi\\\/#webpage\"},\"articleSection\":\"iPod, iPod nano 5G, iPod nano 6G, iPod nano 7G\"},{\"@type\":\"BreadcrumbList\",\"@id\":\"https:\\\/\\\/www.ipod.info.pl\\\/index.php\\\/ipod-nano-7g-z-kamera-po-raz-drugi\\\/#breadcrumblist\",\"itemListElement\":[{\"@type\":\"ListItem\",\"@id\":\"https:\\\/\\\/www.ipod.info.pl#listItem\",\"position\":1,\"name\":\"Dom\",\"item\":\"https:\\\/\\\/www.ipod.info.pl\",\"nextItem\":{\"@type\":\"ListItem\",\"@id\":\"https:\\\/\\\/www.ipod.info.pl\\\/index.php\\\/category\\\/ipod\\\/#listItem\",\"name\":\"iPod\"}},{\"@type\":\"ListItem\",\"@id\":\"https:\\\/\\\/www.ipod.info.pl\\\/index.php\\\/category\\\/ipod\\\/#listItem\",\"position\":2,\"name\":\"iPod\",\"item\":\"https:\\\/\\\/www.ipod.info.pl\\\/index.php\\\/category\\\/ipod\\\/\",\"nextItem\":{\"@type\":\"ListItem\",\"@id\":\"https:\\\/\\\/www.ipod.info.pl\\\/index.php\\\/ipod-nano-7g-z-kamera-po-raz-drugi\\\/#listItem\",\"name\":\"iPod nano 7G z kamer\\u0105 po raz drugi?\"},\"previousItem\":{\"@type\":\"ListItem\",\"@id\":\"https:\\\/\\\/www.ipod.info.pl#listItem\",\"name\":\"Dom\"}},{\"@type\":\"ListItem\",\"@id\":\"https:\\\/\\\/www.ipod.info.pl\\\/index.php\\\/ipod-nano-7g-z-kamera-po-raz-drugi\\\/#listItem\",\"position\":3,\"name\":\"iPod nano 7G z kamer\\u0105 po raz drugi?\",\"previousItem\":{\"@type\":\"ListItem\",\"@id\":\"https:\\\/\\\/www.ipod.info.pl\\\/index.php\\\/category\\\/ipod\\\/#listItem\",\"name\":\"iPod\"}}]},{\"@type\":\"Organization\",\"@id\":\"https:\\\/\\\/www.ipod.info.pl\\\/#organization\",\"name\":\"iPod.info.pl \\u2014 iPod, iPad, iPhone, iBlog\",\"description\":\"iPod, iPad, iPhone, iPhone 3G, iPhone 3GS, iPhone 4, Apple TV\",\"url\":\"https:\\\/\\\/www.ipod.info.pl\\\/\"},{\"@type\":\"Person\",\"@id\":\"https:\\\/\\\/www.ipod.info.pl\\\/index.php\\\/author\\\/norbi\\\/#author\",\"url\":\"https:\\\/\\\/www.ipod.info.pl\\\/index.php\\\/author\\\/norbi\\\/\",\"name\":\"norbi\"},{\"@type\":\"WebPage\",\"@id\":\"https:\\\/\\\/www.ipod.info.pl\\\/index.php\\\/ipod-nano-7g-z-kamera-po-raz-drugi\\\/#webpage\",\"url\":\"https:\\\/\\\/www.ipod.info.pl\\\/index.php\\\/ipod-nano-7g-z-kamera-po-raz-drugi\\\/\",\"name\":\"iPod nano 7G z kamer\\u0105 po raz drugi? | iPod.info.pl \\u2014 iPod, iPad, iPhone, iBlog\",\"inLanguage\":\"pl-PL\",\"isPartOf\":{\"@id\":\"https:\\\/\\\/www.ipod.info.pl\\\/#website\"},\"breadcrumb\":{\"@id\":\"https:\\\/\\\/www.ipod.info.pl\\\/index.php\\\/ipod-nano-7g-z-kamera-po-raz-drugi\\\/#breadcrumblist\"},\"author\":{\"@id\":\"https:\\\/\\\/www.ipod.info.pl\\\/index.php\\\/author\\\/norbi\\\/#author\"},\"creator\":{\"@id\":\"https:\\\/\\\/www.ipod.info.pl\\\/index.php\\\/author\\\/norbi\\\/#author\"},\"datePublished\":\"2011-05-10T22:53:06+02:00\",\"dateModified\":\"2013-04-28T21:55:42+02:00\"},{\"@type\":\"WebSite\",\"@id\":\"https:\\\/\\\/www.ipod.info.pl\\\/#website\",\"url\":\"https:\\\/\\\/www.ipod.info.pl\\\/\",\"name\":\"iPod.info.pl \\u2014 iPod, iPad, iPhone, iBlog\",\"description\":\"iPod, iPad, iPhone, iPhone 3G, iPhone 3GS, iPhone 4, Apple TV\",\"inLanguage\":\"pl-PL\",\"publisher\":{\"@id\":\"https:\\\/\\\/www.ipod.info.pl\\\/#organization\"}}]}\n\t\t<\/script>\n\t\t<!-- All in One SEO -->\n\n","aioseo_head_json":{"title":"iPod nano 7G z kamer\u0105 po raz drugi? | iPod.info.pl \u2014 iPod, iPad, iPhone, iBlog","description":"","canonical_url":"https:\/\/www.ipod.info.pl\/index.php\/ipod-nano-7g-z-kamera-po-raz-drugi\/","robots":"max-image-preview:large","keywords":"","webmasterTools":{"miscellaneous":""},"schema":{"@context":"https:\/\/schema.org","@graph":[{"@type":"Article","@id":"https:\/\/www.ipod.info.pl\/index.php\/ipod-nano-7g-z-kamera-po-raz-drugi\/#article","name":"iPod nano 7G z kamer\u0105 po raz drugi? | iPod.info.pl \u2014 iPod, iPad, iPhone, iBlog","headline":"iPod nano 7G z kamer\u0105 po raz drugi?","author":{"@id":"https:\/\/www.ipod.info.pl\/index.php\/author\/norbi\/#author"},"publisher":{"@id":"https:\/\/www.ipod.info.pl\/#organization"},"image":{"@type":"ImageObject","url":"https:\/\/www.ipod.info.pl\/wp-content\/uploads\/2011\/05\/ipod_nano_7g.jpg","@id":"https:\/\/www.ipod.info.pl\/index.php\/ipod-nano-7g-z-kamera-po-raz-drugi\/#articleImage","width":604,"height":282},"datePublished":"2011-05-10T22:53:06+02:00","dateModified":"2013-04-28T21:55:42+02:00","inLanguage":"pl-PL","commentCount":12,"mainEntityOfPage":{"@id":"https:\/\/www.ipod.info.pl\/index.php\/ipod-nano-7g-z-kamera-po-raz-drugi\/#webpage"},"isPartOf":{"@id":"https:\/\/www.ipod.info.pl\/index.php\/ipod-nano-7g-z-kamera-po-raz-drugi\/#webpage"},"articleSection":"iPod, iPod nano 5G, iPod nano 6G, iPod nano 7G"},{"@type":"BreadcrumbList","@id":"https:\/\/www.ipod.info.pl\/index.php\/ipod-nano-7g-z-kamera-po-raz-drugi\/#breadcrumblist","itemListElement":[{"@type":"ListItem","@id":"https:\/\/www.ipod.info.pl#listItem","position":1,"name":"Dom","item":"https:\/\/www.ipod.info.pl","nextItem":{"@type":"ListItem","@id":"https:\/\/www.ipod.info.pl\/index.php\/category\/ipod\/#listItem","name":"iPod"}},{"@type":"ListItem","@id":"https:\/\/www.ipod.info.pl\/index.php\/category\/ipod\/#listItem","position":2,"name":"iPod","item":"https:\/\/www.ipod.info.pl\/index.php\/category\/ipod\/","nextItem":{"@type":"ListItem","@id":"https:\/\/www.ipod.info.pl\/index.php\/ipod-nano-7g-z-kamera-po-raz-drugi\/#listItem","name":"iPod nano 7G z kamer\u0105 po raz drugi?"},"previousItem":{"@type":"ListItem","@id":"https:\/\/www.ipod.info.pl#listItem","name":"Dom"}},{"@type":"ListItem","@id":"https:\/\/www.ipod.info.pl\/index.php\/ipod-nano-7g-z-kamera-po-raz-drugi\/#listItem","position":3,"name":"iPod nano 7G z kamer\u0105 po raz drugi?","previousItem":{"@type":"ListItem","@id":"https:\/\/www.ipod.info.pl\/index.php\/category\/ipod\/#listItem","name":"iPod"}}]},{"@type":"Organization","@id":"https:\/\/www.ipod.info.pl\/#organization","name":"iPod.info.pl \u2014 iPod, iPad, iPhone, iBlog","description":"iPod, iPad, iPhone, iPhone 3G, iPhone 3GS, iPhone 4, Apple TV","url":"https:\/\/www.ipod.info.pl\/"},{"@type":"Person","@id":"https:\/\/www.ipod.info.pl\/index.php\/author\/norbi\/#author","url":"https:\/\/www.ipod.info.pl\/index.php\/author\/norbi\/","name":"norbi"},{"@type":"WebPage","@id":"https:\/\/www.ipod.info.pl\/index.php\/ipod-nano-7g-z-kamera-po-raz-drugi\/#webpage","url":"https:\/\/www.ipod.info.pl\/index.php\/ipod-nano-7g-z-kamera-po-raz-drugi\/","name":"iPod nano 7G z kamer\u0105 po raz drugi? | iPod.info.pl \u2014 iPod, iPad, iPhone, iBlog","inLanguage":"pl-PL","isPartOf":{"@id":"https:\/\/www.ipod.info.pl\/#website"},"breadcrumb":{"@id":"https:\/\/www.ipod.info.pl\/index.php\/ipod-nano-7g-z-kamera-po-raz-drugi\/#breadcrumblist"},"author":{"@id":"https:\/\/www.ipod.info.pl\/index.php\/author\/norbi\/#author"},"creator":{"@id":"https:\/\/www.ipod.info.pl\/index.php\/author\/norbi\/#author"},"datePublished":"2011-05-10T22:53:06+02:00","dateModified":"2013-04-28T21:55:42+02:00"},{"@type":"WebSite","@id":"https:\/\/www.ipod.info.pl\/#website","url":"https:\/\/www.ipod.info.pl\/","name":"iPod.info.pl \u2014 iPod, iPad, iPhone, iBlog","description":"iPod, iPad, iPhone, iPhone 3G, iPhone 3GS, iPhone 4, Apple TV","inLanguage":"pl-PL","publisher":{"@id":"https:\/\/www.ipod.info.pl\/#organization"}}]},"og:locale":"pl_PL","og:site_name":"iPod.info.pl \u2014 iPod, iPad, iPhone, iBlog | iPod, iPad, iPhone, iPhone 3G, iPhone 3GS, iPhone 4, Apple TV","og:type":"article","og:title":"iPod nano 7G z kamer\u0105 po raz drugi? | iPod.info.pl \u2014 iPod, iPad, iPhone, iBlog","og:url":"https:\/\/www.ipod.info.pl\/index.php\/ipod-nano-7g-z-kamera-po-raz-drugi\/","article:published_time":"2011-05-10T20:53:06+00:00","article:modified_time":"2013-04-28T19:55:42+00:00","twitter:card":"summary_large_image","twitter:title":"iPod nano 7G z kamer\u0105 po raz drugi? | iPod.info.pl \u2014 iPod, iPad, iPhone, iBlog"},"aioseo_meta_data":{"post_id":"12792","title":null,"description":null,"keywords":null,"keyphrases":null,"primary_term":null,"canonical_url":null,"og_title":null,"og_description":null,"og_object_type":"default","og_image_type":"default","og_image_url":null,"og_image_width":null,"og_image_height":null,"og_image_custom_url":null,"og_image_custom_fields":null,"og_video":null,"og_custom_url":null,"og_article_section":null,"og_article_tags":null,"twitter_use_og":false,"twitter_card":"default","twitter_image_type":"default","twitter_image_url":null,"twitter_image_custom_url":null,"twitter_image_custom_fields":null,"twitter_title":null,"twitter_description":null,"schema":{"blockGraphs":[],"customGraphs":[],"default":{"data":{"Article":[],"Course":[],"Dataset":[],"FAQPage":[],"Movie":[],"Person":[],"Product":[],"ProductReview":[],"Car":[],"Recipe":[],"Service":[],"SoftwareApplication":[],"WebPage":[]},"graphName":"","isEnabled":true},"graphs":[]},"schema_type":"default","schema_type_options":null,"pillar_content":false,"robots_default":true,"robots_noindex":false,"robots_noarchive":false,"robots_nosnippet":false,"robots_nofollow":false,"robots_noimageindex":false,"robots_noodp":false,"robots_notranslate":false,"robots_max_snippet":null,"robots_max_videopreview":null,"robots_max_imagepreview":"large","priority":null,"frequency":null,"local_seo":null,"limit_modified_date":false,"created":"2024-07-03 14:09:12","updated":"2026-08-13 20:00:07","focus_keyword":null,"additional_keywords":null,"truseo_locale":null,"ai":null,"breadcrumb_settings":null,"seo_analyzer_scan_date":null},"aioseo_breadcrumb":"<div class=\"aioseo-breadcrumbs\"><span class=\"aioseo-breadcrumb\">\n\t\t\t<a href=\"https:\/\/www.ipod.info.pl\" title=\"Dom\">Dom<\/a>\n\t\t<\/span><span class=\"aioseo-breadcrumb-separator\">&raquo;<\/span><span class=\"aioseo-breadcrumb\">\n\t\t\t<a href=\"https:\/\/www.ipod.info.pl\/index.php\/category\/ipod\/\" title=\"iPod\">iPod<\/a>\n\t\t<\/span><span class=\"aioseo-breadcrumb-separator\">&raquo;<\/span><span class=\"aioseo-breadcrumb\">\n\t\t\tiPod nano 7G z kamer\u0105 po raz drugi?\n\t\t<\/span><\/div>","aioseo_breadcrumb_json":[{"label":"Dom","link":"https:\/\/www.ipod.info.pl"},{"label":"iPod","link":"https:\/\/www.ipod.info.pl\/index.php\/category\/ipod\/"},{"label":"iPod nano 7G z kamer\u0105 po raz drugi?","link":"https:\/\/www.ipod.info.pl\/index.php\/ipod-nano-7g-z-kamera-po-raz-drugi\/"}],"_links":{"self":[{"href":"https:\/\/www.ipod.info.pl\/index.php\/wp-json\/wp\/v2\/posts\/12792","targetHints":{"allow":["GET"]}}],"collection":[{"href":"https:\/\/www.ipod.info.pl\/index.php\/wp-json\/wp\/v2\/posts"}],"about":[{"href":"https:\/\/www.ipod.info.pl\/index.php\/wp-json\/wp\/v2\/types\/post"}],"author":[{"embeddable":true,"href":"https:\/\/www.ipod.info.pl\/index.php\/wp-json\/wp\/v2\/users\/2"}],"replies":[{"embeddable":true,"href":"https:\/\/www.ipod.info.pl\/index.php\/wp-json\/wp\/v2\/comments?post=12792"}],"version-history":[{"count":2,"href":"https:\/\/www.ipod.info.pl\/index.php\/wp-json\/wp\/v2\/posts\/12792\/revisions"}],"predecessor-version":[{"id":19655,"href":"https:\/\/www.ipod.info.pl\/index.php\/wp-json\/wp\/v2\/posts\/12792\/revisions\/19655"}],"wp:attachment":[{"href":"https:\/\/www.ipod.info.pl\/index.php\/wp-json\/wp\/v2\/media?parent=12792"}],"wp:term":[{"taxonomy":"category","embeddable":true,"href":"https:\/\/www.ipod.info.pl\/index.php\/wp-json\/wp\/v2\/categories?post=12792"},{"taxonomy":"post_tag","embeddable":true,"href":"https:\/\/www.ipod.info.pl\/index.php\/wp-json\/wp\/v2\/tags?post=12792"}],"curies":[{"name":"wp","href":"https:\/\/api.w.org\/{rel}","templated":true}]}}