{"id":1325,"date":"2008-03-09T21:21:59","date_gmt":"2008-03-09T20:21:59","guid":{"rendered":"http:\/\/www.ipod.info.pl\/index.php\/kolejny-spalony-ipod\/"},"modified":"2008-03-09T21:26:35","modified_gmt":"2008-03-09T20:26:35","slug":"kolejny-spalony-ipod","status":"publish","type":"post","link":"https:\/\/www.ipod.info.pl\/index.php\/kolejny-spalony-ipod\/","title":{"rendered":"Kolejny samo-zap\u0142on iPoda"},"content":{"rendered":"<p>iPod Nano pierwszej generacji ma niechlubn\u0105 s\u0142aw\u0119 jako odtwarzacz kt\u00f3ry potrafi si\u0119 zapali\u0107 . <a target=\"_blank\" href=\"http:\/\/niketalk.yuku.com\/topic\/52962\">Kolejny u\u017cytkownik wys\u0142a\u0142 na forum<\/a> zdj\u0119cia spalonego iPoda. Jak wida\u0107 na jednym z zdj\u0119\u0107 iPod si\u0119 zapali\u0142 w trakcie \u0142adowania.<\/p>\n<p><a href=\"http:\/\/www.ipod.info.pl\/wp-content\/uploads\/2008\/03\/2ilovo8.jpg\" title=\"Kolejny spalony iPod\"><img decoding=\"async\" src=\"http:\/\/www.ipod.info.pl\/wp-content\/uploads\/2008\/03\/2ilovo8.thumbnail.jpg\" alt=\"Kolejny spalony iPod\" \/><\/a>\u00a0<a href=\"http:\/\/www.ipod.info.pl\/wp-content\/uploads\/2008\/03\/29f8l4z.jpg\" title=\"Kolejny spalony iPod\"><img decoding=\"async\" src=\"http:\/\/www.ipod.info.pl\/wp-content\/uploads\/2008\/03\/29f8l4z.thumbnail.jpg\" alt=\"Kolejny spalony iPod\" \/><\/a>\u00a0<a href=\"http:\/\/www.ipod.info.pl\/wp-content\/uploads\/2008\/03\/2dmbghv.jpg\" title=\"Kolejny spalony iPod\"><img decoding=\"async\" src=\"http:\/\/www.ipod.info.pl\/wp-content\/uploads\/2008\/03\/2dmbghv.thumbnail.jpg\" alt=\"Kolejny spalony iPod\" \/><\/a>\u00a0<a href=\"http:\/\/www.ipod.info.pl\/wp-content\/uploads\/2008\/03\/1zp5pqv.jpg\" title=\"Kolejny spalony iPod\"><img decoding=\"async\" src=\"http:\/\/www.ipod.info.pl\/wp-content\/uploads\/2008\/03\/1zp5pqv.thumbnail.jpg\" alt=\"Kolejny spalony iPod\" \/><\/a><\/p>\n","protected":false},"excerpt":{"rendered":"<p>iPod Nano pierwszej generacji ma niechlubn\u0105 s\u0142aw\u0119 jako odtwarzacz kt\u00f3ry potrafi si\u0119 zapali\u0107 . Kolejny u\u017cytkownik wys\u0142a\u0142 na forum zdj\u0119cia spalonego iPoda. Jak wida\u0107 na jednym z zdj\u0119\u0107 iPod si\u0119 zapali\u0142 w trakcie \u0142adowania. \u00a0\u00a0\u00a0<\/p>\n","protected":false},"author":2,"featured_media":0,"comment_status":"open","ping_status":"open","sticky":false,"template":"","format":"standard","meta":{"footnotes":""},"categories":[2,6],"tags":[],"aioseo_notices":[],"_links":{"self":[{"href":"https:\/\/www.ipod.info.pl\/index.php\/wp-json\/wp\/v2\/posts\/1325"}],"collection":[{"href":"https:\/\/www.ipod.info.pl\/index.php\/wp-json\/wp\/v2\/posts"}],"about":[{"href":"https:\/\/www.ipod.info.pl\/index.php\/wp-json\/wp\/v2\/types\/post"}],"author":[{"embeddable":true,"href":"https:\/\/www.ipod.info.pl\/index.php\/wp-json\/wp\/v2\/users\/2"}],"replies":[{"embeddable":true,"href":"https:\/\/www.ipod.info.pl\/index.php\/wp-json\/wp\/v2\/comments?post=1325"}],"version-history":[{"count":0,"href":"https:\/\/www.ipod.info.pl\/index.php\/wp-json\/wp\/v2\/posts\/1325\/revisions"}],"wp:attachment":[{"href":"https:\/\/www.ipod.info.pl\/index.php\/wp-json\/wp\/v2\/media?parent=1325"}],"wp:term":[{"taxonomy":"category","embeddable":true,"href":"https:\/\/www.ipod.info.pl\/index.php\/wp-json\/wp\/v2\/categories?post=1325"},{"taxonomy":"post_tag","embeddable":true,"href":"https:\/\/www.ipod.info.pl\/index.php\/wp-json\/wp\/v2\/tags?post=1325"}],"curies":[{"name":"wp","href":"https:\/\/api.w.org\/{rel}","templated":true}]}}