{"id":13392,"date":"2011-07-14T23:25:09","date_gmt":"2011-07-14T21:25:09","guid":{"rendered":"http:\/\/www.ipod.info.pl\/?p=13392"},"modified":"2011-07-14T23:25:09","modified_gmt":"2011-07-14T21:25:09","slug":"ipad-3ipad-2-zaczynamy-skladanie","status":"publish","type":"post","link":"https:\/\/www.ipod.info.pl\/index.php\/ipad-3ipad-2-zaczynamy-skladanie\/","title":{"rendered":"iPad 3\/iPad 2+ &#8211; zaczynamy sk\u0142adanie"},"content":{"rendered":"<p><a href=\"http:\/\/www.ipod.info.pl\/wp-content\/uploads\/2011\/07\/55319.jpeg\"><img loading=\"lazy\" decoding=\"async\" class=\"alignright size-medium wp-image-13393\" title=\"iPad 3\/iPad 2+ - zaczynamy sk\u0142adanie\" src=\"http:\/\/www.ipod.info.pl\/wp-content\/uploads\/2011\/07\/55319-300x213.jpg\" alt=\"\" width=\"300\" height=\"213\" srcset=\"https:\/\/www.ipod.info.pl\/wp-content\/uploads\/2011\/07\/55319-300x213.jpg 300w, https:\/\/www.ipod.info.pl\/wp-content\/uploads\/2011\/07\/55319-120x85.jpg 120w, https:\/\/www.ipod.info.pl\/wp-content\/uploads\/2011\/07\/55319.jpeg 500w\" sizes=\"(max-width: 300px) 100vw, 300px\" \/><\/a>Niezawodny serwis\u00a0<a href=\"http:\/\/tw.apple.pro\/?uid-2-action-viewspace-itemid-6576 \" target=\"_blank\">apple.pro<\/a>\u00a0publikuje dzi\u015b zdj\u0119cie tasiemki do z\u0142\u0105cza docka z jakiego\u015b nowego sprz\u0119tu Apple. Kszta\u0142t i rozmiary tasiemki sugeruj\u0105, \u017ce to mo\u017ce by\u0107 iPad, ale tasiemka jest zupe\u0142nie inna ni\u017c ta od iPada 2 czy te\u017c 1. Mo\u017cemy na niej zobaczy\u0107 oznaczenia\u00a0821-1259-06 podczas gdy ta tasiemka w iPadzie 2 ma\u00a0oznaczenie\u00a0821-1180-A.<\/p>\n<p>Czy\u017cby naprawd\u0119 nowa &#8222;komplikacja&#8221; iPada mia\u0142a si\u0119 ukaza\u0107 w tym roku??? Ja nie wierz\u0119. Nie ma opcji.<\/p>\n<p>&nbsp;<\/p>\n","protected":false},"excerpt":{"rendered":"<p>Niezawodny serwis\u00a0apple.pro\u00a0publikuje dzi\u015b zdj\u0119cie tasiemki do z\u0142\u0105cza docka z jakiego\u015b nowego sprz\u0119tu Apple. Kszta\u0142t i rozmiary tasiemki sugeruj\u0105, \u017ce to mo\u017ce by\u0107 iPad, ale tasiemka jest zupe\u0142nie inna ni\u017c ta od iPada 2 czy te\u017c 1. Mo\u017cemy na niej zobaczy\u0107 oznaczenia\u00a0821-1259-06 podczas gdy ta tasiemka w iPadzie 2 ma\u00a0oznaczenie\u00a0821-1180-A. Czy\u017cby naprawd\u0119 nowa &#8222;komplikacja&#8221; iPada mia\u0142a [&hellip;]<\/p>\n","protected":false},"author":2,"featured_media":0,"comment_status":"open","ping_status":"open","sticky":false,"template":"","format":"standard","meta":{"footnotes":""},"categories":[55,69,79],"tags":[],"aioseo_notices":[],"_links":{"self":[{"href":"https:\/\/www.ipod.info.pl\/index.php\/wp-json\/wp\/v2\/posts\/13392"}],"collection":[{"href":"https:\/\/www.ipod.info.pl\/index.php\/wp-json\/wp\/v2\/posts"}],"about":[{"href":"https:\/\/www.ipod.info.pl\/index.php\/wp-json\/wp\/v2\/types\/post"}],"author":[{"embeddable":true,"href":"https:\/\/www.ipod.info.pl\/index.php\/wp-json\/wp\/v2\/users\/2"}],"replies":[{"embeddable":true,"href":"https:\/\/www.ipod.info.pl\/index.php\/wp-json\/wp\/v2\/comments?post=13392"}],"version-history":[{"count":1,"href":"https:\/\/www.ipod.info.pl\/index.php\/wp-json\/wp\/v2\/posts\/13392\/revisions"}],"predecessor-version":[{"id":13394,"href":"https:\/\/www.ipod.info.pl\/index.php\/wp-json\/wp\/v2\/posts\/13392\/revisions\/13394"}],"wp:attachment":[{"href":"https:\/\/www.ipod.info.pl\/index.php\/wp-json\/wp\/v2\/media?parent=13392"}],"wp:term":[{"taxonomy":"category","embeddable":true,"href":"https:\/\/www.ipod.info.pl\/index.php\/wp-json\/wp\/v2\/categories?post=13392"},{"taxonomy":"post_tag","embeddable":true,"href":"https:\/\/www.ipod.info.pl\/index.php\/wp-json\/wp\/v2\/tags?post=13392"}],"curies":[{"name":"wp","href":"https:\/\/api.w.org\/{rel}","templated":true}]}}