{"id":1370,"date":"2008-03-14T13:10:47","date_gmt":"2008-03-14T12:10:47","guid":{"rendered":"http:\/\/www.ipod.info.pl\/index.php\/apple-wwdc-2008\/"},"modified":"2008-03-14T13:13:30","modified_gmt":"2008-03-14T12:13:30","slug":"apple-wwdc-2008","status":"publish","type":"post","link":"https:\/\/www.ipod.info.pl\/index.php\/apple-wwdc-2008\/","title":{"rendered":"Apple WWDC 2008"},"content":{"rendered":"<p><a href=\"http:\/\/www.ipod.info.pl\/wp-content\/uploads\/2008\/03\/index_hero.png\" title=\"Apple WWDC 2008\"><\/a><a href=\"http:\/\/www.ipod.info.pl\/wp-content\/uploads\/2008\/03\/index_hero.jpg\" title=\"Apple WWDC 2008\"><\/a>Apple og\u0142osi\u0142o dat\u0119 <a target=\"_blank\" href=\"http:\/\/developer.apple.com\/wwdc\/?cid=ADR-NAUS-WWDC08-080312-VJO7M&amp;cp=WWDC08&amp;sr=WWDC08\">Worldwide Developer Conference (WWDC)<\/a>. Konferencja odb\u0119dzie si\u0119 w dniach 9-13 czerwca w Moscone Center West w San Francisco. B\u0119dzie ona po\u015bwi\u0119cona g\u0142\u00f3wnie programowaniu pod iPhone. <a target=\"_blank\" href=\"http:\/\/www.ipod.info.pl\/index.php\/sdk-juz-jest\/\">Premiera oprogramowania 2.0 do iPhone<\/a> te\u017c jest planowana na czerwiec, mo\u017cna si\u0119 wi\u0119c spodziewa\u0107, \u017ce nast\u0105pi przed lub w trakcie konferencji. Je\u015bli kto\u015b chcia\u0142by si\u0119 wybra\u0107 to bilety na konferencj\u0119 zaczynaj\u0105 si\u0119 od 1300$<\/p>\n<p align=\"center\"><img decoding=\"async\" src=\"http:\/\/www.ipod.info.pl\/wp-content\/uploads\/2008\/03\/capture_14032008_131227.jpg\" alt=\"Apple WWDC 2008\" \/><\/p>\n","protected":false},"excerpt":{"rendered":"<p>Apple og\u0142osi\u0142o dat\u0119 Worldwide Developer Conference (WWDC). Konferencja odb\u0119dzie si\u0119 w dniach 9-13 czerwca w Moscone Center West w San Francisco. B\u0119dzie ona po\u015bwi\u0119cona g\u0142\u00f3wnie programowaniu pod iPhone. Premiera oprogramowania 2.0 do iPhone te\u017c jest planowana na czerwiec, mo\u017cna si\u0119 wi\u0119c spodziewa\u0107, \u017ce nast\u0105pi przed lub w trakcie konferencji. Je\u015bli kto\u015b chcia\u0142by si\u0119 wybra\u0107 to [&hellip;]<\/p>\n","protected":false},"author":2,"featured_media":0,"comment_status":"open","ping_status":"open","sticky":false,"template":"","format":"standard","meta":{"footnotes":""},"categories":[10,16],"tags":[],"aioseo_notices":[],"_links":{"self":[{"href":"https:\/\/www.ipod.info.pl\/index.php\/wp-json\/wp\/v2\/posts\/1370"}],"collection":[{"href":"https:\/\/www.ipod.info.pl\/index.php\/wp-json\/wp\/v2\/posts"}],"about":[{"href":"https:\/\/www.ipod.info.pl\/index.php\/wp-json\/wp\/v2\/types\/post"}],"author":[{"embeddable":true,"href":"https:\/\/www.ipod.info.pl\/index.php\/wp-json\/wp\/v2\/users\/2"}],"replies":[{"embeddable":true,"href":"https:\/\/www.ipod.info.pl\/index.php\/wp-json\/wp\/v2\/comments?post=1370"}],"version-history":[{"count":0,"href":"https:\/\/www.ipod.info.pl\/index.php\/wp-json\/wp\/v2\/posts\/1370\/revisions"}],"wp:attachment":[{"href":"https:\/\/www.ipod.info.pl\/index.php\/wp-json\/wp\/v2\/media?parent=1370"}],"wp:term":[{"taxonomy":"category","embeddable":true,"href":"https:\/\/www.ipod.info.pl\/index.php\/wp-json\/wp\/v2\/categories?post=1370"},{"taxonomy":"post_tag","embeddable":true,"href":"https:\/\/www.ipod.info.pl\/index.php\/wp-json\/wp\/v2\/tags?post=1370"}],"curies":[{"name":"wp","href":"https:\/\/api.w.org\/{rel}","templated":true}]}}