{"id":1388,"date":"2008-03-16T21:31:39","date_gmt":"2008-03-16T20:31:39","guid":{"rendered":"http:\/\/www.ipod.info.pl\/index.php\/samozaplony-ipoda-touch\/"},"modified":"2008-03-16T21:31:39","modified_gmt":"2008-03-16T20:31:39","slug":"samozaplony-ipoda-touch","status":"publish","type":"post","link":"https:\/\/www.ipod.info.pl\/index.php\/samozaplony-ipoda-touch\/","title":{"rendered":"Samozap\u0142ony iPoda Touch"},"content":{"rendered":"<p>W Internecie mo\u017cna znale\u017a\u0107 ju\u017c <a target=\"_blank\" href=\"http:\/\/www.engadget.com\/2008\/03\/12\/ipod-touch-burns-from-within-with-fiery-passion-and-fire\/\">kilka<\/a> <a target=\"_blank\" href=\"http:\/\/www.engadget.com\/2008\/03\/15\/another-ipod-touch-catches-on-fire-mr-blurrycam-is-there\/\">informacji<\/a> na temat zapalaj\u0105cych si\u0119 do \u015brodka iPod\u00f3w Touch. iPody zapalaj\u0105 si\u0119 w prawym g\u00f3rnym rogu. Zdj\u0119cia kt\u00f3re s\u0105 dost\u0119pne nie s\u0105 ostre, wi\u0119c mog\u0105 by\u0107 fotomonta\u017cem. Jednak jeden z u\u017cytkownik\u00f3w informuje, \u017ce po wys\u0142aniu iPoda do Apple dosta\u0142 nowy egzemplarz, wi\u0119c mo\u017ce co\u015b jest na rzeczy. Apple do\u015b\u0107 cz\u0119sto ma problemy z <a target=\"_blank\" href=\"http:\/\/www.ipod.info.pl\/index.php\/kolejny-spalony-ipod\/\">zapalaniem w\u0142asnych urz\u0105dze\u0144<\/a>. W\u0142adze Japonii nawet oficjalnie badaj\u0105 ju\u017c przyczyny zapale\u0144 si\u0119 baterii w iPodach dotycz\u0105 one jednak\u00a0wersji Nano 1G.<\/p>\n<p><a href=\"http:\/\/www.ipod.info.pl\/wp-content\/uploads\/2008\/03\/ipod-touch-fire-2.jpg\" title=\"Samozap\u0142ony iPoda Touch\"><img decoding=\"async\" src=\"http:\/\/www.ipod.info.pl\/wp-content\/uploads\/2008\/03\/ipod-touch-fire-2.thumbnail.jpg\" alt=\"Samozap\u0142ony iPoda Touch\" \/><\/a>\u00a0<a href=\"http:\/\/www.ipod.info.pl\/wp-content\/uploads\/2008\/03\/ipod-touch-fire-new-1.jpg\" title=\"Samozap\u0142ony iPoda Touch\"><img decoding=\"async\" src=\"http:\/\/www.ipod.info.pl\/wp-content\/uploads\/2008\/03\/ipod-touch-fire-new-1.thumbnail.jpg\" alt=\"Samozap\u0142ony iPoda Touch\" \/><\/a><\/p>\n","protected":false},"excerpt":{"rendered":"<p>W Internecie mo\u017cna znale\u017a\u0107 ju\u017c kilka informacji na temat zapalaj\u0105cych si\u0119 do \u015brodka iPod\u00f3w Touch. iPody zapalaj\u0105 si\u0119 w prawym g\u00f3rnym rogu. Zdj\u0119cia kt\u00f3re s\u0105 dost\u0119pne nie s\u0105 ostre, wi\u0119c mog\u0105 by\u0107 fotomonta\u017cem. Jednak jeden z u\u017cytkownik\u00f3w informuje, \u017ce po wys\u0142aniu iPoda do Apple dosta\u0142 nowy egzemplarz, wi\u0119c mo\u017ce co\u015b jest na rzeczy. Apple do\u015b\u0107 [&hellip;]<\/p>\n","protected":false},"author":2,"featured_media":0,"comment_status":"open","ping_status":"open","sticky":false,"template":"","format":"standard","meta":{"footnotes":""},"categories":[20],"tags":[],"aioseo_notices":[],"_links":{"self":[{"href":"https:\/\/www.ipod.info.pl\/index.php\/wp-json\/wp\/v2\/posts\/1388"}],"collection":[{"href":"https:\/\/www.ipod.info.pl\/index.php\/wp-json\/wp\/v2\/posts"}],"about":[{"href":"https:\/\/www.ipod.info.pl\/index.php\/wp-json\/wp\/v2\/types\/post"}],"author":[{"embeddable":true,"href":"https:\/\/www.ipod.info.pl\/index.php\/wp-json\/wp\/v2\/users\/2"}],"replies":[{"embeddable":true,"href":"https:\/\/www.ipod.info.pl\/index.php\/wp-json\/wp\/v2\/comments?post=1388"}],"version-history":[{"count":0,"href":"https:\/\/www.ipod.info.pl\/index.php\/wp-json\/wp\/v2\/posts\/1388\/revisions"}],"wp:attachment":[{"href":"https:\/\/www.ipod.info.pl\/index.php\/wp-json\/wp\/v2\/media?parent=1388"}],"wp:term":[{"taxonomy":"category","embeddable":true,"href":"https:\/\/www.ipod.info.pl\/index.php\/wp-json\/wp\/v2\/categories?post=1388"},{"taxonomy":"post_tag","embeddable":true,"href":"https:\/\/www.ipod.info.pl\/index.php\/wp-json\/wp\/v2\/tags?post=1388"}],"curies":[{"name":"wp","href":"https:\/\/api.w.org\/{rel}","templated":true}]}}