{"id":13897,"date":"2011-08-25T11:15:47","date_gmt":"2011-08-25T09:15:47","guid":{"rendered":"http:\/\/www.ipod.info.pl\/?p=13897"},"modified":"2011-08-25T11:41:30","modified_gmt":"2011-08-25T09:41:30","slug":"steve-zmienia-gabinet","status":"publish","type":"post","link":"https:\/\/www.ipod.info.pl\/index.php\/steve-zmienia-gabinet\/","title":{"rendered":"Steve zmienia gabinet"},"content":{"rendered":"<p>Tak Tak wiem, \u017ce Steve Jobs odszed\u0142 z stanowiska CEO Apple i zosta\u0142 przewodnicz\u0105cym rady nadzorczej.<br \/>\nCo to znaczy dla Apple? Mam mocno mieszane uczucia. Nie wiem czy w Apple znajdzie si\u0119 osoba potrafi\u0105ca r\u00f3wnie dobrze sprzeda\u0107 wizje i marzenia. Steva zast\u0105pi\u0142 Tima Cook, a pewnie jako pierwsz\u0105 osob\u0119 w Apple widzia\u0142bym Jonathana Ive.<\/p>\n<p>Du\u017co wi\u0119cej o tym powiedzia\u0142em <a href=\"https:\/\/www.facebook.com\/Nadgryzieni\" target=\"_blank\">odcinku Nadgryzionych<\/a> kt\u00f3ry pojawi si\u0119 jutro lub mo\u017ce nawet dzi\u015b.<\/p>\n","protected":false},"excerpt":{"rendered":"<p>Tak Tak wiem, \u017ce Steve Jobs odszed\u0142 z stanowiska CEO Apple i zosta\u0142 przewodnicz\u0105cym rady nadzorczej. Co to znaczy dla Apple? Mam mocno mieszane uczucia. Nie wiem czy w Apple znajdzie si\u0119 osoba potrafi\u0105ca r\u00f3wnie dobrze sprzeda\u0107 wizje i marzenia. Steva zast\u0105pi\u0142 Tima Cook, a pewnie jako pierwsz\u0105 osob\u0119 w Apple widzia\u0142bym Jonathana Ive. Du\u017co [&hellip;]<\/p>\n","protected":false},"author":2,"featured_media":0,"comment_status":"open","ping_status":"open","sticky":false,"template":"","format":"standard","meta":{"footnotes":""},"categories":[10],"tags":[],"aioseo_notices":[],"_links":{"self":[{"href":"https:\/\/www.ipod.info.pl\/index.php\/wp-json\/wp\/v2\/posts\/13897"}],"collection":[{"href":"https:\/\/www.ipod.info.pl\/index.php\/wp-json\/wp\/v2\/posts"}],"about":[{"href":"https:\/\/www.ipod.info.pl\/index.php\/wp-json\/wp\/v2\/types\/post"}],"author":[{"embeddable":true,"href":"https:\/\/www.ipod.info.pl\/index.php\/wp-json\/wp\/v2\/users\/2"}],"replies":[{"embeddable":true,"href":"https:\/\/www.ipod.info.pl\/index.php\/wp-json\/wp\/v2\/comments?post=13897"}],"version-history":[{"count":2,"href":"https:\/\/www.ipod.info.pl\/index.php\/wp-json\/wp\/v2\/posts\/13897\/revisions"}],"predecessor-version":[{"id":13899,"href":"https:\/\/www.ipod.info.pl\/index.php\/wp-json\/wp\/v2\/posts\/13897\/revisions\/13899"}],"wp:attachment":[{"href":"https:\/\/www.ipod.info.pl\/index.php\/wp-json\/wp\/v2\/media?parent=13897"}],"wp:term":[{"taxonomy":"category","embeddable":true,"href":"https:\/\/www.ipod.info.pl\/index.php\/wp-json\/wp\/v2\/categories?post=13897"},{"taxonomy":"post_tag","embeddable":true,"href":"https:\/\/www.ipod.info.pl\/index.php\/wp-json\/wp\/v2\/tags?post=13897"}],"curies":[{"name":"wp","href":"https:\/\/api.w.org\/{rel}","templated":true}]}}