{"id":14608,"date":"2011-11-12T12:32:45","date_gmt":"2011-11-12T10:32:45","guid":{"rendered":"http:\/\/www.ipod.info.pl\/?p=14608"},"modified":"2011-11-12T12:34:15","modified_gmt":"2011-11-12T10:34:15","slug":"znow-startuje-program-wymiany-ipodow-nano-1g","status":"publish","type":"post","link":"https:\/\/www.ipod.info.pl\/index.php\/znow-startuje-program-wymiany-ipodow-nano-1g\/","title":{"rendered":"Zn\u00f3w startuje program wymiany iPod\u00f3w nano 1G"},"content":{"rendered":"<p><a href=\"http:\/\/www.ipod.info.pl\/wp-content\/uploads\/2011\/11\/Zrzut-ekranu-2011-11-12-o-11.30.27.png\"><img loading=\"lazy\" decoding=\"async\" class=\"alignright size-medium wp-image-14609\" title=\"Zn\u00f3w startuje program wymiany iPod\u00f3w nano 1G\" src=\"http:\/\/www.ipod.info.pl\/wp-content\/uploads\/2011\/11\/Zrzut-ekranu-2011-11-12-o-11.30.27-300x224.png\" alt=\"\" width=\"300\" height=\"224\" srcset=\"https:\/\/www.ipod.info.pl\/wp-content\/uploads\/2011\/11\/Zrzut-ekranu-2011-11-12-o-11.30.27-300x224.png 300w, https:\/\/www.ipod.info.pl\/wp-content\/uploads\/2011\/11\/Zrzut-ekranu-2011-11-12-o-11.30.27-120x89.png 120w, https:\/\/www.ipod.info.pl\/wp-content\/uploads\/2011\/11\/Zrzut-ekranu-2011-11-12-o-11.30.27.png 653w\" sizes=\"auto, (max-width: 300px) 100vw, 300px\" \/><\/a>Firma Apple znowu uruchomi\u0142a program bezp\u0142atnej wymiany iPod\u00f3w nano \u00a0&#8230; uwaga&#8230; pierwszej generacji. Oczywi\u015bcie powodem s\u0105 problemy z <a href=\"http:\/\/www.ipod.info.pl\/index.php\/kolejny-spalony-ipod\/\" target=\"_blank\">wybuchaj\u0105c\u0105 bateri\u0105<\/a> o kt\u00f3rych by\u0142o g\u0142o\u015bno jaki\u015b czas temu.<\/p>\n<p>Na <a href=\"http:\/\/www.apple.com\/pl\/support\/ipodnano_replacement\/\" target=\"_blank\">stronach firmy<\/a> mo\u017cemy przeczyta\u0107:<br \/>\n<em>&#8222;Firma Apple ustali\u0142a, \u017ce w niezwykle rzadkich przypadkach baterie iPod\u00f3w nano (1. generacji) mog\u0105 si\u0119 przegrzewa\u0107, stwarzaj\u0105c zagro\u017cenie bezpiecze\u0144stwa. Problem mo\u017ce dotyczy\u0107 iPod\u00f3w nano sprzedawanych w okresie od wrze\u015bnia 2005 r. do grudnia 2006 r.<\/em><br \/>\n<em>Uda\u0142o si\u0119 ustali\u0107, \u017ce \u017ar\u00f3d\u0142em problemu jest jeden dostawca baterii, kt\u00f3ry produkowa\u0142 baterie z wad\u0105 wykonawcz\u0105. Wprawdzie prawdopodobie\u0144stwo wypadku jest znikome, jednak ro\u015bnie ono wraz ze starzeniem si\u0119 baterii&#8221;<\/em><\/p>\n<p>W Polsce nie dzia\u0142a program wymiany online takich iPod\u00f3w, ale mo\u017cna tego dokona\u0107 za po\u015brednictwem autoryzowanych serwis\u00f3w. Mam jednego iPoda, kt\u00f3ry kwalifikuje si\u0119 do takiej wymiany i zamierzam uda\u0107 si\u0119 z nim do serwisu. Przyjemnie b\u0119dzie dosta\u0107 fabrycznie nowego iPoda nano 1G, cho\u0107 ma to trwa\u0107 nawet do 6 tygodni. Ten m\u00f3j najlepsze czasy ma za sob\u0105.<\/p>\n","protected":false},"excerpt":{"rendered":"<p>Firma Apple znowu uruchomi\u0142a program bezp\u0142atnej wymiany iPod\u00f3w nano \u00a0&#8230; uwaga&#8230; pierwszej generacji. Oczywi\u015bcie powodem s\u0105 problemy z wybuchaj\u0105c\u0105 bateri\u0105 o kt\u00f3rych by\u0142o g\u0142o\u015bno jaki\u015b czas temu. Na stronach firmy mo\u017cemy przeczyta\u0107: &#8222;Firma Apple ustali\u0142a, \u017ce w niezwykle rzadkich przypadkach baterie iPod\u00f3w nano (1. generacji) mog\u0105 si\u0119 przegrzewa\u0107, stwarzaj\u0105c zagro\u017cenie bezpiecze\u0144stwa. Problem mo\u017ce dotyczy\u0107 iPod\u00f3w [&hellip;]<\/p>\n","protected":false},"author":2,"featured_media":0,"comment_status":"open","ping_status":"open","sticky":false,"template":"","format":"standard","meta":{"footnotes":""},"categories":[6],"tags":[],"class_list":["post-14608","post","type-post","status-publish","format-standard","hentry","category-ipod-nano-1g"],"aioseo_notices":[],"aioseo_head":"\n\t\t<!-- All in One SEO 5.0.0.1 - aioseo.com -->\n\t<meta name=\"robots\" content=\"max-image-preview:large\" \/>\n\t<meta name=\"author\" content=\"norbi\"\/>\n\t<link rel=\"canonical\" href=\"https:\/\/www.ipod.info.pl\/index.php\/znow-startuje-program-wymiany-ipodow-nano-1g\/\" \/>\n\t<meta name=\"generator\" content=\"All in One SEO (AIOSEO) 5.0.0.1\" \/>\n\t\t<meta property=\"og:locale\" content=\"pl_PL\" \/>\n\t\t<meta property=\"og:site_name\" content=\"iPod.info.pl \u2014 iPod, iPad, iPhone, iBlog | iPod, iPad, iPhone, iPhone 3G, iPhone 3GS, iPhone 4, Apple TV\" \/>\n\t\t<meta property=\"og:type\" content=\"article\" \/>\n\t\t<meta property=\"og:title\" content=\"Zn\u00f3w startuje program wymiany iPod\u00f3w nano 1G | iPod.info.pl \u2014 iPod, iPad, iPhone, iBlog\" \/>\n\t\t<meta property=\"og:url\" content=\"https:\/\/www.ipod.info.pl\/index.php\/znow-startuje-program-wymiany-ipodow-nano-1g\/\" \/>\n\t\t<meta property=\"article:published_time\" content=\"2011-11-12T10:32:45+00:00\" \/>\n\t\t<meta property=\"article:modified_time\" content=\"2011-11-12T10:34:15+00:00\" \/>\n\t\t<meta name=\"twitter:card\" content=\"summary_large_image\" \/>\n\t\t<meta name=\"twitter:title\" content=\"Zn\u00f3w startuje program wymiany iPod\u00f3w nano 1G | iPod.info.pl \u2014 iPod, iPad, iPhone, iBlog\" \/>\n\t\t<script type=\"application\/ld+json\" class=\"aioseo-schema\">\n\t\t\t{\"@context\":\"https:\\\/\\\/schema.org\",\"@graph\":[{\"@type\":\"Article\",\"@id\":\"https:\\\/\\\/www.ipod.info.pl\\\/index.php\\\/znow-startuje-program-wymiany-ipodow-nano-1g\\\/#article\",\"name\":\"Zn\\u00f3w startuje program wymiany iPod\\u00f3w nano 1G | iPod.info.pl \\u2014 iPod, iPad, iPhone, iBlog\",\"headline\":\"Zn\\u00f3w startuje program wymiany iPod\\u00f3w nano 1G\",\"author\":{\"@id\":\"https:\\\/\\\/www.ipod.info.pl\\\/index.php\\\/author\\\/norbi\\\/#author\"},\"publisher\":{\"@id\":\"https:\\\/\\\/www.ipod.info.pl\\\/#organization\"},\"image\":{\"@type\":\"ImageObject\",\"url\":\"https:\\\/\\\/www.ipod.info.pl\\\/wp-content\\\/uploads\\\/2011\\\/11\\\/Zrzut-ekranu-2011-11-12-o-11.30.27.png\",\"@id\":\"https:\\\/\\\/www.ipod.info.pl\\\/index.php\\\/znow-startuje-program-wymiany-ipodow-nano-1g\\\/#articleImage\",\"width\":653,\"height\":488},\"datePublished\":\"2011-11-12T12:32:45+02:00\",\"dateModified\":\"2011-11-12T12:34:15+02:00\",\"inLanguage\":\"pl-PL\",\"commentCount\":46,\"mainEntityOfPage\":{\"@id\":\"https:\\\/\\\/www.ipod.info.pl\\\/index.php\\\/znow-startuje-program-wymiany-ipodow-nano-1g\\\/#webpage\"},\"isPartOf\":{\"@id\":\"https:\\\/\\\/www.ipod.info.pl\\\/index.php\\\/znow-startuje-program-wymiany-ipodow-nano-1g\\\/#webpage\"},\"articleSection\":\"iPod Nano 1G\"},{\"@type\":\"BreadcrumbList\",\"@id\":\"https:\\\/\\\/www.ipod.info.pl\\\/index.php\\\/znow-startuje-program-wymiany-ipodow-nano-1g\\\/#breadcrumblist\",\"itemListElement\":[{\"@type\":\"ListItem\",\"@id\":\"https:\\\/\\\/www.ipod.info.pl#listItem\",\"position\":1,\"name\":\"Dom\",\"item\":\"https:\\\/\\\/www.ipod.info.pl\",\"nextItem\":{\"@type\":\"ListItem\",\"@id\":\"https:\\\/\\\/www.ipod.info.pl\\\/index.php\\\/category\\\/ipod-nano-1g\\\/#listItem\",\"name\":\"iPod Nano 1G\"}},{\"@type\":\"ListItem\",\"@id\":\"https:\\\/\\\/www.ipod.info.pl\\\/index.php\\\/category\\\/ipod-nano-1g\\\/#listItem\",\"position\":2,\"name\":\"iPod Nano 1G\",\"item\":\"https:\\\/\\\/www.ipod.info.pl\\\/index.php\\\/category\\\/ipod-nano-1g\\\/\",\"nextItem\":{\"@type\":\"ListItem\",\"@id\":\"https:\\\/\\\/www.ipod.info.pl\\\/index.php\\\/znow-startuje-program-wymiany-ipodow-nano-1g\\\/#listItem\",\"name\":\"Zn\\u00f3w startuje program wymiany iPod\\u00f3w nano 1G\"},\"previousItem\":{\"@type\":\"ListItem\",\"@id\":\"https:\\\/\\\/www.ipod.info.pl#listItem\",\"name\":\"Dom\"}},{\"@type\":\"ListItem\",\"@id\":\"https:\\\/\\\/www.ipod.info.pl\\\/index.php\\\/znow-startuje-program-wymiany-ipodow-nano-1g\\\/#listItem\",\"position\":3,\"name\":\"Zn\\u00f3w startuje program wymiany iPod\\u00f3w nano 1G\",\"previousItem\":{\"@type\":\"ListItem\",\"@id\":\"https:\\\/\\\/www.ipod.info.pl\\\/index.php\\\/category\\\/ipod-nano-1g\\\/#listItem\",\"name\":\"iPod Nano 1G\"}}]},{\"@type\":\"Organization\",\"@id\":\"https:\\\/\\\/www.ipod.info.pl\\\/#organization\",\"name\":\"iPod.info.pl \\u2014 iPod, iPad, iPhone, iBlog\",\"description\":\"iPod, iPad, iPhone, iPhone 3G, iPhone 3GS, iPhone 4, Apple TV\",\"url\":\"https:\\\/\\\/www.ipod.info.pl\\\/\"},{\"@type\":\"Person\",\"@id\":\"https:\\\/\\\/www.ipod.info.pl\\\/index.php\\\/author\\\/norbi\\\/#author\",\"url\":\"https:\\\/\\\/www.ipod.info.pl\\\/index.php\\\/author\\\/norbi\\\/\",\"name\":\"norbi\"},{\"@type\":\"WebPage\",\"@id\":\"https:\\\/\\\/www.ipod.info.pl\\\/index.php\\\/znow-startuje-program-wymiany-ipodow-nano-1g\\\/#webpage\",\"url\":\"https:\\\/\\\/www.ipod.info.pl\\\/index.php\\\/znow-startuje-program-wymiany-ipodow-nano-1g\\\/\",\"name\":\"Zn\\u00f3w startuje program wymiany iPod\\u00f3w nano 1G | iPod.info.pl \\u2014 iPod, iPad, iPhone, iBlog\",\"inLanguage\":\"pl-PL\",\"isPartOf\":{\"@id\":\"https:\\\/\\\/www.ipod.info.pl\\\/#website\"},\"breadcrumb\":{\"@id\":\"https:\\\/\\\/www.ipod.info.pl\\\/index.php\\\/znow-startuje-program-wymiany-ipodow-nano-1g\\\/#breadcrumblist\"},\"author\":{\"@id\":\"https:\\\/\\\/www.ipod.info.pl\\\/index.php\\\/author\\\/norbi\\\/#author\"},\"creator\":{\"@id\":\"https:\\\/\\\/www.ipod.info.pl\\\/index.php\\\/author\\\/norbi\\\/#author\"},\"datePublished\":\"2011-11-12T12:32:45+02:00\",\"dateModified\":\"2011-11-12T12:34:15+02:00\"},{\"@type\":\"WebSite\",\"@id\":\"https:\\\/\\\/www.ipod.info.pl\\\/#website\",\"url\":\"https:\\\/\\\/www.ipod.info.pl\\\/\",\"name\":\"iPod.info.pl \\u2014 iPod, iPad, iPhone, iBlog\",\"description\":\"iPod, iPad, iPhone, iPhone 3G, iPhone 3GS, iPhone 4, Apple TV\",\"inLanguage\":\"pl-PL\",\"publisher\":{\"@id\":\"https:\\\/\\\/www.ipod.info.pl\\\/#organization\"}}]}\n\t\t<\/script>\n\t\t<!-- All in One SEO -->\n\n","aioseo_head_json":{"title":"Zn\u00f3w startuje program wymiany iPod\u00f3w nano 1G | iPod.info.pl \u2014 iPod, iPad, iPhone, iBlog","description":"","canonical_url":"https:\/\/www.ipod.info.pl\/index.php\/znow-startuje-program-wymiany-ipodow-nano-1g\/","robots":"max-image-preview:large","keywords":"","webmasterTools":{"miscellaneous":""},"schema":{"@context":"https:\/\/schema.org","@graph":[{"@type":"Article","@id":"https:\/\/www.ipod.info.pl\/index.php\/znow-startuje-program-wymiany-ipodow-nano-1g\/#article","name":"Zn\u00f3w startuje program wymiany iPod\u00f3w nano 1G | iPod.info.pl \u2014 iPod, iPad, iPhone, iBlog","headline":"Zn\u00f3w startuje program wymiany iPod\u00f3w nano 1G","author":{"@id":"https:\/\/www.ipod.info.pl\/index.php\/author\/norbi\/#author"},"publisher":{"@id":"https:\/\/www.ipod.info.pl\/#organization"},"image":{"@type":"ImageObject","url":"https:\/\/www.ipod.info.pl\/wp-content\/uploads\/2011\/11\/Zrzut-ekranu-2011-11-12-o-11.30.27.png","@id":"https:\/\/www.ipod.info.pl\/index.php\/znow-startuje-program-wymiany-ipodow-nano-1g\/#articleImage","width":653,"height":488},"datePublished":"2011-11-12T12:32:45+02:00","dateModified":"2011-11-12T12:34:15+02:00","inLanguage":"pl-PL","commentCount":46,"mainEntityOfPage":{"@id":"https:\/\/www.ipod.info.pl\/index.php\/znow-startuje-program-wymiany-ipodow-nano-1g\/#webpage"},"isPartOf":{"@id":"https:\/\/www.ipod.info.pl\/index.php\/znow-startuje-program-wymiany-ipodow-nano-1g\/#webpage"},"articleSection":"iPod Nano 1G"},{"@type":"BreadcrumbList","@id":"https:\/\/www.ipod.info.pl\/index.php\/znow-startuje-program-wymiany-ipodow-nano-1g\/#breadcrumblist","itemListElement":[{"@type":"ListItem","@id":"https:\/\/www.ipod.info.pl#listItem","position":1,"name":"Dom","item":"https:\/\/www.ipod.info.pl","nextItem":{"@type":"ListItem","@id":"https:\/\/www.ipod.info.pl\/index.php\/category\/ipod-nano-1g\/#listItem","name":"iPod Nano 1G"}},{"@type":"ListItem","@id":"https:\/\/www.ipod.info.pl\/index.php\/category\/ipod-nano-1g\/#listItem","position":2,"name":"iPod Nano 1G","item":"https:\/\/www.ipod.info.pl\/index.php\/category\/ipod-nano-1g\/","nextItem":{"@type":"ListItem","@id":"https:\/\/www.ipod.info.pl\/index.php\/znow-startuje-program-wymiany-ipodow-nano-1g\/#listItem","name":"Zn\u00f3w startuje program wymiany iPod\u00f3w nano 1G"},"previousItem":{"@type":"ListItem","@id":"https:\/\/www.ipod.info.pl#listItem","name":"Dom"}},{"@type":"ListItem","@id":"https:\/\/www.ipod.info.pl\/index.php\/znow-startuje-program-wymiany-ipodow-nano-1g\/#listItem","position":3,"name":"Zn\u00f3w startuje program wymiany iPod\u00f3w nano 1G","previousItem":{"@type":"ListItem","@id":"https:\/\/www.ipod.info.pl\/index.php\/category\/ipod-nano-1g\/#listItem","name":"iPod Nano 1G"}}]},{"@type":"Organization","@id":"https:\/\/www.ipod.info.pl\/#organization","name":"iPod.info.pl \u2014 iPod, iPad, iPhone, iBlog","description":"iPod, iPad, iPhone, iPhone 3G, iPhone 3GS, iPhone 4, Apple TV","url":"https:\/\/www.ipod.info.pl\/"},{"@type":"Person","@id":"https:\/\/www.ipod.info.pl\/index.php\/author\/norbi\/#author","url":"https:\/\/www.ipod.info.pl\/index.php\/author\/norbi\/","name":"norbi"},{"@type":"WebPage","@id":"https:\/\/www.ipod.info.pl\/index.php\/znow-startuje-program-wymiany-ipodow-nano-1g\/#webpage","url":"https:\/\/www.ipod.info.pl\/index.php\/znow-startuje-program-wymiany-ipodow-nano-1g\/","name":"Zn\u00f3w startuje program wymiany iPod\u00f3w nano 1G | iPod.info.pl \u2014 iPod, iPad, iPhone, iBlog","inLanguage":"pl-PL","isPartOf":{"@id":"https:\/\/www.ipod.info.pl\/#website"},"breadcrumb":{"@id":"https:\/\/www.ipod.info.pl\/index.php\/znow-startuje-program-wymiany-ipodow-nano-1g\/#breadcrumblist"},"author":{"@id":"https:\/\/www.ipod.info.pl\/index.php\/author\/norbi\/#author"},"creator":{"@id":"https:\/\/www.ipod.info.pl\/index.php\/author\/norbi\/#author"},"datePublished":"2011-11-12T12:32:45+02:00","dateModified":"2011-11-12T12:34:15+02:00"},{"@type":"WebSite","@id":"https:\/\/www.ipod.info.pl\/#website","url":"https:\/\/www.ipod.info.pl\/","name":"iPod.info.pl \u2014 iPod, iPad, iPhone, iBlog","description":"iPod, iPad, iPhone, iPhone 3G, iPhone 3GS, iPhone 4, Apple TV","inLanguage":"pl-PL","publisher":{"@id":"https:\/\/www.ipod.info.pl\/#organization"}}]},"og:locale":"pl_PL","og:site_name":"iPod.info.pl \u2014 iPod, iPad, iPhone, iBlog | iPod, iPad, iPhone, iPhone 3G, iPhone 3GS, iPhone 4, Apple TV","og:type":"article","og:title":"Zn\u00f3w startuje program wymiany iPod\u00f3w nano 1G | iPod.info.pl \u2014 iPod, iPad, iPhone, iBlog","og:url":"https:\/\/www.ipod.info.pl\/index.php\/znow-startuje-program-wymiany-ipodow-nano-1g\/","article:published_time":"2011-11-12T10:32:45+00:00","article:modified_time":"2011-11-12T10:34:15+00:00","twitter:card":"summary_large_image","twitter:title":"Zn\u00f3w startuje program wymiany iPod\u00f3w nano 1G | iPod.info.pl \u2014 iPod, iPad, iPhone, iBlog"},"aioseo_meta_data":{"post_id":"14608","title":null,"description":null,"keywords":null,"keyphrases":null,"primary_term":null,"canonical_url":null,"og_title":null,"og_description":null,"og_object_type":"default","og_image_type":"default","og_image_url":null,"og_image_width":null,"og_image_height":null,"og_image_custom_url":null,"og_image_custom_fields":null,"og_video":null,"og_custom_url":null,"og_article_section":null,"og_article_tags":null,"twitter_use_og":false,"twitter_card":"default","twitter_image_type":"default","twitter_image_url":null,"twitter_image_custom_url":null,"twitter_image_custom_fields":null,"twitter_title":null,"twitter_description":null,"schema":{"blockGraphs":[],"customGraphs":[],"default":{"data":{"Article":[],"Course":[],"Dataset":[],"FAQPage":[],"Movie":[],"Person":[],"Product":[],"ProductReview":[],"Car":[],"Recipe":[],"Service":[],"SoftwareApplication":[],"WebPage":[]},"graphName":"","isEnabled":true},"graphs":[]},"schema_type":"default","schema_type_options":null,"pillar_content":false,"robots_default":true,"robots_noindex":false,"robots_noarchive":false,"robots_nosnippet":false,"robots_nofollow":false,"robots_noimageindex":false,"robots_noodp":false,"robots_notranslate":false,"robots_max_snippet":null,"robots_max_videopreview":null,"robots_max_imagepreview":"large","priority":null,"frequency":null,"local_seo":null,"limit_modified_date":false,"created":"2024-07-03 13:51:13","updated":"2026-08-13 20:35:05","focus_keyword":null,"additional_keywords":null,"truseo_locale":null,"ai":null,"breadcrumb_settings":null,"seo_analyzer_scan_date":null},"aioseo_breadcrumb":"<div class=\"aioseo-breadcrumbs\"><span class=\"aioseo-breadcrumb\">\n\t\t\t<a href=\"https:\/\/www.ipod.info.pl\" title=\"Dom\">Dom<\/a>\n\t\t<\/span><span class=\"aioseo-breadcrumb-separator\">&raquo;<\/span><span class=\"aioseo-breadcrumb\">\n\t\t\t<a href=\"https:\/\/www.ipod.info.pl\/index.php\/category\/ipod-nano-1g\/\" title=\"iPod Nano 1G\">iPod Nano 1G<\/a>\n\t\t<\/span><span class=\"aioseo-breadcrumb-separator\">&raquo;<\/span><span class=\"aioseo-breadcrumb\">\n\t\t\tZn\u00f3w startuje program wymiany iPod\u00f3w nano 1G\n\t\t<\/span><\/div>","aioseo_breadcrumb_json":[{"label":"Dom","link":"https:\/\/www.ipod.info.pl"},{"label":"iPod Nano 1G","link":"https:\/\/www.ipod.info.pl\/index.php\/category\/ipod-nano-1g\/"},{"label":"Zn\u00f3w startuje program wymiany iPod\u00f3w nano 1G","link":"https:\/\/www.ipod.info.pl\/index.php\/znow-startuje-program-wymiany-ipodow-nano-1g\/"}],"_links":{"self":[{"href":"https:\/\/www.ipod.info.pl\/index.php\/wp-json\/wp\/v2\/posts\/14608","targetHints":{"allow":["GET"]}}],"collection":[{"href":"https:\/\/www.ipod.info.pl\/index.php\/wp-json\/wp\/v2\/posts"}],"about":[{"href":"https:\/\/www.ipod.info.pl\/index.php\/wp-json\/wp\/v2\/types\/post"}],"author":[{"embeddable":true,"href":"https:\/\/www.ipod.info.pl\/index.php\/wp-json\/wp\/v2\/users\/2"}],"replies":[{"embeddable":true,"href":"https:\/\/www.ipod.info.pl\/index.php\/wp-json\/wp\/v2\/comments?post=14608"}],"version-history":[{"count":3,"href":"https:\/\/www.ipod.info.pl\/index.php\/wp-json\/wp\/v2\/posts\/14608\/revisions"}],"predecessor-version":[{"id":14611,"href":"https:\/\/www.ipod.info.pl\/index.php\/wp-json\/wp\/v2\/posts\/14608\/revisions\/14611"}],"wp:attachment":[{"href":"https:\/\/www.ipod.info.pl\/index.php\/wp-json\/wp\/v2\/media?parent=14608"}],"wp:term":[{"taxonomy":"category","embeddable":true,"href":"https:\/\/www.ipod.info.pl\/index.php\/wp-json\/wp\/v2\/categories?post=14608"},{"taxonomy":"post_tag","embeddable":true,"href":"https:\/\/www.ipod.info.pl\/index.php\/wp-json\/wp\/v2\/tags?post=14608"}],"curies":[{"name":"wp","href":"https:\/\/api.w.org\/{rel}","templated":true}]}}