{"id":15059,"date":"2011-12-16T15:19:29","date_gmt":"2011-12-16T14:19:29","guid":{"rendered":"http:\/\/www.ipod.info.pl\/?p=15059"},"modified":"2011-12-16T15:21:05","modified_gmt":"2011-12-16T14:21:05","slug":"zaczynamy-skladania-ipada-3-czesc-1","status":"publish","type":"post","link":"https:\/\/www.ipod.info.pl\/index.php\/zaczynamy-skladania-ipada-3-czesc-1\/","title":{"rendered":"Zaczynamy sk\u0142adanie iPada 3 &#8211; cze\u015b\u0107 1"},"content":{"rendered":"<p style=\"text-align: justify;\"><a href=\"http:\/\/www.ipod.info.pl\/wp-content\/uploads\/2011\/12\/65963.jpg\"><img loading=\"lazy\" decoding=\"async\" class=\"alignright size-medium wp-image-15060\" title=\"Zaczynamy sk\u0142adania iPada 3 - cze\u015b\u0107 1\" src=\"http:\/\/www.ipod.info.pl\/wp-content\/uploads\/2011\/12\/65963-250x250.jpg\" alt=\"\" width=\"250\" height=\"250\" srcset=\"https:\/\/www.ipod.info.pl\/wp-content\/uploads\/2011\/12\/65963-250x250.jpg 250w, https:\/\/www.ipod.info.pl\/wp-content\/uploads\/2011\/12\/65963-150x150.jpg 150w, https:\/\/www.ipod.info.pl\/wp-content\/uploads\/2011\/12\/65963.jpg 500w\" sizes=\"(max-width: 250px) 100vw, 250px\" \/><\/a>Tradycyjnie ju\u017c zaczynaj\u0105 wycieka\u0107 do sieci zdj\u0119cia cz\u0119\u015bci do przysz\u0142ej generacji iPada. Mo\u017cemy wi\u0119c oficjalnie rozpocz\u0105\u0107 sk\u0142adanie iPada 3.<\/p>\n<p style=\"text-align: justify;\">Pierwsz\u0105 cz\u0119\u015bci\u0105 jest ta\u015bma na kt\u00f3rej umieszczony jest mikrofon iPada &#8211; <a href=\"http:\/\/www.tvc-mall.com\/details\/Microphone-Mic-Flex-Cable-Ribbon-Replacement-for-iPad-3-Original-IPAD3-902\/\" target=\"_blank\">cena za jedn\u0105 sztuk\u0119 troch\u0119 poni\u017cej 7$<\/a>. Wed\u0142ug serwisu <a href=\"http:\/\/cydiablog.com\/new-ipad-3-internal-replacement-part-appears-hints-major-redesign\/\" target=\"_blank\">cydiablog.com<\/a>\u00a0r\u00f3\u017cni si\u0119 na na tyle od tej samej cz\u0119\u015bci z iPada 2, \u017ce zapowiada zupe\u0142nie inny wygl\u0105d nowej wersji. Nie bardzo wiem co mia\u0142by znaczy\u0107 ten zupe\u0142nie inny wygl\u0105d, w kszta\u0142cie ko\u0142a pewnie nie b\u0119dzie. Ta ta\u015bma mo\u017ce nie jest jak\u0105\u015b spektakularn\u0105 cz\u0119\u015bci\u0105 iPada 3, zdecydowanie wi\u0119cej powie nam ekran &#8211; mo\u017ce Retina &#8211; oraz tylna obudowa.<\/p>\n","protected":false},"excerpt":{"rendered":"<p>Tradycyjnie ju\u017c zaczynaj\u0105 wycieka\u0107 do sieci zdj\u0119cia cz\u0119\u015bci do przysz\u0142ej generacji iPada. Mo\u017cemy wi\u0119c oficjalnie rozpocz\u0105\u0107 sk\u0142adanie iPada 3. Pierwsz\u0105 cz\u0119\u015bci\u0105 jest ta\u015bma na kt\u00f3rej umieszczony jest mikrofon iPada &#8211; cena za jedn\u0105 sztuk\u0119 troch\u0119 poni\u017cej 7$. Wed\u0142ug serwisu cydiablog.com\u00a0r\u00f3\u017cni si\u0119 na na tyle od tej samej cz\u0119\u015bci z iPada 2, \u017ce zapowiada zupe\u0142nie inny [&hellip;]<\/p>\n","protected":false},"author":2,"featured_media":0,"comment_status":"open","ping_status":"open","sticky":false,"template":"","format":"standard","meta":{"footnotes":""},"categories":[82],"tags":[],"aioseo_notices":[],"_links":{"self":[{"href":"https:\/\/www.ipod.info.pl\/index.php\/wp-json\/wp\/v2\/posts\/15059"}],"collection":[{"href":"https:\/\/www.ipod.info.pl\/index.php\/wp-json\/wp\/v2\/posts"}],"about":[{"href":"https:\/\/www.ipod.info.pl\/index.php\/wp-json\/wp\/v2\/types\/post"}],"author":[{"embeddable":true,"href":"https:\/\/www.ipod.info.pl\/index.php\/wp-json\/wp\/v2\/users\/2"}],"replies":[{"embeddable":true,"href":"https:\/\/www.ipod.info.pl\/index.php\/wp-json\/wp\/v2\/comments?post=15059"}],"version-history":[{"count":2,"href":"https:\/\/www.ipod.info.pl\/index.php\/wp-json\/wp\/v2\/posts\/15059\/revisions"}],"predecessor-version":[{"id":15062,"href":"https:\/\/www.ipod.info.pl\/index.php\/wp-json\/wp\/v2\/posts\/15059\/revisions\/15062"}],"wp:attachment":[{"href":"https:\/\/www.ipod.info.pl\/index.php\/wp-json\/wp\/v2\/media?parent=15059"}],"wp:term":[{"taxonomy":"category","embeddable":true,"href":"https:\/\/www.ipod.info.pl\/index.php\/wp-json\/wp\/v2\/categories?post=15059"},{"taxonomy":"post_tag","embeddable":true,"href":"https:\/\/www.ipod.info.pl\/index.php\/wp-json\/wp\/v2\/tags?post=15059"}],"curies":[{"name":"wp","href":"https:\/\/api.w.org\/{rel}","templated":true}]}}