{"id":1516,"date":"2008-04-05T22:25:40","date_gmt":"2008-04-05T20:25:40","guid":{"rendered":"http:\/\/www.ipod.info.pl\/?p=1516"},"modified":"2008-04-06T00:57:15","modified_gmt":"2008-04-05T22:57:15","slug":"nowy-iphone-za-60-dni","status":"publish","type":"post","link":"https:\/\/www.ipod.info.pl\/index.php\/nowy-iphone-za-60-dni\/","title":{"rendered":"Nowy iPhone za 60 dni?"},"content":{"rendered":"<p>Walt Mossberg ameryka\u0144ski dziennikarz specjalizuj\u0105cy si\u0119 w bran\u017cy IT i znajomy Steva Jobsa stwierdzi\u0142 w wywiadzie, \u017ce nowa generacja iPhone z \u0142\u0105czno\u015bci\u0105 3G pojawi si\u0119 za 60 dni. S\u0142owa te mo\u017cna us\u0142ysze\u0107 w 6 minucie 53 sekundzie wywiadu kt\u00f3rego udzieli\u0142. Za 60 dni czyli czerwiec, czyli planowana prezentacja nowego <a href=\"http:\/\/www.ipod.info.pl\/index.php\/iphone-ipod-touch-faza-2\/\" target=\"_blank\">softu 2.0 do obecnego iPhone<\/a>. Ja osobi\u015bcie uwa\u017cam, \u017ce premiera ta b\u0119dzie mia\u0142a miejsce p\u00f3\u017aniej czyli wrze\u015bniu na <a href=\"http:\/\/www.ipod.info.pl\/index.php\/iphone-3g-iphone-extreme-iphon3\/\" target=\"_blank\">Apple Expo w Pary\u017cu<\/a>. Cho\u0107 wola\u0142bym \u017ceby by\u0142o to szybciej bo chcia\u0142bym zmieni\u0107 telefon a nic lepszego ni\u017c iPhone nie ma :)<\/p>\n<p><object classid=\"clsid:d27cdb6e-ae6d-11cf-96b8-444553540000\" width=\"400\" height=\"255\" codebase=\"http:\/\/download.macromedia.com\/pub\/shockwave\/cabs\/flash\/swflash.cab#version=6,0,40,0\"><param name=\"id\" value=\"showplayer\" \/><param name=\"quality\" value=\"best\" \/><param name=\"src\" value=\"http:\/\/blip.tv\/scripts\/flash\/showplayer.swf?tabType3=none&amp;tabUrl3=undefined&amp;tabTitle3=undefined&amp;tabType2=none&amp;tabUrl2=undefined&amp;tabTitle2=undefined&amp;tabType1=none&amp;tabUrl1=undefined&amp;tabTitle1=undefined&amp;enablejs=true&amp;feedurl=http%3A%2F%2Fbeettv%2Eblip%2Etv%2Frss%2Fflash&amp;file=http%3A%2F%2Fblip%2Etv%2Frss%2Fflash%2F801182&amp;thumb=http%3A%2F%2Fpanther2%2Evideo%2Eblip%2Etv%2FPlesstv%2DFTCShouldStopVerizonFromCallingDSLBroadbandWaltMossberg532%2Epng&amp;brandlink=http%3A%2F%2Fwww%2Ebeet%2Etv%2F&amp;brandname=Beet%2ETV&amp;showguidebutton=false&amp;showplayerpath=http%3A%2F%2Fblip%2Etv%2Fscripts%2Fflash%2Fshowplayer%2Eswf\" \/><embed id=\"showplayer\" type=\"application\/x-shockwave-flash\" width=\"400\" height=\"255\" src=\"http:\/\/blip.tv\/scripts\/flash\/showplayer.swf?tabType3=none&amp;tabUrl3=undefined&amp;tabTitle3=undefined&amp;tabType2=none&amp;tabUrl2=undefined&amp;tabTitle2=undefined&amp;tabType1=none&amp;tabUrl1=undefined&amp;tabTitle1=undefined&amp;enablejs=true&amp;feedurl=http%3A%2F%2Fbeettv%2Eblip%2Etv%2Frss%2Fflash&amp;file=http%3A%2F%2Fblip%2Etv%2Frss%2Fflash%2F801182&amp;thumb=http%3A%2F%2Fpanther2%2Evideo%2Eblip%2Etv%2FPlesstv%2DFTCShouldStopVerizonFromCallingDSLBroadbandWaltMossberg532%2Epng&amp;brandlink=http%3A%2F%2Fwww%2Ebeet%2Etv%2F&amp;brandname=Beet%2ETV&amp;showguidebutton=false&amp;showplayerpath=http%3A%2F%2Fblip%2Etv%2Fscripts%2Fflash%2Fshowplayer%2Eswf\" quality=\"best\"><\/embed><\/object><\/p>\n","protected":false},"excerpt":{"rendered":"<p>Walt Mossberg ameryka\u0144ski dziennikarz specjalizuj\u0105cy si\u0119 w bran\u017cy IT i znajomy Steva Jobsa stwierdzi\u0142 w wywiadzie, \u017ce nowa generacja iPhone z \u0142\u0105czno\u015bci\u0105 3G pojawi si\u0119 za 60 dni. S\u0142owa te mo\u017cna us\u0142ysze\u0107 w 6 minucie 53 sekundzie wywiadu kt\u00f3rego udzieli\u0142. Za 60 dni czyli czerwiec, czyli planowana prezentacja nowego softu 2.0 do obecnego iPhone. Ja [&hellip;]<\/p>\n","protected":false},"author":2,"featured_media":0,"comment_status":"open","ping_status":"open","sticky":false,"template":"","format":"standard","meta":{"footnotes":""},"categories":[16,32],"tags":[],"aioseo_notices":[],"_links":{"self":[{"href":"https:\/\/www.ipod.info.pl\/index.php\/wp-json\/wp\/v2\/posts\/1516"}],"collection":[{"href":"https:\/\/www.ipod.info.pl\/index.php\/wp-json\/wp\/v2\/posts"}],"about":[{"href":"https:\/\/www.ipod.info.pl\/index.php\/wp-json\/wp\/v2\/types\/post"}],"author":[{"embeddable":true,"href":"https:\/\/www.ipod.info.pl\/index.php\/wp-json\/wp\/v2\/users\/2"}],"replies":[{"embeddable":true,"href":"https:\/\/www.ipod.info.pl\/index.php\/wp-json\/wp\/v2\/comments?post=1516"}],"version-history":[{"count":0,"href":"https:\/\/www.ipod.info.pl\/index.php\/wp-json\/wp\/v2\/posts\/1516\/revisions"}],"wp:attachment":[{"href":"https:\/\/www.ipod.info.pl\/index.php\/wp-json\/wp\/v2\/media?parent=1516"}],"wp:term":[{"taxonomy":"category","embeddable":true,"href":"https:\/\/www.ipod.info.pl\/index.php\/wp-json\/wp\/v2\/categories?post=1516"},{"taxonomy":"post_tag","embeddable":true,"href":"https:\/\/www.ipod.info.pl\/index.php\/wp-json\/wp\/v2\/tags?post=1516"}],"curies":[{"name":"wp","href":"https:\/\/api.w.org\/{rel}","templated":true}]}}