{"id":15474,"date":"2012-01-18T15:17:15","date_gmt":"2012-01-18T14:17:15","guid":{"rendered":"http:\/\/www.ipod.info.pl\/?p=15474"},"modified":"2012-01-18T15:22:04","modified_gmt":"2012-01-18T14:22:04","slug":"keynote-o-ipad-3-oraz-ios-5-na-poczatku-lutego","status":"publish","type":"post","link":"https:\/\/www.ipod.info.pl\/index.php\/keynote-o-ipad-3-oraz-ios-5-na-poczatku-lutego\/","title":{"rendered":"Keynote o iPad 3 oraz iOS 5 na pocz\u0105tku lutego?"},"content":{"rendered":"<p style=\"text-align: justify;\">Ju\u017c jutro odb\u0119dzie si\u0119 raczej ma\u0142o interesuj\u0105ca &#8211; przynajmniej dla mnie &#8211; <a title=\"Apple o edukacji 19 stycznia w Nowym Jorku\" href=\"http:\/\/www.ipod.info.pl\/index.php\/apple-o-edukacji-19-stycznia-w-nowym-jorku\/\">konferencja Apple po\u015bwi\u0119cona dzia\u0142ce edukacyjnej<\/a>. Jednak kilka dni po niej na pocz\u0105tku lutego ma si\u0119 odby\u0107 inna konferencja tym razem bardzo interesuj\u0105ca bo na niej zaprezentowany ma zosta\u0107 iPad 3\u00a0<a href=\"http:\/\/www.ipod.info.pl\/index.php\/ipad-3-porozmawiajmy-o-nim\/\">(ciekawe ile moich przewidywa\u0144 si\u0119 sprawdzi)<\/a>\u00a0oraz finalna wersja systemu <a href=\"http:\/\/www.ipod.info.pl\/?s=%22iOS+5.1%22\">iOS 5.1<\/a> Przynajmniej tak twierdzi blog <a href=\"http:\/\/www.macotakara.jp\/blog\/index.php?ID=15416\" target=\"_blank\">Macotakara<\/a>, powo\u0142uj\u0105cy si\u0119 oczywi\u015bcie na dobrze sprawdzone \u017ar\u00f3d\u0142a. Dla przypomnienia iPad 2 zosta\u0142 zaprezentowany\u00a0<a href=\"http:\/\/www.ipod.info.pl\/index.php\/ipad-2-done\/\">2 marca 2011 roku<\/a>, a wprowadzony do sprzeda\u017cy ju\u017c <a href=\"http:\/\/www.ipod.info.pl\/index.php\/ipad-2-start-sprzedazy\/\">11 marca<\/a>\u00a0w USA i <a href=\"http:\/\/www.ipod.info.pl\/index.php\/ipad-2-to-juz-dzis\/\">25 marca<\/a> w reszcie \u015bwiata.<\/p>\n<p style=\"text-align: justify;\">Teraz ma by\u0107 podobno inaczej, prezentacja ma si\u0119 odby\u0107 na pocz\u0105tku lutego, a wprowadzenie do sprzeda\u017cy oko\u0142o miesi\u0105c p\u00f3\u017aniej, ale od pocz\u0105tku w wi\u0119kszej ilo\u015bci pa\u0144stw. Polski pewnie w pierwszej transzy nie b\u0119dzie :\/, cho\u0107 mo\u017ce si\u0119 zdarzy jaka\u015b niespodzianka na dzie\u0144 kobiet.<\/p>\n","protected":false},"excerpt":{"rendered":"<p>Ju\u017c jutro odb\u0119dzie si\u0119 raczej ma\u0142o interesuj\u0105ca &#8211; przynajmniej dla mnie &#8211; konferencja Apple po\u015bwi\u0119cona dzia\u0142ce edukacyjnej. Jednak kilka dni po niej na pocz\u0105tku lutego ma si\u0119 odby\u0107 inna konferencja tym razem bardzo interesuj\u0105ca bo na niej zaprezentowany ma zosta\u0107 iPad 3\u00a0(ciekawe ile moich przewidywa\u0144 si\u0119 sprawdzi)\u00a0oraz finalna wersja systemu iOS 5.1 Przynajmniej tak twierdzi [&hellip;]<\/p>\n","protected":false},"author":2,"featured_media":0,"comment_status":"open","ping_status":"open","sticky":false,"template":"","format":"standard","meta":{"footnotes":""},"categories":[55,82,69],"tags":[],"aioseo_notices":[],"_links":{"self":[{"href":"https:\/\/www.ipod.info.pl\/index.php\/wp-json\/wp\/v2\/posts\/15474"}],"collection":[{"href":"https:\/\/www.ipod.info.pl\/index.php\/wp-json\/wp\/v2\/posts"}],"about":[{"href":"https:\/\/www.ipod.info.pl\/index.php\/wp-json\/wp\/v2\/types\/post"}],"author":[{"embeddable":true,"href":"https:\/\/www.ipod.info.pl\/index.php\/wp-json\/wp\/v2\/users\/2"}],"replies":[{"embeddable":true,"href":"https:\/\/www.ipod.info.pl\/index.php\/wp-json\/wp\/v2\/comments?post=15474"}],"version-history":[{"count":3,"href":"https:\/\/www.ipod.info.pl\/index.php\/wp-json\/wp\/v2\/posts\/15474\/revisions"}],"predecessor-version":[{"id":15479,"href":"https:\/\/www.ipod.info.pl\/index.php\/wp-json\/wp\/v2\/posts\/15474\/revisions\/15479"}],"wp:attachment":[{"href":"https:\/\/www.ipod.info.pl\/index.php\/wp-json\/wp\/v2\/media?parent=15474"}],"wp:term":[{"taxonomy":"category","embeddable":true,"href":"https:\/\/www.ipod.info.pl\/index.php\/wp-json\/wp\/v2\/categories?post=15474"},{"taxonomy":"post_tag","embeddable":true,"href":"https:\/\/www.ipod.info.pl\/index.php\/wp-json\/wp\/v2\/tags?post=15474"}],"curies":[{"name":"wp","href":"https:\/\/api.w.org\/{rel}","templated":true}]}}