{"id":15621,"date":"2012-02-01T21:18:19","date_gmt":"2012-02-01T20:18:19","guid":{"rendered":"http:\/\/www.ipod.info.pl\/?p=15621"},"modified":"2012-02-01T21:20:37","modified_gmt":"2012-02-01T20:20:37","slug":"ipod-nano-7g-z-kamera-po-raz-trzeci","status":"publish","type":"post","link":"https:\/\/www.ipod.info.pl\/index.php\/ipod-nano-7g-z-kamera-po-raz-trzeci\/","title":{"rendered":"iPod nano 7G z kamer\u0105 po raz trzeci"},"content":{"rendered":"<p style=\"text-align: justify;\">Serwis\u00a0<a href=\"http:\/\/apple.pro\/index.php?do=\/blog\/3\/\u6709\u93e1\u982dipod-nano\u4e03\u4ee3\u5982\u679c\u518d\u52a0siri\u7684\u8a71\/\" target=\"_blank\">apple.pro<\/a>\u00a0pokaza\u0142 kolejne zdj\u0119cia obudowy prawdopodobnie przysz\u0142ej generacji iPoda nano 7G. Najwi\u0119ksza zmiana to oczywi\u015bcie wbudowana kamera w tyln\u0105 cze\u015b\u0107 o budowy i klips. Dodatkowo zdj\u0119cia te maj\u0105 potwierdzenie w <a href=\"http:\/\/www.ipod.info.pl\/index.php\/ipod-nano-z-glosnikiem\/\">patentach Apple<\/a>, gdzie bardzo dok\u0142adnie wida\u0107, \u017ce firma planuje dodanie kamery do aktualnej generacji Nano.<\/p>\n<p style=\"text-align: justify;\">Tak og\u00f3lnie to zdj\u0119cia te nie wnosz\u0105 nic nowego do tematu, ale tak si\u0119 nie mog\u0119 doczeka\u0107 nowych iPod\u00f3w, \u017ce ka\u017cd\u0105 g\u0142upot\u0119 mog\u0119 opublikowa\u0107 :)<\/p>\n<p style=\"text-align: justify;\"><a href=\"http:\/\/www.ipod.info.pl\/wp-content\/uploads\/2012\/02\/69694.png\"><img loading=\"lazy\" decoding=\"async\" class=\"alignleft size-thumbnail wp-image-15624\" title=\"iPod nano 7G z kamer\u0105 po raz trzeci\" src=\"http:\/\/www.ipod.info.pl\/wp-content\/uploads\/2012\/02\/69694-150x99.png\" alt=\"\" width=\"150\" height=\"99\" srcset=\"https:\/\/www.ipod.info.pl\/wp-content\/uploads\/2012\/02\/69694-150x99.png 150w, https:\/\/www.ipod.info.pl\/wp-content\/uploads\/2012\/02\/69694-250x166.png 250w, https:\/\/www.ipod.info.pl\/wp-content\/uploads\/2012\/02\/69694.png 400w\" sizes=\"(max-width: 150px) 100vw, 150px\" \/><\/a><a href=\"http:\/\/www.ipod.info.pl\/wp-content\/uploads\/2012\/02\/69693.png\"><img loading=\"lazy\" decoding=\"async\" class=\"alignleft size-thumbnail wp-image-15623\" title=\"iPod nano 7G z kamer\u0105 po raz trzeci\" src=\"http:\/\/www.ipod.info.pl\/wp-content\/uploads\/2012\/02\/69693-150x99.png\" alt=\"\" width=\"150\" height=\"99\" srcset=\"https:\/\/www.ipod.info.pl\/wp-content\/uploads\/2012\/02\/69693-150x99.png 150w, https:\/\/www.ipod.info.pl\/wp-content\/uploads\/2012\/02\/69693-250x166.png 250w, https:\/\/www.ipod.info.pl\/wp-content\/uploads\/2012\/02\/69693.png 400w\" sizes=\"(max-width: 150px) 100vw, 150px\" \/><\/a><a href=\"http:\/\/www.ipod.info.pl\/wp-content\/uploads\/2012\/02\/69696.png\"><img loading=\"lazy\" decoding=\"async\" class=\"alignleft size-thumbnail wp-image-15622\" title=\"iPod nano 7G z kamer\u0105 po raz trzeci\" src=\"http:\/\/www.ipod.info.pl\/wp-content\/uploads\/2012\/02\/69696-150x100.png\" alt=\"\" width=\"150\" height=\"100\" srcset=\"https:\/\/www.ipod.info.pl\/wp-content\/uploads\/2012\/02\/69696-150x100.png 150w, https:\/\/www.ipod.info.pl\/wp-content\/uploads\/2012\/02\/69696-250x166.png 250w, https:\/\/www.ipod.info.pl\/wp-content\/uploads\/2012\/02\/69696.png 400w\" sizes=\"(max-width: 150px) 100vw, 150px\" \/><\/a><\/p>\n","protected":false},"excerpt":{"rendered":"<p>Serwis\u00a0apple.pro\u00a0pokaza\u0142 kolejne zdj\u0119cia obudowy prawdopodobnie przysz\u0142ej generacji iPoda nano 7G. Najwi\u0119ksza zmiana to oczywi\u015bcie wbudowana kamera w tyln\u0105 cze\u015b\u0107 o budowy i klips. Dodatkowo zdj\u0119cia te maj\u0105 potwierdzenie w patentach Apple, gdzie bardzo dok\u0142adnie wida\u0107, \u017ce firma planuje dodanie kamery do aktualnej generacji Nano. Tak og\u00f3lnie to zdj\u0119cia te nie wnosz\u0105 nic nowego do tematu, [&hellip;]<\/p>\n","protected":false},"author":2,"featured_media":0,"comment_status":"open","ping_status":"open","sticky":false,"template":"","format":"standard","meta":{"footnotes":""},"categories":[2,76],"tags":[],"aioseo_notices":[],"_links":{"self":[{"href":"https:\/\/www.ipod.info.pl\/index.php\/wp-json\/wp\/v2\/posts\/15621"}],"collection":[{"href":"https:\/\/www.ipod.info.pl\/index.php\/wp-json\/wp\/v2\/posts"}],"about":[{"href":"https:\/\/www.ipod.info.pl\/index.php\/wp-json\/wp\/v2\/types\/post"}],"author":[{"embeddable":true,"href":"https:\/\/www.ipod.info.pl\/index.php\/wp-json\/wp\/v2\/users\/2"}],"replies":[{"embeddable":true,"href":"https:\/\/www.ipod.info.pl\/index.php\/wp-json\/wp\/v2\/comments?post=15621"}],"version-history":[{"count":3,"href":"https:\/\/www.ipod.info.pl\/index.php\/wp-json\/wp\/v2\/posts\/15621\/revisions"}],"predecessor-version":[{"id":15626,"href":"https:\/\/www.ipod.info.pl\/index.php\/wp-json\/wp\/v2\/posts\/15621\/revisions\/15626"}],"wp:attachment":[{"href":"https:\/\/www.ipod.info.pl\/index.php\/wp-json\/wp\/v2\/media?parent=15621"}],"wp:term":[{"taxonomy":"category","embeddable":true,"href":"https:\/\/www.ipod.info.pl\/index.php\/wp-json\/wp\/v2\/categories?post=15621"},{"taxonomy":"post_tag","embeddable":true,"href":"https:\/\/www.ipod.info.pl\/index.php\/wp-json\/wp\/v2\/tags?post=15621"}],"curies":[{"name":"wp","href":"https:\/\/api.w.org\/{rel}","templated":true}]}}