{"id":15745,"date":"2012-02-13T14:41:04","date_gmt":"2012-02-13T13:41:04","guid":{"rendered":"http:\/\/www.ipod.info.pl\/?p=15745"},"modified":"2012-02-13T14:41:04","modified_gmt":"2012-02-13T13:41:04","slug":"kontynuujemy-skladanie-ipad-3-czesc-6","status":"publish","type":"post","link":"https:\/\/www.ipod.info.pl\/index.php\/kontynuujemy-skladanie-ipad-3-czesc-6\/","title":{"rendered":"Kontynuujemy sk\u0142adanie iPada 3 \u2013 cz\u0119\u015b\u0107 6"},"content":{"rendered":"<p style=\"text-align: justify;\"><a href=\"http:\/\/www.ipod.info.pl\/wp-content\/uploads\/2012\/02\/ipad-3-lcd-screw-points-by-ilab-001.jpg\"><img loading=\"lazy\" decoding=\"async\" class=\"alignright size-medium wp-image-15746\" title=\"Kontynuujemy sk\u0142adanie iPada 3 \u2013 cz\u0119\u015b\u0107 6\" src=\"http:\/\/www.ipod.info.pl\/wp-content\/uploads\/2012\/02\/ipad-3-lcd-screw-points-by-ilab-001-250x174.jpg\" alt=\"\" width=\"250\" height=\"174\" srcset=\"https:\/\/www.ipod.info.pl\/wp-content\/uploads\/2012\/02\/ipad-3-lcd-screw-points-by-ilab-001-250x174.jpg 250w, https:\/\/www.ipod.info.pl\/wp-content\/uploads\/2012\/02\/ipad-3-lcd-screw-points-by-ilab-001-150x104.jpg 150w, https:\/\/www.ipod.info.pl\/wp-content\/uploads\/2012\/02\/ipad-3-lcd-screw-points-by-ilab-001-620x433.jpg 620w, https:\/\/www.ipod.info.pl\/wp-content\/uploads\/2012\/02\/ipad-3-lcd-screw-points-by-ilab-001.jpg 657w\" sizes=\"(max-width: 250px) 100vw, 250px\" \/><\/a>Z jednej strony coraz <a title=\"Retina w iPad 3 \u2013 hmmm?\" href=\"http:\/\/www.ipod.info.pl\/index.php\/retina-w-ipad-3-hmmm\/\" target=\"_blank\">mniej wierze w wy\u015bwietlacz Retina<\/a> w iPad 3 z drugiej strony serwis\u00a0<a href=\"http:\/\/9to5mac.com\/2012\/02\/13\/leaked-ipad-3-parts-match-suggest-sharp-made-retina-display\/\" target=\"_blank\">9to5mac.com<\/a>\u00a0pokazuje nowe cz\u0119\u015bci iPada 3 w tym wy\u015bwietlacz. Mia\u0142by by\u0107 on produkcji Sharp i by\u0107 jednak typu Retina o rozdzielczo\u015bci\u00a02048 x 1536 pikseli. Dodatkowo zastosowano w nim podobno podw\u00f3jne pod\u015bwietlenie LED. Dzi\u0119ki niemu obraz ma by\u0107 jeszcze bardziej wyra\u017any i r\u00f3wnomiernie pod\u015bwietlony. Nowy rodzaj pod\u015bwietlenia poci\u0105gn\u0105 za sob\u0105 wzrost o 1mm grubo\u015bci wy\u015bwietlacza i ca\u0142ego iPada.<\/p>\n<p style=\"text-align: justify;\">Ciekawe jaki wp\u0142yw na bateri\u0119 ma taki nowy rodzaj pod\u015bwietlenia?<\/p>\n","protected":false},"excerpt":{"rendered":"<p>Z jednej strony coraz mniej wierze w wy\u015bwietlacz Retina w iPad 3 z drugiej strony serwis\u00a09to5mac.com\u00a0pokazuje nowe cz\u0119\u015bci iPada 3 w tym wy\u015bwietlacz. Mia\u0142by by\u0107 on produkcji Sharp i by\u0107 jednak typu Retina o rozdzielczo\u015bci\u00a02048 x 1536 pikseli. Dodatkowo zastosowano w nim podobno podw\u00f3jne pod\u015bwietlenie LED. Dzi\u0119ki niemu obraz ma by\u0107 jeszcze bardziej wyra\u017any i [&hellip;]<\/p>\n","protected":false},"author":2,"featured_media":0,"comment_status":"open","ping_status":"open","sticky":false,"template":"","format":"standard","meta":{"footnotes":""},"categories":[55,82,69],"tags":[],"aioseo_notices":[],"_links":{"self":[{"href":"https:\/\/www.ipod.info.pl\/index.php\/wp-json\/wp\/v2\/posts\/15745"}],"collection":[{"href":"https:\/\/www.ipod.info.pl\/index.php\/wp-json\/wp\/v2\/posts"}],"about":[{"href":"https:\/\/www.ipod.info.pl\/index.php\/wp-json\/wp\/v2\/types\/post"}],"author":[{"embeddable":true,"href":"https:\/\/www.ipod.info.pl\/index.php\/wp-json\/wp\/v2\/users\/2"}],"replies":[{"embeddable":true,"href":"https:\/\/www.ipod.info.pl\/index.php\/wp-json\/wp\/v2\/comments?post=15745"}],"version-history":[{"count":1,"href":"https:\/\/www.ipod.info.pl\/index.php\/wp-json\/wp\/v2\/posts\/15745\/revisions"}],"predecessor-version":[{"id":15747,"href":"https:\/\/www.ipod.info.pl\/index.php\/wp-json\/wp\/v2\/posts\/15745\/revisions\/15747"}],"wp:attachment":[{"href":"https:\/\/www.ipod.info.pl\/index.php\/wp-json\/wp\/v2\/media?parent=15745"}],"wp:term":[{"taxonomy":"category","embeddable":true,"href":"https:\/\/www.ipod.info.pl\/index.php\/wp-json\/wp\/v2\/categories?post=15745"},{"taxonomy":"post_tag","embeddable":true,"href":"https:\/\/www.ipod.info.pl\/index.php\/wp-json\/wp\/v2\/tags?post=15745"}],"curies":[{"name":"wp","href":"https:\/\/api.w.org\/{rel}","templated":true}]}}