{"id":15805,"date":"2012-02-20T09:46:14","date_gmt":"2012-02-20T08:46:14","guid":{"rendered":"http:\/\/www.ipod.info.pl\/?p=15805"},"modified":"2012-02-20T09:56:21","modified_gmt":"2012-02-20T08:56:21","slug":"kontynuujemy-skladanie-ipada-3-czesc-7","status":"publish","type":"post","link":"https:\/\/www.ipod.info.pl\/index.php\/kontynuujemy-skladanie-ipada-3-czesc-7\/","title":{"rendered":"Kontynuujemy sk\u0142adanie iPada 3 \u2013 cz\u0119\u015b\u0107 7"},"content":{"rendered":"<p><a href=\"http:\/\/www.ipod.info.pl\/wp-content\/uploads\/2012\/02\/71252.jpg\"><img loading=\"lazy\" decoding=\"async\" class=\"alignright size-medium wp-image-15806\" title=\"Kontynuujemy sk\u0142adanie iPada 3 \u2013 cz\u0119\u015b\u0107 7 - p\u0142yta g\u0142\u00f3wna, procesor \" src=\"http:\/\/www.ipod.info.pl\/wp-content\/uploads\/2012\/02\/71252-250x186.jpg\" alt=\"\" width=\"250\" height=\"186\" srcset=\"https:\/\/www.ipod.info.pl\/wp-content\/uploads\/2012\/02\/71252-250x186.jpg 250w, https:\/\/www.ipod.info.pl\/wp-content\/uploads\/2012\/02\/71252-150x112.jpg 150w, https:\/\/www.ipod.info.pl\/wp-content\/uploads\/2012\/02\/71252-620x463.jpg 620w, https:\/\/www.ipod.info.pl\/wp-content\/uploads\/2012\/02\/71252.jpg 1000w\" sizes=\"auto, (max-width: 250px) 100vw, 250px\" \/><\/a>Dzi\u015b \u015bwiat\u0142o dzienne ujrza\u0142 ju\u017c jeden z ostatnich element\u00f3w\u00a0<a href=\"http:\/\/www.ipod.info.pl\/?s=sk\u0142adanie+iPada+3+\u2013+cz\u0119\u015b\u0107\">potrzebnych do z\u0142o\u017cenia iPad 3<\/a> wzgl\u0119dnie iPad 2S. P\u0142yta g\u0142\u00f3wna z procesorem. Zaskoczeniem mo\u017ce by\u0107 to, \u017ce procesor nie jest oznaczony jako A6 tak jak si\u0119 spodziewali\u015bmy, a jako\u00a0A5X. Co mo\u017ce wskazywa\u0107 na to, \u017ce jest to tylko jaka\u015b mutacja procesora obecnego w iPhone 4S oraz iPad 2 czyli A5. Ten nowy procesor posiada oznaczenie S5L8945X (A4 to S5L8930X, A5 to S5L8940X). To samo oznaczenie procesora widzieli\u015bmy ju\u017c w <a href=\"http:\/\/www.ipod.info.pl\/index.php\/ipad-3-wyciekl-sa-zdjecia-i-jesli-to-prawda-to-jest-chyba-niespodzianka\/\">dumpie procesu bootowania<\/a>. Niestety nie wiadomo nic wi\u0119cej na temat tego procesora, nadal nie wiemy przede wszystkim czy ma dwa czy cztery rdzenie. Na tej konkretnej konkretnej p\u0142ycie wida\u0107 tez kod daty produkcji 1146 co wskazuje na 46 tydzie\u0144 roku 2011 czyli 14-20 listopada.<\/p>\n<p>Najnowsze plotki m\u00f3wi\u0105, \u017ce oficjalna prezentacja nowego iPada odb\u0119dzie si\u0119 7 marca, ja jako\u015b osobi\u015bcie nadal uwa\u017cam, \u017ce <a href=\"http:\/\/www.ipod.info.pl\/index.php\/9-marzec-ios-5-1-8-marzec-prezentacja-ipad-3\/\">b\u0119dzie to 8 marca<\/a> :) Tak z przekory :)<\/p>\n","protected":false},"excerpt":{"rendered":"<p>Dzi\u015b \u015bwiat\u0142o dzienne ujrza\u0142 ju\u017c jeden z ostatnich element\u00f3w\u00a0potrzebnych do z\u0142o\u017cenia iPad 3 wzgl\u0119dnie iPad 2S. P\u0142yta g\u0142\u00f3wna z procesorem. Zaskoczeniem mo\u017ce by\u0107 to, \u017ce procesor nie jest oznaczony jako A6 tak jak si\u0119 spodziewali\u015bmy, a jako\u00a0A5X. Co mo\u017ce wskazywa\u0107 na to, \u017ce jest to tylko jaka\u015b mutacja procesora obecnego w iPhone 4S oraz iPad [&hellip;]<\/p>\n","protected":false},"author":2,"featured_media":0,"comment_status":"open","ping_status":"open","sticky":false,"template":"","format":"standard","meta":{"footnotes":""},"categories":[55,82,69],"tags":[],"class_list":["post-15805","post","type-post","status-publish","format-standard","hentry","category-ipad1g","category-ipad-3","category-ipad-2"],"aioseo_notices":[],"aioseo_head":"\n\t\t<!-- All in One SEO 5.0.0.1 - aioseo.com -->\n\t<meta name=\"robots\" content=\"max-image-preview:large\" \/>\n\t<meta name=\"author\" content=\"norbi\"\/>\n\t<link rel=\"canonical\" href=\"https:\/\/www.ipod.info.pl\/index.php\/kontynuujemy-skladanie-ipada-3-czesc-7\/\" \/>\n\t<meta name=\"generator\" content=\"All in One SEO (AIOSEO) 5.0.0.1\" \/>\n\t\t<meta property=\"og:locale\" content=\"pl_PL\" \/>\n\t\t<meta property=\"og:site_name\" content=\"iPod.info.pl \u2014 iPod, iPad, iPhone, iBlog | iPod, iPad, iPhone, iPhone 3G, iPhone 3GS, iPhone 4, Apple TV\" \/>\n\t\t<meta property=\"og:type\" content=\"article\" \/>\n\t\t<meta property=\"og:title\" content=\"Kontynuujemy sk\u0142adanie iPada 3 \u2013 cz\u0119\u015b\u0107 7 | iPod.info.pl \u2014 iPod, iPad, iPhone, iBlog\" \/>\n\t\t<meta property=\"og:url\" content=\"https:\/\/www.ipod.info.pl\/index.php\/kontynuujemy-skladanie-ipada-3-czesc-7\/\" \/>\n\t\t<meta property=\"article:published_time\" content=\"2012-02-20T08:46:14+00:00\" \/>\n\t\t<meta property=\"article:modified_time\" content=\"2012-02-20T08:56:21+00:00\" \/>\n\t\t<meta name=\"twitter:card\" content=\"summary_large_image\" \/>\n\t\t<meta name=\"twitter:title\" content=\"Kontynuujemy sk\u0142adanie iPada 3 \u2013 cz\u0119\u015b\u0107 7 | iPod.info.pl \u2014 iPod, iPad, iPhone, iBlog\" \/>\n\t\t<script type=\"application\/ld+json\" class=\"aioseo-schema\">\n\t\t\t{\"@context\":\"https:\\\/\\\/schema.org\",\"@graph\":[{\"@type\":\"Article\",\"@id\":\"https:\\\/\\\/www.ipod.info.pl\\\/index.php\\\/kontynuujemy-skladanie-ipada-3-czesc-7\\\/#article\",\"name\":\"Kontynuujemy sk\\u0142adanie iPada 3 \\u2013 cz\\u0119\\u015b\\u0107 7 | iPod.info.pl \\u2014 iPod, iPad, iPhone, iBlog\",\"headline\":\"Kontynuujemy sk\\u0142adanie iPada 3 \\u2013 cz\\u0119\\u015b\\u0107 7\",\"author\":{\"@id\":\"https:\\\/\\\/www.ipod.info.pl\\\/index.php\\\/author\\\/norbi\\\/#author\"},\"publisher\":{\"@id\":\"https:\\\/\\\/www.ipod.info.pl\\\/#organization\"},\"image\":{\"@type\":\"ImageObject\",\"url\":\"https:\\\/\\\/www.ipod.info.pl\\\/wp-content\\\/uploads\\\/2012\\\/02\\\/71252.jpg\",\"@id\":\"https:\\\/\\\/www.ipod.info.pl\\\/index.php\\\/kontynuujemy-skladanie-ipada-3-czesc-7\\\/#articleImage\",\"width\":1000,\"height\":747},\"datePublished\":\"2012-02-20T09:46:14+02:00\",\"dateModified\":\"2012-02-20T09:56:21+02:00\",\"inLanguage\":\"pl-PL\",\"commentCount\":14,\"mainEntityOfPage\":{\"@id\":\"https:\\\/\\\/www.ipod.info.pl\\\/index.php\\\/kontynuujemy-skladanie-ipada-3-czesc-7\\\/#webpage\"},\"isPartOf\":{\"@id\":\"https:\\\/\\\/www.ipod.info.pl\\\/index.php\\\/kontynuujemy-skladanie-ipada-3-czesc-7\\\/#webpage\"},\"articleSection\":\"iPad, iPad (3G), iPad 2 (2G)\"},{\"@type\":\"BreadcrumbList\",\"@id\":\"https:\\\/\\\/www.ipod.info.pl\\\/index.php\\\/kontynuujemy-skladanie-ipada-3-czesc-7\\\/#breadcrumblist\",\"itemListElement\":[{\"@type\":\"ListItem\",\"@id\":\"https:\\\/\\\/www.ipod.info.pl#listItem\",\"position\":1,\"name\":\"Dom\",\"item\":\"https:\\\/\\\/www.ipod.info.pl\",\"nextItem\":{\"@type\":\"ListItem\",\"@id\":\"https:\\\/\\\/www.ipod.info.pl\\\/index.php\\\/category\\\/ipad1g\\\/#listItem\",\"name\":\"iPad\"}},{\"@type\":\"ListItem\",\"@id\":\"https:\\\/\\\/www.ipod.info.pl\\\/index.php\\\/category\\\/ipad1g\\\/#listItem\",\"position\":2,\"name\":\"iPad\",\"item\":\"https:\\\/\\\/www.ipod.info.pl\\\/index.php\\\/category\\\/ipad1g\\\/\",\"nextItem\":{\"@type\":\"ListItem\",\"@id\":\"https:\\\/\\\/www.ipod.info.pl\\\/index.php\\\/kontynuujemy-skladanie-ipada-3-czesc-7\\\/#listItem\",\"name\":\"Kontynuujemy sk\\u0142adanie iPada 3 \\u2013 cz\\u0119\\u015b\\u0107 7\"},\"previousItem\":{\"@type\":\"ListItem\",\"@id\":\"https:\\\/\\\/www.ipod.info.pl#listItem\",\"name\":\"Dom\"}},{\"@type\":\"ListItem\",\"@id\":\"https:\\\/\\\/www.ipod.info.pl\\\/index.php\\\/kontynuujemy-skladanie-ipada-3-czesc-7\\\/#listItem\",\"position\":3,\"name\":\"Kontynuujemy sk\\u0142adanie iPada 3 \\u2013 cz\\u0119\\u015b\\u0107 7\",\"previousItem\":{\"@type\":\"ListItem\",\"@id\":\"https:\\\/\\\/www.ipod.info.pl\\\/index.php\\\/category\\\/ipad1g\\\/#listItem\",\"name\":\"iPad\"}}]},{\"@type\":\"Organization\",\"@id\":\"https:\\\/\\\/www.ipod.info.pl\\\/#organization\",\"name\":\"iPod.info.pl \\u2014 iPod, iPad, iPhone, iBlog\",\"description\":\"iPod, iPad, iPhone, iPhone 3G, iPhone 3GS, iPhone 4, Apple TV\",\"url\":\"https:\\\/\\\/www.ipod.info.pl\\\/\"},{\"@type\":\"Person\",\"@id\":\"https:\\\/\\\/www.ipod.info.pl\\\/index.php\\\/author\\\/norbi\\\/#author\",\"url\":\"https:\\\/\\\/www.ipod.info.pl\\\/index.php\\\/author\\\/norbi\\\/\",\"name\":\"norbi\"},{\"@type\":\"WebPage\",\"@id\":\"https:\\\/\\\/www.ipod.info.pl\\\/index.php\\\/kontynuujemy-skladanie-ipada-3-czesc-7\\\/#webpage\",\"url\":\"https:\\\/\\\/www.ipod.info.pl\\\/index.php\\\/kontynuujemy-skladanie-ipada-3-czesc-7\\\/\",\"name\":\"Kontynuujemy sk\\u0142adanie iPada 3 \\u2013 cz\\u0119\\u015b\\u0107 7 | iPod.info.pl \\u2014 iPod, iPad, iPhone, iBlog\",\"inLanguage\":\"pl-PL\",\"isPartOf\":{\"@id\":\"https:\\\/\\\/www.ipod.info.pl\\\/#website\"},\"breadcrumb\":{\"@id\":\"https:\\\/\\\/www.ipod.info.pl\\\/index.php\\\/kontynuujemy-skladanie-ipada-3-czesc-7\\\/#breadcrumblist\"},\"author\":{\"@id\":\"https:\\\/\\\/www.ipod.info.pl\\\/index.php\\\/author\\\/norbi\\\/#author\"},\"creator\":{\"@id\":\"https:\\\/\\\/www.ipod.info.pl\\\/index.php\\\/author\\\/norbi\\\/#author\"},\"datePublished\":\"2012-02-20T09:46:14+02:00\",\"dateModified\":\"2012-02-20T09:56:21+02:00\"},{\"@type\":\"WebSite\",\"@id\":\"https:\\\/\\\/www.ipod.info.pl\\\/#website\",\"url\":\"https:\\\/\\\/www.ipod.info.pl\\\/\",\"name\":\"iPod.info.pl \\u2014 iPod, iPad, iPhone, iBlog\",\"description\":\"iPod, iPad, iPhone, iPhone 3G, iPhone 3GS, iPhone 4, Apple TV\",\"inLanguage\":\"pl-PL\",\"publisher\":{\"@id\":\"https:\\\/\\\/www.ipod.info.pl\\\/#organization\"}}]}\n\t\t<\/script>\n\t\t<!-- All in One SEO -->\n\n","aioseo_head_json":{"title":"Kontynuujemy sk\u0142adanie iPada 3 \u2013 cz\u0119\u015b\u0107 7 | iPod.info.pl \u2014 iPod, iPad, iPhone, iBlog","description":"","canonical_url":"https:\/\/www.ipod.info.pl\/index.php\/kontynuujemy-skladanie-ipada-3-czesc-7\/","robots":"max-image-preview:large","keywords":"","webmasterTools":{"miscellaneous":""},"schema":{"@context":"https:\/\/schema.org","@graph":[{"@type":"Article","@id":"https:\/\/www.ipod.info.pl\/index.php\/kontynuujemy-skladanie-ipada-3-czesc-7\/#article","name":"Kontynuujemy sk\u0142adanie iPada 3 \u2013 cz\u0119\u015b\u0107 7 | iPod.info.pl \u2014 iPod, iPad, iPhone, iBlog","headline":"Kontynuujemy sk\u0142adanie iPada 3 \u2013 cz\u0119\u015b\u0107 7","author":{"@id":"https:\/\/www.ipod.info.pl\/index.php\/author\/norbi\/#author"},"publisher":{"@id":"https:\/\/www.ipod.info.pl\/#organization"},"image":{"@type":"ImageObject","url":"https:\/\/www.ipod.info.pl\/wp-content\/uploads\/2012\/02\/71252.jpg","@id":"https:\/\/www.ipod.info.pl\/index.php\/kontynuujemy-skladanie-ipada-3-czesc-7\/#articleImage","width":1000,"height":747},"datePublished":"2012-02-20T09:46:14+02:00","dateModified":"2012-02-20T09:56:21+02:00","inLanguage":"pl-PL","commentCount":14,"mainEntityOfPage":{"@id":"https:\/\/www.ipod.info.pl\/index.php\/kontynuujemy-skladanie-ipada-3-czesc-7\/#webpage"},"isPartOf":{"@id":"https:\/\/www.ipod.info.pl\/index.php\/kontynuujemy-skladanie-ipada-3-czesc-7\/#webpage"},"articleSection":"iPad, iPad (3G), iPad 2 (2G)"},{"@type":"BreadcrumbList","@id":"https:\/\/www.ipod.info.pl\/index.php\/kontynuujemy-skladanie-ipada-3-czesc-7\/#breadcrumblist","itemListElement":[{"@type":"ListItem","@id":"https:\/\/www.ipod.info.pl#listItem","position":1,"name":"Dom","item":"https:\/\/www.ipod.info.pl","nextItem":{"@type":"ListItem","@id":"https:\/\/www.ipod.info.pl\/index.php\/category\/ipad1g\/#listItem","name":"iPad"}},{"@type":"ListItem","@id":"https:\/\/www.ipod.info.pl\/index.php\/category\/ipad1g\/#listItem","position":2,"name":"iPad","item":"https:\/\/www.ipod.info.pl\/index.php\/category\/ipad1g\/","nextItem":{"@type":"ListItem","@id":"https:\/\/www.ipod.info.pl\/index.php\/kontynuujemy-skladanie-ipada-3-czesc-7\/#listItem","name":"Kontynuujemy sk\u0142adanie iPada 3 \u2013 cz\u0119\u015b\u0107 7"},"previousItem":{"@type":"ListItem","@id":"https:\/\/www.ipod.info.pl#listItem","name":"Dom"}},{"@type":"ListItem","@id":"https:\/\/www.ipod.info.pl\/index.php\/kontynuujemy-skladanie-ipada-3-czesc-7\/#listItem","position":3,"name":"Kontynuujemy sk\u0142adanie iPada 3 \u2013 cz\u0119\u015b\u0107 7","previousItem":{"@type":"ListItem","@id":"https:\/\/www.ipod.info.pl\/index.php\/category\/ipad1g\/#listItem","name":"iPad"}}]},{"@type":"Organization","@id":"https:\/\/www.ipod.info.pl\/#organization","name":"iPod.info.pl \u2014 iPod, iPad, iPhone, iBlog","description":"iPod, iPad, iPhone, iPhone 3G, iPhone 3GS, iPhone 4, Apple TV","url":"https:\/\/www.ipod.info.pl\/"},{"@type":"Person","@id":"https:\/\/www.ipod.info.pl\/index.php\/author\/norbi\/#author","url":"https:\/\/www.ipod.info.pl\/index.php\/author\/norbi\/","name":"norbi"},{"@type":"WebPage","@id":"https:\/\/www.ipod.info.pl\/index.php\/kontynuujemy-skladanie-ipada-3-czesc-7\/#webpage","url":"https:\/\/www.ipod.info.pl\/index.php\/kontynuujemy-skladanie-ipada-3-czesc-7\/","name":"Kontynuujemy sk\u0142adanie iPada 3 \u2013 cz\u0119\u015b\u0107 7 | iPod.info.pl \u2014 iPod, iPad, iPhone, iBlog","inLanguage":"pl-PL","isPartOf":{"@id":"https:\/\/www.ipod.info.pl\/#website"},"breadcrumb":{"@id":"https:\/\/www.ipod.info.pl\/index.php\/kontynuujemy-skladanie-ipada-3-czesc-7\/#breadcrumblist"},"author":{"@id":"https:\/\/www.ipod.info.pl\/index.php\/author\/norbi\/#author"},"creator":{"@id":"https:\/\/www.ipod.info.pl\/index.php\/author\/norbi\/#author"},"datePublished":"2012-02-20T09:46:14+02:00","dateModified":"2012-02-20T09:56:21+02:00"},{"@type":"WebSite","@id":"https:\/\/www.ipod.info.pl\/#website","url":"https:\/\/www.ipod.info.pl\/","name":"iPod.info.pl \u2014 iPod, iPad, iPhone, iBlog","description":"iPod, iPad, iPhone, iPhone 3G, iPhone 3GS, iPhone 4, Apple TV","inLanguage":"pl-PL","publisher":{"@id":"https:\/\/www.ipod.info.pl\/#organization"}}]},"og:locale":"pl_PL","og:site_name":"iPod.info.pl \u2014 iPod, iPad, iPhone, iBlog | iPod, iPad, iPhone, iPhone 3G, iPhone 3GS, iPhone 4, Apple TV","og:type":"article","og:title":"Kontynuujemy sk\u0142adanie iPada 3 \u2013 cz\u0119\u015b\u0107 7 | iPod.info.pl \u2014 iPod, iPad, iPhone, iBlog","og:url":"https:\/\/www.ipod.info.pl\/index.php\/kontynuujemy-skladanie-ipada-3-czesc-7\/","article:published_time":"2012-02-20T08:46:14+00:00","article:modified_time":"2012-02-20T08:56:21+00:00","twitter:card":"summary_large_image","twitter:title":"Kontynuujemy sk\u0142adanie iPada 3 \u2013 cz\u0119\u015b\u0107 7 | iPod.info.pl \u2014 iPod, iPad, iPhone, iBlog"},"aioseo_meta_data":{"post_id":"15805","title":null,"description":null,"keywords":null,"keyphrases":null,"primary_term":null,"canonical_url":null,"og_title":null,"og_description":null,"og_object_type":"default","og_image_type":"default","og_image_url":null,"og_image_width":null,"og_image_height":null,"og_image_custom_url":null,"og_image_custom_fields":null,"og_video":null,"og_custom_url":null,"og_article_section":null,"og_article_tags":null,"twitter_use_og":false,"twitter_card":"default","twitter_image_type":"default","twitter_image_url":null,"twitter_image_custom_url":null,"twitter_image_custom_fields":null,"twitter_title":null,"twitter_description":null,"schema":{"blockGraphs":[],"customGraphs":[],"default":{"data":{"Article":[],"Course":[],"Dataset":[],"FAQPage":[],"Movie":[],"Person":[],"Product":[],"ProductReview":[],"Car":[],"Recipe":[],"Service":[],"SoftwareApplication":[],"WebPage":[]},"graphName":"","isEnabled":true},"graphs":[]},"schema_type":"default","schema_type_options":null,"pillar_content":false,"robots_default":true,"robots_noindex":false,"robots_noarchive":false,"robots_nosnippet":false,"robots_nofollow":false,"robots_noimageindex":false,"robots_noodp":false,"robots_notranslate":false,"robots_max_snippet":null,"robots_max_videopreview":null,"robots_max_imagepreview":"large","priority":null,"frequency":null,"local_seo":null,"limit_modified_date":false,"created":"2024-07-03 13:43:12","updated":"2026-08-13 21:00:14","focus_keyword":null,"additional_keywords":null,"truseo_locale":null,"ai":null,"breadcrumb_settings":null,"seo_analyzer_scan_date":null},"aioseo_breadcrumb":"<div class=\"aioseo-breadcrumbs\"><span class=\"aioseo-breadcrumb\">\n\t\t\t<a href=\"https:\/\/www.ipod.info.pl\" title=\"Dom\">Dom<\/a>\n\t\t<\/span><span class=\"aioseo-breadcrumb-separator\">&raquo;<\/span><span class=\"aioseo-breadcrumb\">\n\t\t\t<a href=\"https:\/\/www.ipod.info.pl\/index.php\/category\/ipad1g\/\" title=\"iPad\">iPad<\/a>\n\t\t<\/span><span class=\"aioseo-breadcrumb-separator\">&raquo;<\/span><span class=\"aioseo-breadcrumb\">\n\t\t\tKontynuujemy sk\u0142adanie iPada 3 \u2013 cz\u0119\u015b\u0107 7\n\t\t<\/span><\/div>","aioseo_breadcrumb_json":[{"label":"Dom","link":"https:\/\/www.ipod.info.pl"},{"label":"iPad","link":"https:\/\/www.ipod.info.pl\/index.php\/category\/ipad1g\/"},{"label":"Kontynuujemy sk\u0142adanie iPada 3 \u2013 cz\u0119\u015b\u0107 7","link":"https:\/\/www.ipod.info.pl\/index.php\/kontynuujemy-skladanie-ipada-3-czesc-7\/"}],"_links":{"self":[{"href":"https:\/\/www.ipod.info.pl\/index.php\/wp-json\/wp\/v2\/posts\/15805","targetHints":{"allow":["GET"]}}],"collection":[{"href":"https:\/\/www.ipod.info.pl\/index.php\/wp-json\/wp\/v2\/posts"}],"about":[{"href":"https:\/\/www.ipod.info.pl\/index.php\/wp-json\/wp\/v2\/types\/post"}],"author":[{"embeddable":true,"href":"https:\/\/www.ipod.info.pl\/index.php\/wp-json\/wp\/v2\/users\/2"}],"replies":[{"embeddable":true,"href":"https:\/\/www.ipod.info.pl\/index.php\/wp-json\/wp\/v2\/comments?post=15805"}],"version-history":[{"count":2,"href":"https:\/\/www.ipod.info.pl\/index.php\/wp-json\/wp\/v2\/posts\/15805\/revisions"}],"predecessor-version":[{"id":15808,"href":"https:\/\/www.ipod.info.pl\/index.php\/wp-json\/wp\/v2\/posts\/15805\/revisions\/15808"}],"wp:attachment":[{"href":"https:\/\/www.ipod.info.pl\/index.php\/wp-json\/wp\/v2\/media?parent=15805"}],"wp:term":[{"taxonomy":"category","embeddable":true,"href":"https:\/\/www.ipod.info.pl\/index.php\/wp-json\/wp\/v2\/categories?post=15805"},{"taxonomy":"post_tag","embeddable":true,"href":"https:\/\/www.ipod.info.pl\/index.php\/wp-json\/wp\/v2\/tags?post=15805"}],"curies":[{"name":"wp","href":"https:\/\/api.w.org\/{rel}","templated":true}]}}