{"id":15835,"date":"2012-02-22T13:00:49","date_gmt":"2012-02-22T12:00:49","guid":{"rendered":"http:\/\/www.ipod.info.pl\/?p=15835"},"modified":"2012-02-22T13:00:49","modified_gmt":"2012-02-22T12:00:49","slug":"ipad-3-w-polsce-23-marca","status":"publish","type":"post","link":"https:\/\/www.ipod.info.pl\/index.php\/ipad-3-w-polsce-23-marca\/","title":{"rendered":"iPad 3 w Polsce 23 Marca"},"content":{"rendered":"<p style=\"text-align: justify;\">Zapiszcie sobie dat\u0119 w iCal &#8211; <strong>sklepowa premiera iPada 3 \u00a0w Polsce b\u0119dzie mia\u0142a miejsce 23 marca<\/strong>.<br \/>\nOczywi\u015bcie to tylko moje przemy\u015blenia i nie mia\u0142em \u017cadnego telefonu z Cupertino. S\u0105 jednak wielce prawdopodobne. Dat\u0119 23 marca jako sklepow\u0105 premier\u0119 w Niemczech podaj\u0105 <a href=\"http:\/\/www.ifun.de\/ipad-3-verkaufsstart-deutschland-22283\/\" target=\"_blank\">tamtejsze serwisy<\/a>\u00a0po\u015bwi\u0119cone Apple powo\u0142uj\u0105c si\u0119 na sprawdzone \u017ar\u00f3d\u0142a. Mo\u017cna si\u0119 wi\u0119c spodziewa\u0107, \u017ce wzorem tamtego roku i iPada 2, tego samego dnia b\u0119dzie premiera w Polsce.<br \/>\nPrzypomnijmy sobie jak to by\u0142o w tamtym roku &#8211; iPad 2\u00a0<a href=\"http:\/\/www.ipod.info.pl\/index.php\/ipad-2-start-sprzedazy\/\">11 marca<\/a>\u00a0pojawi\u0142 si\u0119 w USA i\u00a0<a href=\"http:\/\/www.ipod.info.pl\/index.php\/ipad-2-to-juz-dzis\/\">25 marca<\/a>\u00a0w reszcie \u015bwiata.\u00a0Osobi\u015bcie \u017cyczy\u0142bym sobie premiery globalnie w tym samym czasie lub przynajmniej w USA, UK na pocz\u0105tku, a potem reszta. Po nowego iPada ch\u0119tnie bowiem pojad\u0119 w dniu premiery do UK czy te\u017c Niemiec do USA nie b\u0119dzie mi si\u0119 chcia\u0142o.<\/p>\n","protected":false},"excerpt":{"rendered":"<p>Zapiszcie sobie dat\u0119 w iCal &#8211; sklepowa premiera iPada 3 \u00a0w Polsce b\u0119dzie mia\u0142a miejsce 23 marca. Oczywi\u015bcie to tylko moje przemy\u015blenia i nie mia\u0142em \u017cadnego telefonu z Cupertino. S\u0105 jednak wielce prawdopodobne. Dat\u0119 23 marca jako sklepow\u0105 premier\u0119 w Niemczech podaj\u0105 tamtejsze serwisy\u00a0po\u015bwi\u0119cone Apple powo\u0142uj\u0105c si\u0119 na sprawdzone \u017ar\u00f3d\u0142a. Mo\u017cna si\u0119 wi\u0119c spodziewa\u0107, \u017ce [&hellip;]<\/p>\n","protected":false},"author":2,"featured_media":0,"comment_status":"open","ping_status":"open","sticky":false,"template":"","format":"standard","meta":{"footnotes":""},"categories":[55,82,69],"tags":[],"aioseo_notices":[],"_links":{"self":[{"href":"https:\/\/www.ipod.info.pl\/index.php\/wp-json\/wp\/v2\/posts\/15835"}],"collection":[{"href":"https:\/\/www.ipod.info.pl\/index.php\/wp-json\/wp\/v2\/posts"}],"about":[{"href":"https:\/\/www.ipod.info.pl\/index.php\/wp-json\/wp\/v2\/types\/post"}],"author":[{"embeddable":true,"href":"https:\/\/www.ipod.info.pl\/index.php\/wp-json\/wp\/v2\/users\/2"}],"replies":[{"embeddable":true,"href":"https:\/\/www.ipod.info.pl\/index.php\/wp-json\/wp\/v2\/comments?post=15835"}],"version-history":[{"count":1,"href":"https:\/\/www.ipod.info.pl\/index.php\/wp-json\/wp\/v2\/posts\/15835\/revisions"}],"predecessor-version":[{"id":15836,"href":"https:\/\/www.ipod.info.pl\/index.php\/wp-json\/wp\/v2\/posts\/15835\/revisions\/15836"}],"wp:attachment":[{"href":"https:\/\/www.ipod.info.pl\/index.php\/wp-json\/wp\/v2\/media?parent=15835"}],"wp:term":[{"taxonomy":"category","embeddable":true,"href":"https:\/\/www.ipod.info.pl\/index.php\/wp-json\/wp\/v2\/categories?post=15835"},{"taxonomy":"post_tag","embeddable":true,"href":"https:\/\/www.ipod.info.pl\/index.php\/wp-json\/wp\/v2\/tags?post=15835"}],"curies":[{"name":"wp","href":"https:\/\/api.w.org\/{rel}","templated":true}]}}