{"id":15879,"date":"2012-02-28T19:15:53","date_gmt":"2012-02-28T18:15:53","guid":{"rendered":"http:\/\/www.ipod.info.pl\/?p=15879"},"modified":"2012-02-28T20:55:59","modified_gmt":"2012-02-28T19:55:59","slug":"to-juz-oficjalnie-ipad-3-zostanie-pokazany-7-marca","status":"publish","type":"post","link":"https:\/\/www.ipod.info.pl\/index.php\/to-juz-oficjalnie-ipad-3-zostanie-pokazany-7-marca\/","title":{"rendered":"To ju\u017c oficjalnie &#8211; iPad 3 zostanie pokazany 7 marca"},"content":{"rendered":"<p style=\"text-align: justify;\"><a href=\"http:\/\/www.ipod.info.pl\/wp-content\/uploads\/2012\/02\/Apple-iPad-3-event-632x524.jpg\"><img loading=\"lazy\" decoding=\"async\" class=\"alignright size-medium wp-image-15880\" title=\"To ju\u017c oficjalnie - iPad 3 zostanie pokazany 7 marca \" src=\"http:\/\/www.ipod.info.pl\/wp-content\/uploads\/2012\/02\/Apple-iPad-3-event-632x524-250x207.jpg\" alt=\"\" width=\"250\" height=\"207\" srcset=\"https:\/\/www.ipod.info.pl\/wp-content\/uploads\/2012\/02\/Apple-iPad-3-event-632x524-250x207.jpg 250w, https:\/\/www.ipod.info.pl\/wp-content\/uploads\/2012\/02\/Apple-iPad-3-event-632x524-150x124.jpg 150w, https:\/\/www.ipod.info.pl\/wp-content\/uploads\/2012\/02\/Apple-iPad-3-event-632x524-620x514.jpg 620w, https:\/\/www.ipod.info.pl\/wp-content\/uploads\/2012\/02\/Apple-iPad-3-event-632x524.jpg 632w\" sizes=\"auto, (max-width: 250px) 100vw, 250px\" \/><\/a>To ju\u017c nie plotka. iPad 3 zostanie pokazany ju\u017c 7 marca czyli w nast\u0119pn\u0105 \u015brod\u0119. Zaproszenia zosta\u0142y w\u0142a\u015bnie rozes\u0142ane do dziennikarzy. Tradycyjnie ju\u017c pokaz odb\u0119dzie si\u0119\u00a0w Yerba Buena Center for the Arts w San Francisco. Oficjalny tytu\u0142 na zaproszeniu brzmi:<\/p>\n<p style=\"text-align: justify;\"><strong>&#8222;We have something you really have to see. And touch&#8221;<\/strong><br \/>\n<strong> &#8222;Mamy co\u015b, co naprawd\u0119 trzeba zobaczy\u0107. Oraz dotkn\u0105\u0107&#8221;<\/strong><\/p>\n<p style=\"text-align: justify;\">Zdj\u0119cie na zaproszeniu i has\u0142o przewodnie raczej nie pozostawiaj\u0105 z\u0142udze\u0144. Zobaczymy na pewno kolejn\u0105 generacj\u0119 iPada i to z ekranem typu Retina. Zastanawiaj\u0105cy jest za to brak na zaproszeniu przycisku HOME. Wszyscy si\u0119 spodziewaj\u0105, \u017ce powinien by\u0107 w\u0142a\u015bnie na ramce pod palecem. Dodajcie sobie do tego mo\u017cliwo\u015b\u0107 obs\u0142ugiwania iPada za pomoc\u0105 gest\u00f3w ju\u017c tej chwili oraz wyra\u017cenie &#8222;And touch&#8221; i ju\u017c mamy gotow\u0105 mas\u0119 plotek o braku HOME&#8217;a. Ja w nie, nie wierz\u0119 bo o pierwsze mamy <a href=\"http:\/\/www.ipod.info.pl\/index.php\/kontynuujemy-skladanie-ipada-3-czesc-2\/\">TO zdj\u0119cie<\/a> i po drugie <a href=\"http:\/\/www.ipod.info.pl\/index.php\/kontynuujemy-skladanie-ipad-3-czesc-9\/\">TO zdj\u0119cie<\/a> oraz po trzecie takiej zmiany jak brak g\u0142\u00f3wnego wyznacznika ca\u0142ej linii produkt\u00f3w nie anonsuje si\u0119 na zaproszeniu.<\/p>\n<p style=\"text-align: justify;\">Nie rezerwujcie wiec sobie nic w przysz\u0142\u0105 \u015brod\u0119 wieczorem. Prezentacja zacznie si\u0119 o 19 naszego czasu, a ja wsp\u00f3lnie z <a href=\"http:\/\/imagazine.pl\/\" target=\"_blank\">iMagazine<\/a> b\u0119d\u0119 j\u0105 dla Was na \u017cywo komentowa\u0142.<\/p>\n","protected":false},"excerpt":{"rendered":"<p>To ju\u017c nie plotka. iPad 3 zostanie pokazany ju\u017c 7 marca czyli w nast\u0119pn\u0105 \u015brod\u0119. Zaproszenia zosta\u0142y w\u0142a\u015bnie rozes\u0142ane do dziennikarzy. Tradycyjnie ju\u017c pokaz odb\u0119dzie si\u0119\u00a0w Yerba Buena Center for the Arts w San Francisco. Oficjalny tytu\u0142 na zaproszeniu brzmi: &#8222;We have something you really have to see. And touch&#8221; &#8222;Mamy co\u015b, co naprawd\u0119 trzeba [&hellip;]<\/p>\n","protected":false},"author":2,"featured_media":0,"comment_status":"open","ping_status":"open","sticky":false,"template":"","format":"standard","meta":{"footnotes":""},"categories":[55,82,69],"tags":[],"class_list":["post-15879","post","type-post","status-publish","format-standard","hentry","category-ipad1g","category-ipad-3","category-ipad-2"],"aioseo_notices":[],"aioseo_head":"\n\t\t<!-- All in One SEO 5.0.0.1 - aioseo.com -->\n\t<meta name=\"robots\" content=\"max-image-preview:large\" \/>\n\t<meta name=\"author\" content=\"norbi\"\/>\n\t<link rel=\"canonical\" href=\"https:\/\/www.ipod.info.pl\/index.php\/to-juz-oficjalnie-ipad-3-zostanie-pokazany-7-marca\/\" \/>\n\t<meta name=\"generator\" content=\"All in One SEO (AIOSEO) 5.0.0.1\" \/>\n\t\t<meta property=\"og:locale\" content=\"pl_PL\" \/>\n\t\t<meta property=\"og:site_name\" content=\"iPod.info.pl \u2014 iPod, iPad, iPhone, iBlog | iPod, iPad, iPhone, iPhone 3G, iPhone 3GS, iPhone 4, Apple TV\" \/>\n\t\t<meta property=\"og:type\" content=\"article\" \/>\n\t\t<meta property=\"og:title\" content=\"To ju\u017c oficjalnie \u2013 iPad 3 zostanie pokazany 7 marca | iPod.info.pl \u2014 iPod, iPad, iPhone, iBlog\" \/>\n\t\t<meta property=\"og:url\" content=\"https:\/\/www.ipod.info.pl\/index.php\/to-juz-oficjalnie-ipad-3-zostanie-pokazany-7-marca\/\" \/>\n\t\t<meta property=\"article:published_time\" content=\"2012-02-28T18:15:53+00:00\" \/>\n\t\t<meta property=\"article:modified_time\" content=\"2012-02-28T19:55:59+00:00\" \/>\n\t\t<meta name=\"twitter:card\" content=\"summary_large_image\" \/>\n\t\t<meta name=\"twitter:title\" content=\"To ju\u017c oficjalnie \u2013 iPad 3 zostanie pokazany 7 marca | iPod.info.pl \u2014 iPod, iPad, iPhone, iBlog\" \/>\n\t\t<script type=\"application\/ld+json\" class=\"aioseo-schema\">\n\t\t\t{\"@context\":\"https:\\\/\\\/schema.org\",\"@graph\":[{\"@type\":\"Article\",\"@id\":\"https:\\\/\\\/www.ipod.info.pl\\\/index.php\\\/to-juz-oficjalnie-ipad-3-zostanie-pokazany-7-marca\\\/#article\",\"name\":\"To ju\\u017c oficjalnie \\u2013 iPad 3 zostanie pokazany 7 marca | iPod.info.pl \\u2014 iPod, iPad, iPhone, iBlog\",\"headline\":\"To ju\\u017c oficjalnie &#8211; iPad 3 zostanie pokazany 7 marca\",\"author\":{\"@id\":\"https:\\\/\\\/www.ipod.info.pl\\\/index.php\\\/author\\\/norbi\\\/#author\"},\"publisher\":{\"@id\":\"https:\\\/\\\/www.ipod.info.pl\\\/#organization\"},\"image\":{\"@type\":\"ImageObject\",\"url\":\"http:\\\/\\\/www.ipod.info.pl\\\/wp-content\\\/uploads\\\/2012\\\/02\\\/Apple-iPad-3-event.jpg\",\"@id\":\"https:\\\/\\\/www.ipod.info.pl\\\/index.php\\\/to-juz-oficjalnie-ipad-3-zostanie-pokazany-7-marca\\\/#articleImage\"},\"datePublished\":\"2012-02-28T19:15:53+02:00\",\"dateModified\":\"2012-02-28T20:55:59+02:00\",\"inLanguage\":\"pl-PL\",\"commentCount\":94,\"mainEntityOfPage\":{\"@id\":\"https:\\\/\\\/www.ipod.info.pl\\\/index.php\\\/to-juz-oficjalnie-ipad-3-zostanie-pokazany-7-marca\\\/#webpage\"},\"isPartOf\":{\"@id\":\"https:\\\/\\\/www.ipod.info.pl\\\/index.php\\\/to-juz-oficjalnie-ipad-3-zostanie-pokazany-7-marca\\\/#webpage\"},\"articleSection\":\"iPad, iPad (3G), iPad 2 (2G)\"},{\"@type\":\"BreadcrumbList\",\"@id\":\"https:\\\/\\\/www.ipod.info.pl\\\/index.php\\\/to-juz-oficjalnie-ipad-3-zostanie-pokazany-7-marca\\\/#breadcrumblist\",\"itemListElement\":[{\"@type\":\"ListItem\",\"@id\":\"https:\\\/\\\/www.ipod.info.pl#listItem\",\"position\":1,\"name\":\"Dom\",\"item\":\"https:\\\/\\\/www.ipod.info.pl\",\"nextItem\":{\"@type\":\"ListItem\",\"@id\":\"https:\\\/\\\/www.ipod.info.pl\\\/index.php\\\/category\\\/ipad1g\\\/#listItem\",\"name\":\"iPad\"}},{\"@type\":\"ListItem\",\"@id\":\"https:\\\/\\\/www.ipod.info.pl\\\/index.php\\\/category\\\/ipad1g\\\/#listItem\",\"position\":2,\"name\":\"iPad\",\"item\":\"https:\\\/\\\/www.ipod.info.pl\\\/index.php\\\/category\\\/ipad1g\\\/\",\"nextItem\":{\"@type\":\"ListItem\",\"@id\":\"https:\\\/\\\/www.ipod.info.pl\\\/index.php\\\/to-juz-oficjalnie-ipad-3-zostanie-pokazany-7-marca\\\/#listItem\",\"name\":\"To ju\\u017c oficjalnie &#8211; iPad 3 zostanie pokazany 7 marca\"},\"previousItem\":{\"@type\":\"ListItem\",\"@id\":\"https:\\\/\\\/www.ipod.info.pl#listItem\",\"name\":\"Dom\"}},{\"@type\":\"ListItem\",\"@id\":\"https:\\\/\\\/www.ipod.info.pl\\\/index.php\\\/to-juz-oficjalnie-ipad-3-zostanie-pokazany-7-marca\\\/#listItem\",\"position\":3,\"name\":\"To ju\\u017c oficjalnie &#8211; iPad 3 zostanie pokazany 7 marca\",\"previousItem\":{\"@type\":\"ListItem\",\"@id\":\"https:\\\/\\\/www.ipod.info.pl\\\/index.php\\\/category\\\/ipad1g\\\/#listItem\",\"name\":\"iPad\"}}]},{\"@type\":\"Organization\",\"@id\":\"https:\\\/\\\/www.ipod.info.pl\\\/#organization\",\"name\":\"iPod.info.pl \\u2014 iPod, iPad, iPhone, iBlog\",\"description\":\"iPod, iPad, iPhone, iPhone 3G, iPhone 3GS, iPhone 4, Apple TV\",\"url\":\"https:\\\/\\\/www.ipod.info.pl\\\/\"},{\"@type\":\"Person\",\"@id\":\"https:\\\/\\\/www.ipod.info.pl\\\/index.php\\\/author\\\/norbi\\\/#author\",\"url\":\"https:\\\/\\\/www.ipod.info.pl\\\/index.php\\\/author\\\/norbi\\\/\",\"name\":\"norbi\"},{\"@type\":\"WebPage\",\"@id\":\"https:\\\/\\\/www.ipod.info.pl\\\/index.php\\\/to-juz-oficjalnie-ipad-3-zostanie-pokazany-7-marca\\\/#webpage\",\"url\":\"https:\\\/\\\/www.ipod.info.pl\\\/index.php\\\/to-juz-oficjalnie-ipad-3-zostanie-pokazany-7-marca\\\/\",\"name\":\"To ju\\u017c oficjalnie \\u2013 iPad 3 zostanie pokazany 7 marca | iPod.info.pl \\u2014 iPod, iPad, iPhone, iBlog\",\"inLanguage\":\"pl-PL\",\"isPartOf\":{\"@id\":\"https:\\\/\\\/www.ipod.info.pl\\\/#website\"},\"breadcrumb\":{\"@id\":\"https:\\\/\\\/www.ipod.info.pl\\\/index.php\\\/to-juz-oficjalnie-ipad-3-zostanie-pokazany-7-marca\\\/#breadcrumblist\"},\"author\":{\"@id\":\"https:\\\/\\\/www.ipod.info.pl\\\/index.php\\\/author\\\/norbi\\\/#author\"},\"creator\":{\"@id\":\"https:\\\/\\\/www.ipod.info.pl\\\/index.php\\\/author\\\/norbi\\\/#author\"},\"datePublished\":\"2012-02-28T19:15:53+02:00\",\"dateModified\":\"2012-02-28T20:55:59+02:00\"},{\"@type\":\"WebSite\",\"@id\":\"https:\\\/\\\/www.ipod.info.pl\\\/#website\",\"url\":\"https:\\\/\\\/www.ipod.info.pl\\\/\",\"name\":\"iPod.info.pl \\u2014 iPod, iPad, iPhone, iBlog\",\"description\":\"iPod, iPad, iPhone, iPhone 3G, iPhone 3GS, iPhone 4, Apple TV\",\"inLanguage\":\"pl-PL\",\"publisher\":{\"@id\":\"https:\\\/\\\/www.ipod.info.pl\\\/#organization\"}}]}\n\t\t<\/script>\n\t\t<!-- All in One SEO -->\n\n","aioseo_head_json":{"title":"To ju\u017c oficjalnie \u2013 iPad 3 zostanie pokazany 7 marca | iPod.info.pl \u2014 iPod, iPad, iPhone, iBlog","description":"","canonical_url":"https:\/\/www.ipod.info.pl\/index.php\/to-juz-oficjalnie-ipad-3-zostanie-pokazany-7-marca\/","robots":"max-image-preview:large","keywords":"","webmasterTools":{"miscellaneous":""},"schema":{"@context":"https:\/\/schema.org","@graph":[{"@type":"Article","@id":"https:\/\/www.ipod.info.pl\/index.php\/to-juz-oficjalnie-ipad-3-zostanie-pokazany-7-marca\/#article","name":"To ju\u017c oficjalnie \u2013 iPad 3 zostanie pokazany 7 marca | iPod.info.pl \u2014 iPod, iPad, iPhone, iBlog","headline":"To ju\u017c oficjalnie &#8211; iPad 3 zostanie pokazany 7 marca","author":{"@id":"https:\/\/www.ipod.info.pl\/index.php\/author\/norbi\/#author"},"publisher":{"@id":"https:\/\/www.ipod.info.pl\/#organization"},"image":{"@type":"ImageObject","url":"http:\/\/www.ipod.info.pl\/wp-content\/uploads\/2012\/02\/Apple-iPad-3-event.jpg","@id":"https:\/\/www.ipod.info.pl\/index.php\/to-juz-oficjalnie-ipad-3-zostanie-pokazany-7-marca\/#articleImage"},"datePublished":"2012-02-28T19:15:53+02:00","dateModified":"2012-02-28T20:55:59+02:00","inLanguage":"pl-PL","commentCount":94,"mainEntityOfPage":{"@id":"https:\/\/www.ipod.info.pl\/index.php\/to-juz-oficjalnie-ipad-3-zostanie-pokazany-7-marca\/#webpage"},"isPartOf":{"@id":"https:\/\/www.ipod.info.pl\/index.php\/to-juz-oficjalnie-ipad-3-zostanie-pokazany-7-marca\/#webpage"},"articleSection":"iPad, iPad (3G), iPad 2 (2G)"},{"@type":"BreadcrumbList","@id":"https:\/\/www.ipod.info.pl\/index.php\/to-juz-oficjalnie-ipad-3-zostanie-pokazany-7-marca\/#breadcrumblist","itemListElement":[{"@type":"ListItem","@id":"https:\/\/www.ipod.info.pl#listItem","position":1,"name":"Dom","item":"https:\/\/www.ipod.info.pl","nextItem":{"@type":"ListItem","@id":"https:\/\/www.ipod.info.pl\/index.php\/category\/ipad1g\/#listItem","name":"iPad"}},{"@type":"ListItem","@id":"https:\/\/www.ipod.info.pl\/index.php\/category\/ipad1g\/#listItem","position":2,"name":"iPad","item":"https:\/\/www.ipod.info.pl\/index.php\/category\/ipad1g\/","nextItem":{"@type":"ListItem","@id":"https:\/\/www.ipod.info.pl\/index.php\/to-juz-oficjalnie-ipad-3-zostanie-pokazany-7-marca\/#listItem","name":"To ju\u017c oficjalnie &#8211; iPad 3 zostanie pokazany 7 marca"},"previousItem":{"@type":"ListItem","@id":"https:\/\/www.ipod.info.pl#listItem","name":"Dom"}},{"@type":"ListItem","@id":"https:\/\/www.ipod.info.pl\/index.php\/to-juz-oficjalnie-ipad-3-zostanie-pokazany-7-marca\/#listItem","position":3,"name":"To ju\u017c oficjalnie &#8211; iPad 3 zostanie pokazany 7 marca","previousItem":{"@type":"ListItem","@id":"https:\/\/www.ipod.info.pl\/index.php\/category\/ipad1g\/#listItem","name":"iPad"}}]},{"@type":"Organization","@id":"https:\/\/www.ipod.info.pl\/#organization","name":"iPod.info.pl \u2014 iPod, iPad, iPhone, iBlog","description":"iPod, iPad, iPhone, iPhone 3G, iPhone 3GS, iPhone 4, Apple TV","url":"https:\/\/www.ipod.info.pl\/"},{"@type":"Person","@id":"https:\/\/www.ipod.info.pl\/index.php\/author\/norbi\/#author","url":"https:\/\/www.ipod.info.pl\/index.php\/author\/norbi\/","name":"norbi"},{"@type":"WebPage","@id":"https:\/\/www.ipod.info.pl\/index.php\/to-juz-oficjalnie-ipad-3-zostanie-pokazany-7-marca\/#webpage","url":"https:\/\/www.ipod.info.pl\/index.php\/to-juz-oficjalnie-ipad-3-zostanie-pokazany-7-marca\/","name":"To ju\u017c oficjalnie \u2013 iPad 3 zostanie pokazany 7 marca | iPod.info.pl \u2014 iPod, iPad, iPhone, iBlog","inLanguage":"pl-PL","isPartOf":{"@id":"https:\/\/www.ipod.info.pl\/#website"},"breadcrumb":{"@id":"https:\/\/www.ipod.info.pl\/index.php\/to-juz-oficjalnie-ipad-3-zostanie-pokazany-7-marca\/#breadcrumblist"},"author":{"@id":"https:\/\/www.ipod.info.pl\/index.php\/author\/norbi\/#author"},"creator":{"@id":"https:\/\/www.ipod.info.pl\/index.php\/author\/norbi\/#author"},"datePublished":"2012-02-28T19:15:53+02:00","dateModified":"2012-02-28T20:55:59+02:00"},{"@type":"WebSite","@id":"https:\/\/www.ipod.info.pl\/#website","url":"https:\/\/www.ipod.info.pl\/","name":"iPod.info.pl \u2014 iPod, iPad, iPhone, iBlog","description":"iPod, iPad, iPhone, iPhone 3G, iPhone 3GS, iPhone 4, Apple TV","inLanguage":"pl-PL","publisher":{"@id":"https:\/\/www.ipod.info.pl\/#organization"}}]},"og:locale":"pl_PL","og:site_name":"iPod.info.pl \u2014 iPod, iPad, iPhone, iBlog | iPod, iPad, iPhone, iPhone 3G, iPhone 3GS, iPhone 4, Apple TV","og:type":"article","og:title":"To ju\u017c oficjalnie \u2013 iPad 3 zostanie pokazany 7 marca | iPod.info.pl \u2014 iPod, iPad, iPhone, iBlog","og:url":"https:\/\/www.ipod.info.pl\/index.php\/to-juz-oficjalnie-ipad-3-zostanie-pokazany-7-marca\/","article:published_time":"2012-02-28T18:15:53+00:00","article:modified_time":"2012-02-28T19:55:59+00:00","twitter:card":"summary_large_image","twitter:title":"To ju\u017c oficjalnie \u2013 iPad 3 zostanie pokazany 7 marca | iPod.info.pl \u2014 iPod, iPad, iPhone, iBlog"},"aioseo_meta_data":{"post_id":"15879","title":null,"description":null,"keywords":null,"keyphrases":null,"primary_term":null,"canonical_url":null,"og_title":null,"og_description":null,"og_object_type":"default","og_image_type":"default","og_image_url":null,"og_image_width":null,"og_image_height":null,"og_image_custom_url":null,"og_image_custom_fields":null,"og_video":null,"og_custom_url":null,"og_article_section":null,"og_article_tags":null,"twitter_use_og":false,"twitter_card":"default","twitter_image_type":"default","twitter_image_url":null,"twitter_image_custom_url":null,"twitter_image_custom_fields":null,"twitter_title":null,"twitter_description":null,"schema":{"blockGraphs":[],"customGraphs":[],"default":{"data":{"Article":[],"Course":[],"Dataset":[],"FAQPage":[],"Movie":[],"Person":[],"Product":[],"ProductReview":[],"Car":[],"Recipe":[],"Service":[],"SoftwareApplication":[],"WebPage":[]},"graphName":"","isEnabled":true},"graphs":[]},"schema_type":"default","schema_type_options":null,"pillar_content":false,"robots_default":true,"robots_noindex":false,"robots_noarchive":false,"robots_nosnippet":false,"robots_nofollow":false,"robots_noimageindex":false,"robots_noodp":false,"robots_notranslate":false,"robots_max_snippet":null,"robots_max_videopreview":null,"robots_max_imagepreview":"large","priority":null,"frequency":null,"local_seo":null,"limit_modified_date":false,"created":"2024-07-03 13:43:11","updated":"2026-08-13 21:02:12","focus_keyword":null,"additional_keywords":null,"truseo_locale":null,"ai":null,"breadcrumb_settings":null,"seo_analyzer_scan_date":null},"aioseo_breadcrumb":"<div class=\"aioseo-breadcrumbs\"><span class=\"aioseo-breadcrumb\">\n\t\t\t<a href=\"https:\/\/www.ipod.info.pl\" title=\"Dom\">Dom<\/a>\n\t\t<\/span><span class=\"aioseo-breadcrumb-separator\">&raquo;<\/span><span class=\"aioseo-breadcrumb\">\n\t\t\t<a href=\"https:\/\/www.ipod.info.pl\/index.php\/category\/ipad1g\/\" title=\"iPad\">iPad<\/a>\n\t\t<\/span><span class=\"aioseo-breadcrumb-separator\">&raquo;<\/span><span class=\"aioseo-breadcrumb\">\n\t\t\tTo ju\u017c oficjalnie \u2013 iPad 3 zostanie pokazany 7 marca\n\t\t<\/span><\/div>","aioseo_breadcrumb_json":[{"label":"Dom","link":"https:\/\/www.ipod.info.pl"},{"label":"iPad","link":"https:\/\/www.ipod.info.pl\/index.php\/category\/ipad1g\/"},{"label":"To ju\u017c oficjalnie &#8211; iPad 3 zostanie pokazany 7 marca","link":"https:\/\/www.ipod.info.pl\/index.php\/to-juz-oficjalnie-ipad-3-zostanie-pokazany-7-marca\/"}],"_links":{"self":[{"href":"https:\/\/www.ipod.info.pl\/index.php\/wp-json\/wp\/v2\/posts\/15879","targetHints":{"allow":["GET"]}}],"collection":[{"href":"https:\/\/www.ipod.info.pl\/index.php\/wp-json\/wp\/v2\/posts"}],"about":[{"href":"https:\/\/www.ipod.info.pl\/index.php\/wp-json\/wp\/v2\/types\/post"}],"author":[{"embeddable":true,"href":"https:\/\/www.ipod.info.pl\/index.php\/wp-json\/wp\/v2\/users\/2"}],"replies":[{"embeddable":true,"href":"https:\/\/www.ipod.info.pl\/index.php\/wp-json\/wp\/v2\/comments?post=15879"}],"version-history":[{"count":6,"href":"https:\/\/www.ipod.info.pl\/index.php\/wp-json\/wp\/v2\/posts\/15879\/revisions"}],"predecessor-version":[{"id":15886,"href":"https:\/\/www.ipod.info.pl\/index.php\/wp-json\/wp\/v2\/posts\/15879\/revisions\/15886"}],"wp:attachment":[{"href":"https:\/\/www.ipod.info.pl\/index.php\/wp-json\/wp\/v2\/media?parent=15879"}],"wp:term":[{"taxonomy":"category","embeddable":true,"href":"https:\/\/www.ipod.info.pl\/index.php\/wp-json\/wp\/v2\/categories?post=15879"},{"taxonomy":"post_tag","embeddable":true,"href":"https:\/\/www.ipod.info.pl\/index.php\/wp-json\/wp\/v2\/tags?post=15879"}],"curies":[{"name":"wp","href":"https:\/\/api.w.org\/{rel}","templated":true}]}}