{"id":15955,"date":"2012-03-07T10:21:05","date_gmt":"2012-03-07T09:21:05","guid":{"rendered":"http:\/\/www.ipod.info.pl\/?p=15955"},"modified":"2012-03-07T10:24:51","modified_gmt":"2012-03-07T09:24:51","slug":"apple-tv-3g","status":"publish","type":"post","link":"https:\/\/www.ipod.info.pl\/index.php\/apple-tv-3g\/","title":{"rendered":"Apple TV 3G"},"content":{"rendered":"<p style=\"text-align: justify;\">Dzi\u015b wieczorem prezentacja iPada 3 co opr\u00f3cz niego zobaczymy na konferencji?<br \/>\nNajwi\u0119cej plotek jest na temat Apple TV trzeciej generacji. Osobi\u015bci jako\u015b nie wierzy\u0142em, \u017ce nowe Apple TV b\u0119dzie szybko dost\u0119pne, ale plotki powoli zaczynaj\u0105 si\u0119 potwierdza\u0107. Nowe Apple TV b\u0119dzie oznaczone jako\u00a0J33 model, MD199LL\/A i ma by\u0107 sprzedawane w tej samej cenie co obecny model czyli w USA 99$, a u nas w Polsce. 479 z\u0142. W\u015br\u00f3d nowo\u015bci jaki zobaczymy w kolejnej generacji ma by\u0107 wsparcie dla odtwarzania obrazu w rozdzielczo\u015bci 1080P oraz obs\u0142uga\u00a0Bluetooth 4.0. Ca\u0142o\u015b\u0107 ma by\u0107 nap\u0119dzana procesorem A5 czyli takim jak w iPhone 4S oraz iPad 2 i w\u0142o\u017cona w pude\u0142ko takie jak w chwili obecnej. Dla przy pomnienia obecna generacja Apple TV black zosta\u0142a pokazana we <a href=\"http:\/\/www.ipod.info.pl\/index.php\/nowe-apple-tv\/\">wrze\u015bniu 2010<\/a>.\u00a0Opr\u00f3cz Apple TV podobno ma si\u0119 pojawi\u0107 jaki\u015b sprz\u0119t oznaczony jako\u00a0&#8222;B82&#8221; \u00a0w cenie 39$. S\u0105dz\u0105c po cenie b\u0119dzie to prawdopodobnie jaka\u015b przej\u015bci\u00f3wka.<\/p>\n<p style=\"text-align: justify;\">Jestem bardzo ciekaw kiedy wreszcie Apple zdecyduje si\u0119 na wprowadzenie AppStore z programami na Apple TV. Obecnie potencja\u0142 tego pude\u0142ka lekko si\u0119 marnuje. Wszystkiego dowiemy si\u0119 ju\u017c wieczorem, zapraszamy do s\u0142uchania\u00a0pierwszego odcinka podcastu\u00a0<strong><a href=\"https:\/\/www.facebook.com\/Nadgryzieni\" target=\"_blank\">Nadgryzieni<\/a>\u00a0Live, <\/strong>gdzie b\u0119dziemy na \u017cywo komentowali nowo\u015bci pokazane na konferencji<strong>.\u00a0<\/strong>Planowy start konferencji to \u015broda godzinna 19, my postaramy si\u0119 by\u0107 z Wami od jakie\u015b 18:30. S\u0142ucha\u0107 (tylko przekaz g\u0142osu bez wideo) nas b\u0119dzie mo\u017cna\u00a0<a href=\"http:\/\/www.ustream.tv\/channel\/nadgryzieni\">za pomoc\u0105 Ustream.tv na naszym kanale<\/a>, kt\u00f3ry dost\u0119pny jest z poziomu przegl\u0105darki WWW oraz\u00a0<a href=\"http:\/\/itunes.apple.com\/us\/app\/ustream\/id301520250?mt=8\" target=\"_blank\">dedykowanej aplikacji Ustream<\/a>\u00a0dla iOS\u00a0.<\/p>\n<div><\/div>\n","protected":false},"excerpt":{"rendered":"<p>Dzi\u015b wieczorem prezentacja iPada 3 co opr\u00f3cz niego zobaczymy na konferencji? Najwi\u0119cej plotek jest na temat Apple TV trzeciej generacji. Osobi\u015bci jako\u015b nie wierzy\u0142em, \u017ce nowe Apple TV b\u0119dzie szybko dost\u0119pne, ale plotki powoli zaczynaj\u0105 si\u0119 potwierdza\u0107. Nowe Apple TV b\u0119dzie oznaczone jako\u00a0J33 model, MD199LL\/A i ma by\u0107 sprzedawane w tej samej cenie co obecny [&hellip;]<\/p>\n","protected":false},"author":2,"featured_media":0,"comment_status":"open","ping_status":"open","sticky":false,"template":"","format":"standard","meta":{"footnotes":""},"categories":[12,74],"tags":[],"aioseo_notices":[],"_links":{"self":[{"href":"https:\/\/www.ipod.info.pl\/index.php\/wp-json\/wp\/v2\/posts\/15955"}],"collection":[{"href":"https:\/\/www.ipod.info.pl\/index.php\/wp-json\/wp\/v2\/posts"}],"about":[{"href":"https:\/\/www.ipod.info.pl\/index.php\/wp-json\/wp\/v2\/types\/post"}],"author":[{"embeddable":true,"href":"https:\/\/www.ipod.info.pl\/index.php\/wp-json\/wp\/v2\/users\/2"}],"replies":[{"embeddable":true,"href":"https:\/\/www.ipod.info.pl\/index.php\/wp-json\/wp\/v2\/comments?post=15955"}],"version-history":[{"count":3,"href":"https:\/\/www.ipod.info.pl\/index.php\/wp-json\/wp\/v2\/posts\/15955\/revisions"}],"predecessor-version":[{"id":15957,"href":"https:\/\/www.ipod.info.pl\/index.php\/wp-json\/wp\/v2\/posts\/15955\/revisions\/15957"}],"wp:attachment":[{"href":"https:\/\/www.ipod.info.pl\/index.php\/wp-json\/wp\/v2\/media?parent=15955"}],"wp:term":[{"taxonomy":"category","embeddable":true,"href":"https:\/\/www.ipod.info.pl\/index.php\/wp-json\/wp\/v2\/categories?post=15955"},{"taxonomy":"post_tag","embeddable":true,"href":"https:\/\/www.ipod.info.pl\/index.php\/wp-json\/wp\/v2\/tags?post=15955"}],"curies":[{"name":"wp","href":"https:\/\/api.w.org\/{rel}","templated":true}]}}