{"id":16411,"date":"2012-04-25T14:57:00","date_gmt":"2012-04-25T12:57:00","guid":{"rendered":"http:\/\/www.ipod.info.pl\/?p=16411"},"modified":"2012-04-25T15:03:06","modified_gmt":"2012-04-25T13:03:06","slug":"ios-6-zobaczymy-11-czerwca","status":"publish","type":"post","link":"https:\/\/www.ipod.info.pl\/index.php\/ios-6-zobaczymy-11-czerwca\/","title":{"rendered":"iOS 6 zobaczymy 11 czerwca"},"content":{"rendered":"<p style=\"text-align: justify;\"><a href=\"http:\/\/www.ipod.info.pl\/wp-content\/uploads\/2012\/04\/iOS-6-zobaczymy-11-czerwca-.png\"><img loading=\"lazy\" decoding=\"async\" class=\"alignright size-medium wp-image-16412\" title=\"iOS 6 zobaczymy 11 czerwca\" src=\"http:\/\/www.ipod.info.pl\/wp-content\/uploads\/2012\/04\/iOS-6-zobaczymy-11-czerwca--250x176.png\" alt=\"\" width=\"250\" height=\"176\" srcset=\"https:\/\/www.ipod.info.pl\/wp-content\/uploads\/2012\/04\/iOS-6-zobaczymy-11-czerwca--250x176.png 250w, https:\/\/www.ipod.info.pl\/wp-content\/uploads\/2012\/04\/iOS-6-zobaczymy-11-czerwca--150x105.png 150w, https:\/\/www.ipod.info.pl\/wp-content\/uploads\/2012\/04\/iOS-6-zobaczymy-11-czerwca-.png 590w\" sizes=\"(max-width: 250px) 100vw, 250px\" \/><\/a><a href=\"https:\/\/developer.apple.com\/wwdc\/\" target=\"_blank\">Firma Apple oficjalnie dzi\u015b og\u0142osi\u0142a<\/a>, \u017ce doroczna konferencja Worldwide Developers Conference czyli WWDC 2012 odb\u0119dzie si\u0119 w dniach 11-15 czerwca w Moscone Center w San Francisco. Jest prawie pewne, \u017ce wzorem lat poprzednich zobaczymy na tej konferencji system operacyjny iOS w pierwszej developerskiej wersji. Tego si\u0119 naprawd\u0119 nie mog\u0119 doczeka\u0107. Prawdopodobnie te\u017c b\u0119dzie pokazana finalna wersje OS X 10.8. Osobi\u015bcie za\u015b nie licz\u0119 ani na nowego iPhone 6G (sz\u00f3stej generacji) ani na \u017cadn\u0105 inn\u0105 nowo\u015b\u0107 sprz\u0119tow\u0105. To nie ta konferencja.<\/p>\n<p style=\"text-align: justify;\">Problem jest tylko taki, \u017ce w tym czasie b\u0119d\u0119 na wakacjach i nie jestem przekonany czy b\u0119d\u0119 mia\u0142 dostatecznie dobry internet, aby pobra\u0107, a potem napisa\u0107 co\u015b wi\u0119cej o tej wersji systemu.<\/p>\n<p style=\"text-align: justify;\">Jakby\u015bcie chcecie si\u0119 tam wybra\u0107 to bilety s\u0105 ju\u017c w sprzeda\u017cy w cenie 1599$. Spieszcie si\u0119, pewnie szybko si\u0119 rozejd\u0105.<\/p>\n","protected":false},"excerpt":{"rendered":"<p>Firma Apple oficjalnie dzi\u015b og\u0142osi\u0142a, \u017ce doroczna konferencja Worldwide Developers Conference czyli WWDC 2012 odb\u0119dzie si\u0119 w dniach 11-15 czerwca w Moscone Center w San Francisco. Jest prawie pewne, \u017ce wzorem lat poprzednich zobaczymy na tej konferencji system operacyjny iOS w pierwszej developerskiej wersji. Tego si\u0119 naprawd\u0119 nie mog\u0119 doczeka\u0107. Prawdopodobnie te\u017c b\u0119dzie pokazana finalna [&hellip;]<\/p>\n","protected":false},"author":2,"featured_media":0,"comment_status":"open","ping_status":"open","sticky":false,"template":"","format":"standard","meta":{"footnotes":""},"categories":[10,55,16,20],"tags":[],"aioseo_notices":[],"_links":{"self":[{"href":"https:\/\/www.ipod.info.pl\/index.php\/wp-json\/wp\/v2\/posts\/16411"}],"collection":[{"href":"https:\/\/www.ipod.info.pl\/index.php\/wp-json\/wp\/v2\/posts"}],"about":[{"href":"https:\/\/www.ipod.info.pl\/index.php\/wp-json\/wp\/v2\/types\/post"}],"author":[{"embeddable":true,"href":"https:\/\/www.ipod.info.pl\/index.php\/wp-json\/wp\/v2\/users\/2"}],"replies":[{"embeddable":true,"href":"https:\/\/www.ipod.info.pl\/index.php\/wp-json\/wp\/v2\/comments?post=16411"}],"version-history":[{"count":7,"href":"https:\/\/www.ipod.info.pl\/index.php\/wp-json\/wp\/v2\/posts\/16411\/revisions"}],"predecessor-version":[{"id":16414,"href":"https:\/\/www.ipod.info.pl\/index.php\/wp-json\/wp\/v2\/posts\/16411\/revisions\/16414"}],"wp:attachment":[{"href":"https:\/\/www.ipod.info.pl\/index.php\/wp-json\/wp\/v2\/media?parent=16411"}],"wp:term":[{"taxonomy":"category","embeddable":true,"href":"https:\/\/www.ipod.info.pl\/index.php\/wp-json\/wp\/v2\/categories?post=16411"},{"taxonomy":"post_tag","embeddable":true,"href":"https:\/\/www.ipod.info.pl\/index.php\/wp-json\/wp\/v2\/tags?post=16411"}],"curies":[{"name":"wp","href":"https:\/\/api.w.org\/{rel}","templated":true}]}}