{"id":16488,"date":"2012-05-09T00:20:33","date_gmt":"2012-05-08T22:20:33","guid":{"rendered":"http:\/\/www.ipod.info.pl\/?p=16488"},"modified":"2012-05-09T10:00:57","modified_gmt":"2012-05-09T08:00:57","slug":"ios-6-czy-ios-5-x","status":"publish","type":"post","link":"https:\/\/www.ipod.info.pl\/index.php\/ios-6-czy-ios-5-x\/","title":{"rendered":"iOS 6 czy iOS 5.X"},"content":{"rendered":"<p style=\"text-align: justify;\">Przyznam, \u017ce do tego wpisu natchn\u0119\u0142a mnie wypowied\u017a jakiego\u015b czytelnika. Nie pami\u0119tam, za co przepraszam kto to by\u0142 i czy by\u0142o to w mailu czy w komentarzach. Rozchodzi si\u0119 o to czy na zbli\u017caj\u0105cym si\u0119 <a href=\"http:\/\/www.ipod.info.pl\/index.php\/ios-6-zobaczymy-11-czerwca\/\">wielkimi krokami WWDC<\/a> (kurde b\u0119d\u0119 na wakacjach w kraju bez Netu :\/ ) zostanie pokazany system iOS 6 czy mo\u017ce iOS 5.X.<\/p>\n<p style=\"text-align: justify;\">Za iOS 6 przemawiaj\u0105: Apple do tej pory co roku pokazywa\u0142o now\u0105, du\u017c\u0105 wersj\u0105 iOS i robi\u0142o to zazwyczaj w\u0142a\u015bnie na WWDC<\/p>\n<p style=\"text-align: justify;\">Za iOS 5.X przemawiaj\u0105: Do tej pory wi\u0119kszo\u015b\u0107 wersji iOS wcze\u015bniej iPhone OS dochodzi\u0142a do numeracji z przynajmniej dw\u00f3jk\u0105 po przecicinku (no z wyj\u0105tkiem iPhone OS 3, kt\u00f3ry sko\u0144czy\u0142 na 3.1.3), brak przeciek\u00f3w dotycz\u0105cych iOS 6<\/p>\n<p style=\"text-align: justify;\">Ja stawiam jednak na iOS 6, a Wy?n<\/p>\n<div>\n\t<div class='democracy'>\n\t\t<strong class=\"poll-question\">Na WWDC 2012<\/strong>\n\t\t<div class='dem-results'>\n\t\t<form action='https:\/\/www.ipod.info.pl\/wp-content\/plugins\/democracy\/democracy.php' onsubmit='return dem_Vote(this)'>\n\t\t<ul>\n\t\t\t<li>\n\t\t\t\t\t<input type='radio' id='dem-choice-246' value='246' name='dem_poll_43' \/>\n\t\t\t\t\t<label for='dem-choice-246'>pojawi si\u0119 zapowied\u017a iOS 6<\/label>\n\t\t\t<\/li>\n\t\t\t<li>\n\t\t\t\t\t<input type='radio' id='dem-choice-247' value='247' name='dem_poll_43' \/>\n\t\t\t\t\t<label for='dem-choice-247'>udost\u0119pni\u0105 iOS 5.X<\/label>\n\t\t\t<\/li>\n\t\t\t<li>\n\t\t\t\t\t<input type='radio' id='dem-choice-248' value='248' name='dem_poll_43' \/>\n\t\t\t\t\t<label for='dem-choice-248'>nie b\u0119dzie iOS<\/label>\n\t\t\t<\/li>\n\t\t<\/ul>\n\t\t\t<input type='hidden' name='dem_poll_id' value='43' \/>\n\t\t\t<input type='hidden' name='dem_action' value='vote' \/>\n\t\t\t<input type='submit' class='dem-vote-button' value='Vote' \/>\n\t\t\t<a href='\/index.php\/wp-json\/wp\/v2\/posts\/16488?dem_action=view&amp;dem_poll_id=43' onclick='return dem_getVotes(\"https:\/\/www.ipod.info.pl\/wp-content\/plugins\/democracy\/democracy.php?dem_action=view&amp;dem_poll_id=43\", this)' rel='nofollow' class='dem-vote-link'>View Results<\/a>\n\t\t<\/form>\n\t\t<\/div>\n\t<\/div><\/div><\/p>\n","protected":false},"excerpt":{"rendered":"<p>Przyznam, \u017ce do tego wpisu natchn\u0119\u0142a mnie wypowied\u017a jakiego\u015b czytelnika. Nie pami\u0119tam, za co przepraszam kto to by\u0142 i czy by\u0142o to w mailu czy w komentarzach. Rozchodzi si\u0119 o to czy na zbli\u017caj\u0105cym si\u0119 wielkimi krokami WWDC (kurde b\u0119d\u0119 na wakacjach w kraju bez Netu :\/ ) zostanie pokazany system iOS 6 czy mo\u017ce [&hellip;]<\/p>\n","protected":false},"author":2,"featured_media":0,"comment_status":"open","ping_status":"open","sticky":false,"template":"","format":"standard","meta":{"footnotes":""},"categories":[55,16,20],"tags":[],"aioseo_notices":[],"_links":{"self":[{"href":"https:\/\/www.ipod.info.pl\/index.php\/wp-json\/wp\/v2\/posts\/16488"}],"collection":[{"href":"https:\/\/www.ipod.info.pl\/index.php\/wp-json\/wp\/v2\/posts"}],"about":[{"href":"https:\/\/www.ipod.info.pl\/index.php\/wp-json\/wp\/v2\/types\/post"}],"author":[{"embeddable":true,"href":"https:\/\/www.ipod.info.pl\/index.php\/wp-json\/wp\/v2\/users\/2"}],"replies":[{"embeddable":true,"href":"https:\/\/www.ipod.info.pl\/index.php\/wp-json\/wp\/v2\/comments?post=16488"}],"version-history":[{"count":5,"href":"https:\/\/www.ipod.info.pl\/index.php\/wp-json\/wp\/v2\/posts\/16488\/revisions"}],"predecessor-version":[{"id":16493,"href":"https:\/\/www.ipod.info.pl\/index.php\/wp-json\/wp\/v2\/posts\/16488\/revisions\/16493"}],"wp:attachment":[{"href":"https:\/\/www.ipod.info.pl\/index.php\/wp-json\/wp\/v2\/media?parent=16488"}],"wp:term":[{"taxonomy":"category","embeddable":true,"href":"https:\/\/www.ipod.info.pl\/index.php\/wp-json\/wp\/v2\/categories?post=16488"},{"taxonomy":"post_tag","embeddable":true,"href":"https:\/\/www.ipod.info.pl\/index.php\/wp-json\/wp\/v2\/tags?post=16488"}],"curies":[{"name":"wp","href":"https:\/\/api.w.org\/{rel}","templated":true}]}}