{"id":16729,"date":"2012-05-27T12:33:10","date_gmt":"2012-05-27T10:33:10","guid":{"rendered":"http:\/\/www.ipod.info.pl\/?p=16729"},"modified":"2012-05-27T12:33:10","modified_gmt":"2012-05-27T10:33:10","slug":"najladniejsza-ikolekcja-9","status":"publish","type":"post","link":"https:\/\/www.ipod.info.pl\/index.php\/najladniejsza-ikolekcja-9\/","title":{"rendered":"Naj\u0142adniejsza iKolekcja \u2013 9"},"content":{"rendered":"<p>Zaraz GP Monaco, je\u015bli jeszcze jeste\u015bcie przed komputerem, a nie TV to prosz\u0119 oto dziewi\u0105ta kandydatura do naj\u0142adniejszej iKolekcji.\u00a0Je\u015bli chcecie zg\u0142osi\u0107 w\u0142asn\u0105 kolekcj\u0119 to wszystkie warunki konkursu macie\u00a0<strong><a href=\"http:\/\/www.ipod.info.pl\/index.php\/najladniejsza-ikolekcja-konkurs\/\">opisane TU<\/a><\/strong>. Je\u015bli wys\u0142a\u0142e\u015b kolekcj\u0119, a jej nie widzisz na stronie to znaczy, \u017ce czeka w kolejce.<\/p>\n<p><strong>Wy\u0142\u0105cznym Partnerem Konkursu jest\u00a0<a href=\"http:\/\/www.maclife.pl\/\" target=\"_blank\">MacLife<\/a>\u00a0czyli serwis i salon urz\u0105dze\u0144 Apple czyli komputery Mac, iPody, iPhony i wszystko inne \u201ei\u201d. Nagrody w konkursie zostan\u0105 ufundowane w\u0142a\u015bnie przez\u00a0<a href=\"https:\/\/www.facebook.com\/serwisiphone\" target=\"_blank\">MacLife<\/a>.<\/strong><\/p>\n<div><em><a href=\"http:\/\/www.ipod.info.pl\/wp-content\/uploads\/2012\/05\/IMG_0222.jpg\"><img loading=\"lazy\" decoding=\"async\" class=\"alignright size-medium wp-image-16730\" title=\"Witam!  Zbieranie mojej iKolekcji zacz\u0119\u0142o si\u0119 w 2009 roku od MacBooka Air. Ten fascynuj\u0105cy komputer i system operacyjny urzek\u0142 mnie na tyle \u017ce postanowi\u0142em dokupi\u0107 do niego akcesoria i gad\u017cety. Kolejne sprz\u0119ty przychodzi\u0142y z \u0142atwo\u015bci\u0105 jako uzupe\u0142nienie mojego domowego ekosystemu. Teraz mam ju\u017c troszk\u0119 sprz\u0119tu kt\u00f3ry idealnie uzupe\u0142nia i u\u0142atwia moje codzienne \u017cycie. Tak pokr\u00f3tce jak powsta\u0142a moja iKolekcja.... ale ci\u0105gle mi ma\u0142o :)  PS: Norbi i ty si\u0119 do niej do\u0142o\u017cy\u0142e\u015b :) (AirPort Express) \" src=\"http:\/\/www.ipod.info.pl\/wp-content\/uploads\/2012\/05\/IMG_0222-187x250.jpg\" alt=\"\" width=\"187\" height=\"250\" srcset=\"https:\/\/www.ipod.info.pl\/wp-content\/uploads\/2012\/05\/IMG_0222-187x250.jpg 187w, https:\/\/www.ipod.info.pl\/wp-content\/uploads\/2012\/05\/IMG_0222-112x150.jpg 112w, https:\/\/www.ipod.info.pl\/wp-content\/uploads\/2012\/05\/IMG_0222-465x620.jpg 465w\" sizes=\"(max-width: 187px) 100vw, 187px\" \/><\/a>Witam!<\/em><\/div>\n<div><em>\u00a0Zbieranie mojej iKolekcji zacz\u0119\u0142o si\u0119 w 2009 roku od MacBooka Air. Ten fascynuj\u0105cy komputer i system operacyjny urzek\u0142 mnie na tyle \u017ce postanowi\u0142em dokupi\u0107 do niego akcesoria i gad\u017cety. Kolejne sprz\u0119ty przychodzi\u0142y z \u0142atwo\u015bci\u0105 jako uzupe\u0142nienie mojego domowego ekosystemu. Teraz mam ju\u017c troszk\u0119 sprz\u0119tu kt\u00f3ry idealnie uzupe\u0142nia i u\u0142atwia moje codzienne \u017cycie. Tak pokr\u00f3tce jak powsta\u0142a moja iKolekcja&#8230;. ale ci\u0105gle mi ma\u0142o :)<\/em><\/div>\n<div><em>\u00a0PS: Norbi i ty si\u0119 do niej do\u0142o\u017cy\u0142e\u015b :) (AirPort Express)\u00a0<\/em><\/div>\n","protected":false},"excerpt":{"rendered":"<p>Zaraz GP Monaco, je\u015bli jeszcze jeste\u015bcie przed komputerem, a nie TV to prosz\u0119 oto dziewi\u0105ta kandydatura do naj\u0142adniejszej iKolekcji.\u00a0Je\u015bli chcecie zg\u0142osi\u0107 w\u0142asn\u0105 kolekcj\u0119 to wszystkie warunki konkursu macie\u00a0opisane TU. Je\u015bli wys\u0142a\u0142e\u015b kolekcj\u0119, a jej nie widzisz na stronie to znaczy, \u017ce czeka w kolejce. Wy\u0142\u0105cznym Partnerem Konkursu jest\u00a0MacLife\u00a0czyli serwis i salon urz\u0105dze\u0144 Apple czyli komputery [&hellip;]<\/p>\n","protected":false},"author":2,"featured_media":0,"comment_status":"open","ping_status":"open","sticky":false,"template":"","format":"standard","meta":{"footnotes":""},"categories":[10],"tags":[],"aioseo_notices":[],"_links":{"self":[{"href":"https:\/\/www.ipod.info.pl\/index.php\/wp-json\/wp\/v2\/posts\/16729"}],"collection":[{"href":"https:\/\/www.ipod.info.pl\/index.php\/wp-json\/wp\/v2\/posts"}],"about":[{"href":"https:\/\/www.ipod.info.pl\/index.php\/wp-json\/wp\/v2\/types\/post"}],"author":[{"embeddable":true,"href":"https:\/\/www.ipod.info.pl\/index.php\/wp-json\/wp\/v2\/users\/2"}],"replies":[{"embeddable":true,"href":"https:\/\/www.ipod.info.pl\/index.php\/wp-json\/wp\/v2\/comments?post=16729"}],"version-history":[{"count":1,"href":"https:\/\/www.ipod.info.pl\/index.php\/wp-json\/wp\/v2\/posts\/16729\/revisions"}],"predecessor-version":[{"id":16731,"href":"https:\/\/www.ipod.info.pl\/index.php\/wp-json\/wp\/v2\/posts\/16729\/revisions\/16731"}],"wp:attachment":[{"href":"https:\/\/www.ipod.info.pl\/index.php\/wp-json\/wp\/v2\/media?parent=16729"}],"wp:term":[{"taxonomy":"category","embeddable":true,"href":"https:\/\/www.ipod.info.pl\/index.php\/wp-json\/wp\/v2\/categories?post=16729"},{"taxonomy":"post_tag","embeddable":true,"href":"https:\/\/www.ipod.info.pl\/index.php\/wp-json\/wp\/v2\/tags?post=16729"}],"curies":[{"name":"wp","href":"https:\/\/api.w.org\/{rel}","templated":true}]}}