{"id":16793,"date":"2012-06-04T20:08:51","date_gmt":"2012-06-04T18:08:51","guid":{"rendered":"http:\/\/www.ipod.info.pl\/?p=16793"},"modified":"2012-06-01T23:13:03","modified_gmt":"2012-06-01T21:13:03","slug":"najladniejsza-ikolekcja-13","status":"publish","type":"post","link":"https:\/\/www.ipod.info.pl\/index.php\/najladniejsza-ikolekcja-13\/","title":{"rendered":"Naj\u0142adniejsza iKolekcja \u2013 13"},"content":{"rendered":"<p style=\"text-align: justify;\">iKolekcja 13 .Je\u015bli chcecie zg\u0142osi\u0107 w\u0142asn\u0105 kolekcj\u0119 to wszystkie warunki konkursu macie\u00a0<strong><a href=\"http:\/\/www.ipod.info.pl\/index.php\/najladniejsza-ikolekcja-konkurs\/\">opisane TU<\/a><\/strong>. Je\u015bli wys\u0142a\u0142e\u015b kolekcj\u0119, a jej nie widzisz na stronie to znaczy, \u017ce czeka w kolejce lub zosta\u0142a odrzucona, bo Mac, iPad i iPhone po\u0142o\u017cone na stole to \u017cadna kolekcja. Wybaczcie.<\/p>\n<p style=\"text-align: justify;\"><strong>Wy\u0142\u0105cznym Partnerem Konkursu jest\u00a0<a href=\"http:\/\/www.maclife.pl\/\" target=\"_blank\">MacLife<\/a>\u00a0czyli serwis i salon urz\u0105dze\u0144 Apple czyli komputery Mac, iPody, iPhony i wszystko inne \u201ei\u201d. Nagrody w konkursie zostan\u0105 ufundowane w\u0142a\u015bnie przez\u00a0<a href=\"https:\/\/www.facebook.com\/serwisiphone\" target=\"_blank\">MacLife<\/a>.<\/strong><\/p>\n<p style=\"text-align: justify;\"><em><a href=\"http:\/\/www.ipod.info.pl\/wp-content\/uploads\/2012\/06\/zdj\u0119cie-2.jpg\"><img loading=\"lazy\" decoding=\"async\" class=\"alignright size-medium wp-image-16794\" title=\"Naj\u0142adniejsza iKolekcja \u2013 13\" src=\"http:\/\/www.ipod.info.pl\/wp-content\/uploads\/2012\/06\/zdj\u0119cie-2-250x187.jpg\" alt=\"\" width=\"250\" height=\"187\" srcset=\"https:\/\/www.ipod.info.pl\/wp-content\/uploads\/2012\/06\/zdj\u0119cie-2-250x187.jpg 250w, https:\/\/www.ipod.info.pl\/wp-content\/uploads\/2012\/06\/zdj\u0119cie-2-150x112.jpg 150w, https:\/\/www.ipod.info.pl\/wp-content\/uploads\/2012\/06\/zdj\u0119cie-2-620x465.jpg 620w\" sizes=\"(max-width: 250px) 100vw, 250px\" \/><\/a>Przedstawiam wam moj\u0105 ma\u0142\u0105 iKolekcj\u0119. Macbook PRO 13&#8221;. Korzystam z niego w szkole jak i w domu lecz z dodatkow\u0105 klawiatur\u0119 apple wireless. Nast\u0119pny m\u00f3j iSprz\u0119t to iPod nano 6G, super sprawa do s\u0142uchania muzyki bez potrzeby pl\u0105tania iphone w kabel od s\u0142uchawek : ) r\u00f3wnie\u017c sprawdza si\u0119 super jako zegarek i sprz\u0119t do \u015bci\u0105gania w szkole : ) No i g\u0142\u00f3wny sprz\u0119t bez kt\u00f3rego nie potrafi\u0142 bym funkcjonowa\u0107 iPhone 4S 32GB black, sprz\u0119t nie do zast\u0105pienia\u00a0(GPS, mail, aparat, internet, telefon no i oczywi\u015bcie gry) Wszystko w jednym urz\u0105dzeniu z pi\u0119knym designem. No na koniec zosta\u0142 Apple Cinema Display z kt\u00f3rego nie korzystam bo nie mam do czego go pod\u0142aczy\u0107 wiec s\u0142uzy jako ozdoba pokoju: ) Skromna kolekcja ale to narazie pocz\u0105tek.<\/em><\/p>\n<div><\/div>\n","protected":false},"excerpt":{"rendered":"<p>iKolekcja 13 .Je\u015bli chcecie zg\u0142osi\u0107 w\u0142asn\u0105 kolekcj\u0119 to wszystkie warunki konkursu macie\u00a0opisane TU. Je\u015bli wys\u0142a\u0142e\u015b kolekcj\u0119, a jej nie widzisz na stronie to znaczy, \u017ce czeka w kolejce lub zosta\u0142a odrzucona, bo Mac, iPad i iPhone po\u0142o\u017cone na stole to \u017cadna kolekcja. Wybaczcie. Wy\u0142\u0105cznym Partnerem Konkursu jest\u00a0MacLife\u00a0czyli serwis i salon urz\u0105dze\u0144 Apple czyli komputery Mac, [&hellip;]<\/p>\n","protected":false},"author":2,"featured_media":0,"comment_status":"open","ping_status":"open","sticky":false,"template":"","format":"standard","meta":{"footnotes":""},"categories":[10],"tags":[],"aioseo_notices":[],"_links":{"self":[{"href":"https:\/\/www.ipod.info.pl\/index.php\/wp-json\/wp\/v2\/posts\/16793"}],"collection":[{"href":"https:\/\/www.ipod.info.pl\/index.php\/wp-json\/wp\/v2\/posts"}],"about":[{"href":"https:\/\/www.ipod.info.pl\/index.php\/wp-json\/wp\/v2\/types\/post"}],"author":[{"embeddable":true,"href":"https:\/\/www.ipod.info.pl\/index.php\/wp-json\/wp\/v2\/users\/2"}],"replies":[{"embeddable":true,"href":"https:\/\/www.ipod.info.pl\/index.php\/wp-json\/wp\/v2\/comments?post=16793"}],"version-history":[{"count":1,"href":"https:\/\/www.ipod.info.pl\/index.php\/wp-json\/wp\/v2\/posts\/16793\/revisions"}],"predecessor-version":[{"id":16795,"href":"https:\/\/www.ipod.info.pl\/index.php\/wp-json\/wp\/v2\/posts\/16793\/revisions\/16795"}],"wp:attachment":[{"href":"https:\/\/www.ipod.info.pl\/index.php\/wp-json\/wp\/v2\/media?parent=16793"}],"wp:term":[{"taxonomy":"category","embeddable":true,"href":"https:\/\/www.ipod.info.pl\/index.php\/wp-json\/wp\/v2\/categories?post=16793"},{"taxonomy":"post_tag","embeddable":true,"href":"https:\/\/www.ipod.info.pl\/index.php\/wp-json\/wp\/v2\/tags?post=16793"}],"curies":[{"name":"wp","href":"https:\/\/api.w.org\/{rel}","templated":true}]}}