{"id":16935,"date":"2012-06-19T22:08:59","date_gmt":"2012-06-19T20:08:59","guid":{"rendered":"http:\/\/www.ipod.info.pl\/?p=16935"},"modified":"2012-06-19T22:08:59","modified_gmt":"2012-06-19T20:08:59","slug":"najladniejsza-ikolekcja-22","status":"publish","type":"post","link":"https:\/\/www.ipod.info.pl\/index.php\/najladniejsza-ikolekcja-22\/","title":{"rendered":"Naj\u0142adniejsza iKolekcja \u2013 22"},"content":{"rendered":"<p style=\"text-align: justify;\">Po urlopie :) iKolekcja 22. Je\u015bli chcecie zg\u0142osi\u0107 w\u0142asn\u0105 kolekcj\u0119 to wszystkie warunki konkursu macie\u00a0<strong><a href=\"http:\/\/www.ipod.info.pl\/index.php\/najladniejsza-ikolekcja-konkurs\/\">opisane TU<\/a><\/strong>. Je\u015bli wys\u0142a\u0142e\u015b kolekcj\u0119, a jej nie widzisz na stronie to znaczy, \u017ce czeka w kolejce lub zosta\u0142a odrzucona, bo Mac, iPad i iPhone po\u0142o\u017cone na stole to \u017cadna kolekcja. Wybaczcie.<\/p>\n<p style=\"text-align: justify;\"><strong>Wy\u0142\u0105cznym Partnerem Konkursu jest\u00a0<a href=\"http:\/\/www.maclife.pl\/\" target=\"_blank\">MacLife<\/a>\u00a0czyli serwis i salon urz\u0105dze\u0144 Apple czyli komputery Mac, iPody, iPhony i wszystko inne \u201ei\u201d. Nagrody w konkursie zostan\u0105 ufundowane w\u0142a\u015bnie przez\u00a0<a href=\"https:\/\/www.facebook.com\/serwisiphone\" target=\"_blank\">MacLife<\/a>.<\/strong><\/p>\n<div style=\"text-align: justify;\"><em><a href=\"http:\/\/www.ipod.info.pl\/wp-content\/uploads\/2012\/06\/ikolekcjafoto.jpg\"><img loading=\"lazy\" decoding=\"async\" class=\"alignright size-medium wp-image-16936\" title=\"Naj\u0142adniejsza iKolekcja \u2013 22\" src=\"http:\/\/www.ipod.info.pl\/wp-content\/uploads\/2012\/06\/ikolekcjafoto-250x140.jpg\" alt=\"\" width=\"250\" height=\"140\" srcset=\"https:\/\/www.ipod.info.pl\/wp-content\/uploads\/2012\/06\/ikolekcjafoto-250x140.jpg 250w, https:\/\/www.ipod.info.pl\/wp-content\/uploads\/2012\/06\/ikolekcjafoto-150x84.jpg 150w, https:\/\/www.ipod.info.pl\/wp-content\/uploads\/2012\/06\/ikolekcjafoto-620x348.jpg 620w\" sizes=\"(max-width: 250px) 100vw, 250px\" \/><\/a>Witam serdecznie!<\/em><\/p>\n<div><em>Mam przyjemno\u015b\u0107 przedstawi\u0107 moj\u0105 iKolekcj\u0119. Par\u0119 lat temu zafascynowa\u0142em si\u0119 iPodami i tak si\u0119 zacz\u0119\u0142a moja iPrzygoda. Kolekcj\u0119 eksponuj\u0119 na po\u0142yskuj\u0105cej, bia\u0142ej p\u00f3\u0142eczce. Okrasza j\u0105 &#8222;plakat&#8221; od podstaw w\u0142asnor\u0119cznie stworzony na podstawie reklam iPod\u00f3w z lat 2005 i 2007 wydrukowany w 300dpi i zamkni\u0119ty za akrylowym szk\u0142em. Za owym plakatem oraz pod kolekcj\u0105 zamontowa\u0142em diodery, aby wieczorami kolekcja te\u017c cieszy\u0142a oko. Co wa\u017cne, za kolekcj\u0119 uznaj\u0119 tylko te urz\u0105dzenia z kt\u00f3rych na co dzie\u0144 ju\u017c nie korzystam i tylko te s\u0105 na zdj\u0119ciu. W mojej iKolekcji znajduj\u0105 si\u0119 obecnie iPad 2, Apple TV 2G, iPod shuffle 2G iPod mini 1G i 2G, iPod 1G, 2G, 3G i 5G\u00a0 oraz MacBook Air 13&#8243; z 2010r. Kolekcja sukcesywnie si\u0119 powi\u0119ksza, najcz\u0119\u015bciej dochodz\u0105 nowe iPody.\u00a0<\/em><\/div>\n<div><em>Mam nadziej\u0119, \u017ce moja kolekcja si\u0119 spodoba, pozdrawiam serdecznie!<\/em><\/div>\n<\/div>\n","protected":false},"excerpt":{"rendered":"<p>Po urlopie :) iKolekcja 22. Je\u015bli chcecie zg\u0142osi\u0107 w\u0142asn\u0105 kolekcj\u0119 to wszystkie warunki konkursu macie\u00a0opisane TU. Je\u015bli wys\u0142a\u0142e\u015b kolekcj\u0119, a jej nie widzisz na stronie to znaczy, \u017ce czeka w kolejce lub zosta\u0142a odrzucona, bo Mac, iPad i iPhone po\u0142o\u017cone na stole to \u017cadna kolekcja. Wybaczcie. Wy\u0142\u0105cznym Partnerem Konkursu jest\u00a0MacLife\u00a0czyli serwis i salon urz\u0105dze\u0144 Apple [&hellip;]<\/p>\n","protected":false},"author":2,"featured_media":0,"comment_status":"open","ping_status":"open","sticky":false,"template":"","format":"standard","meta":{"footnotes":""},"categories":[10],"tags":[],"aioseo_notices":[],"_links":{"self":[{"href":"https:\/\/www.ipod.info.pl\/index.php\/wp-json\/wp\/v2\/posts\/16935"}],"collection":[{"href":"https:\/\/www.ipod.info.pl\/index.php\/wp-json\/wp\/v2\/posts"}],"about":[{"href":"https:\/\/www.ipod.info.pl\/index.php\/wp-json\/wp\/v2\/types\/post"}],"author":[{"embeddable":true,"href":"https:\/\/www.ipod.info.pl\/index.php\/wp-json\/wp\/v2\/users\/2"}],"replies":[{"embeddable":true,"href":"https:\/\/www.ipod.info.pl\/index.php\/wp-json\/wp\/v2\/comments?post=16935"}],"version-history":[{"count":2,"href":"https:\/\/www.ipod.info.pl\/index.php\/wp-json\/wp\/v2\/posts\/16935\/revisions"}],"predecessor-version":[{"id":16938,"href":"https:\/\/www.ipod.info.pl\/index.php\/wp-json\/wp\/v2\/posts\/16935\/revisions\/16938"}],"wp:attachment":[{"href":"https:\/\/www.ipod.info.pl\/index.php\/wp-json\/wp\/v2\/media?parent=16935"}],"wp:term":[{"taxonomy":"category","embeddable":true,"href":"https:\/\/www.ipod.info.pl\/index.php\/wp-json\/wp\/v2\/categories?post=16935"},{"taxonomy":"post_tag","embeddable":true,"href":"https:\/\/www.ipod.info.pl\/index.php\/wp-json\/wp\/v2\/tags?post=16935"}],"curies":[{"name":"wp","href":"https:\/\/api.w.org\/{rel}","templated":true}]}}