{"id":17347,"date":"2012-07-23T15:13:35","date_gmt":"2012-07-23T13:13:35","guid":{"rendered":"http:\/\/www.ipod.info.pl\/?p=17347"},"modified":"2012-07-23T15:16:07","modified_gmt":"2012-07-23T13:16:07","slug":"kiedy-pojawi-sie-iphone-6g-szostej-generacji","status":"publish","type":"post","link":"https:\/\/www.ipod.info.pl\/index.php\/kiedy-pojawi-sie-iphone-6g-szostej-generacji\/","title":{"rendered":"Kiedy pojawi si\u0119 iPhone 6G &#8211; sz\u00f3stej generacji?"},"content":{"rendered":"<p style=\"text-align: justify;\">Jako, \u017ce sezon og\u00f3rkowy w pe\u0142ni, a ja pytanie z tytu\u0142u s\u0142ysz\u0119 od znajomych przynajmniej dwa razy dziennie, postanowi\u0142em Wam da\u0107 szans\u0119 wypowiedzenia si\u0119. <strong>Kiedy to zostanie zaprezentowany iPhone sz\u00f3stej generacji?<br \/>\n<\/strong>Ja osobi\u015bcie obstawiam, \u017ce b\u0119dzie to na jesiennej konferencji po\u015bwi\u0119conej kiedy\u015b iPodom. W przesz\u0142o\u015bci taka konferencja mia\u0142a miejsce\u00a0<a href=\"http:\/\/www.ipod.info.pl\/index.php\/lets-talk-iphone\/\" target=\"_blank\">2011\u00a0\u2013\u00a04 Pa\u017adziernik<\/a>,\u00a0<a href=\"http:\/\/www.ipod.info.pl\/index.php\/2010\/09\/page\/5\/\">2010 \u2013\u00a01 Wrzesie\u0144<\/a>\u00a0,\u00a0<a href=\"http:\/\/www.ipod.info.pl\/index.php\/it%E2%80%99s-only-rock-and-roll-but-we-like-it-na-zywo\/\" target=\"_self\">2009 \u2013 9 Wrzesie\u0144<\/a>,\u00a0<a href=\"http:\/\/www.ipod.info.pl\/index.php\/konferencja-apple-w-yerba-buena-center-for-the-arts%E2%80%9D-na-goraco\/\" target=\"_self\">2008 \u2013 9 Wrzesie\u0144<\/a>,\u00a0<a href=\"http:\/\/www.ipod.info.pl\/index.php\/nowe-ipody-podsumowanie-konferencji-na-goraco\/\" target=\"_self\">2007 \u2013 5 Wrzesie\u0144<\/a><\/p>\n<p style=\"text-align: justify;\">Ja wi\u0119c odstawiam 5 Wrzesie\u0144 2012. Wy mo\u017cecie doda\u0107 swoje typy :)n<\/p>\n<div>\n\t<div class='democracy'>\n\t\t<strong class=\"poll-question\">Prezentacja iPhone 6G (sz\u00f3stej generacji) b\u0119dzie<\/strong>\n\t\t<div class='dem-results'>\n\t\t<form action='https:\/\/www.ipod.info.pl\/wp-content\/plugins\/democracy\/democracy.php' onsubmit='return dem_Vote(this)'>\n\t\t<ul>\n\t\t\t<li>\n\t\t\t\t\t<input type='radio' id='dem-choice-308' value='308' name='dem_poll_44' \/>\n\t\t\t\t\t<label for='dem-choice-308'>Smole\u0144sk?<\/label>\n\t\t\t<\/li>\n\t\t\t<li>\n\t\t\t\t\t<input type='radio' id='dem-choice-249' value='249' name='dem_poll_44' \/>\n\t\t\t\t\t<label for='dem-choice-249'>5 Wrze\u015bnia<\/label>\n\t\t\t<\/li>\n\t\t\t<li>\n\t\t\t\t\t<input type='radio' id='dem-choice-251' value='251' name='dem_poll_44' \/>\n\t\t\t\t\t<label for='dem-choice-251'>5 Pa\u017adziernika<\/label>\n\t\t\t<\/li>\n\t\t\t<li>\n\t\t\t\t\t<input type='radio' id='dem-choice-254' value='254' name='dem_poll_44' \/>\n\t\t\t\t\t<label for='dem-choice-254'>jutro<\/label>\n\t\t\t<\/li>\n\t\t\t<li>\n\t\t\t\t\t<input type='radio' id='dem-choice-258' value='258' name='dem_poll_44' \/>\n\t\t\t\t\t<label for='dem-choice-258'>12 wrze\u015bnia<\/label>\n\t\t\t<\/li>\n\t\t\t<li>\n\t\t\t\t\t<input type='radio' id='dem-choice-255' value='255' name='dem_poll_44' \/>\n\t\t\t\t\t<label for='dem-choice-255'>23 pa\u017adziernika<\/label>\n\t\t\t<\/li>\n\t\t\t<li>\n\t\t\t\t\t<input type='radio' id='dem-choice-253' value='253' name='dem_poll_44' \/>\n\t\t\t\t\t<label for='dem-choice-253'>10 Wrze\u015bnia<\/label>\n\t\t\t<\/li>\n\t\t\t<li>\n\t\t\t\t\t<input type='radio' id='dem-choice-270' value='270' name='dem_poll_44' \/>\n\t\t\t\t\t<label for='dem-choice-270'>11 wrze\u015bnia,..w rocznice<\/label>\n\t\t\t<\/li>\n\t\t\t<li>\n\t\t\t\t\t<input type='radio' id='dem-choice-259' value='259' name='dem_poll_44' \/>\n\t\t\t\t\t<label for='dem-choice-259'>4 Pa\u017adziernik<\/label>\n\t\t\t<\/li>\n\t\t\t<li>\n\t\t\t\t\t<input type='radio' id='dem-choice-260' value='260' name='dem_poll_44' \/>\n\t\t\t\t\t<label for='dem-choice-260'>2 pa\u017adziernik - wtorek<\/label>\n\t\t\t<\/li>\n\t\t\t<li>\n\t\t\t\t\t<input type='radio' id='dem-choice-256' value='256' name='dem_poll_44' \/>\n\t\t\t\t\t<label for='dem-choice-256'>4 Wrze\u015bnia<\/label>\n\t\t\t<\/li>\n\t\t\t<li>\n\t\t\t\t\t<input type='radio' id='dem-choice-257' value='257' name='dem_poll_44' \/>\n\t\t\t\t\t<label for='dem-choice-257'>7 Wrze\u015bnia<\/label>\n\t\t\t<\/li>\n\t\t\t<li>\n\t\t\t\t\t<input type='radio' id='dem-choice-250' value='250' name='dem_poll_44' \/>\n\t\t\t\t\t<label for='dem-choice-250'>4 Sierpnia<\/label>\n\t\t\t<\/li>\n\t\t\t<li>\n\t\t\t\t\t<input type='radio' id='dem-choice-307' value='307' name='dem_poll_44' \/>\n\t\t\t\t\t<label for='dem-choice-307'>7 sierpnia<\/label>\n\t\t\t<\/li>\n\t\t\t<li>\n\t\t\t\t\t<input type='radio' id='dem-choice-273' value='273' name='dem_poll_44' \/>\n\t\t\t\t\t<label for='dem-choice-273'>8 Wrze\u015bnia<\/label>\n\t\t\t<\/li>\n\t\t\t<li>\n\t\t\t\t\t<input type='radio' id='dem-choice-284' value='284' name='dem_poll_44' \/>\n\t\t\t\t\t<label for='dem-choice-284'>19 Pa\u017adziernik<\/label>\n\t\t\t<\/li>\n\t\t\t<li>\n\t\t\t\t\t<input type='radio' id='dem-choice-285' value='285' name='dem_poll_44' \/>\n\t\t\t\t\t<label for='dem-choice-285'>6 Wrze\u015bnia<\/label>\n\t\t\t<\/li>\n\t\t<\/ul>\n\t\t\t<input type='hidden' name='dem_poll_id' value='44' \/>\n\t\t\t<input type='hidden' name='dem_action' value='vote' \/>\n\t\t\t<input type='submit' class='dem-vote-button' value='Vote' \/>\n\t\t\t<a href='\/index.php\/wp-json\/wp\/v2\/posts\/17347?dem_action=view&amp;dem_poll_id=44' onclick='return dem_getVotes(\"https:\/\/www.ipod.info.pl\/wp-content\/plugins\/democracy\/democracy.php?dem_action=view&amp;dem_poll_id=44\", this)' rel='nofollow' class='dem-vote-link'>View Results<\/a>\n\t\t<\/form>\n\t\t<\/div>\n\t<\/div><\/div>\n<\/p>\n<p style=\"text-align: justify;\">PS. Urocze propozycje odpowiedzi w stylu &#8222;Jak przyjd\u0105 Szwedy&#8221; b\u0119d\u0119 skrupulatnie kasowa\u0142, wi\u0119c dajcie sobie spok\u00f3j z dodawaniem takowych.<\/p>\n<p style=\"text-align: justify;\">\n","protected":false},"excerpt":{"rendered":"<p>Jako, \u017ce sezon og\u00f3rkowy w pe\u0142ni, a ja pytanie z tytu\u0142u s\u0142ysz\u0119 od znajomych przynajmniej dwa razy dziennie, postanowi\u0142em Wam da\u0107 szans\u0119 wypowiedzenia si\u0119. Kiedy to zostanie zaprezentowany iPhone sz\u00f3stej generacji? Ja osobi\u015bcie obstawiam, \u017ce b\u0119dzie to na jesiennej konferencji po\u015bwi\u0119conej kiedy\u015b iPodom. W przesz\u0142o\u015bci taka konferencja mia\u0142a miejsce\u00a02011\u00a0\u2013\u00a04 Pa\u017adziernik,\u00a02010 \u2013\u00a01 Wrzesie\u0144\u00a0,\u00a02009 \u2013 9 Wrzesie\u0144,\u00a02008 [&hellip;]<\/p>\n","protected":false},"author":2,"featured_media":0,"comment_status":"open","ping_status":"open","sticky":false,"template":"","format":"standard","meta":{"footnotes":""},"categories":[16,80,2],"tags":[],"aioseo_notices":[],"_links":{"self":[{"href":"https:\/\/www.ipod.info.pl\/index.php\/wp-json\/wp\/v2\/posts\/17347"}],"collection":[{"href":"https:\/\/www.ipod.info.pl\/index.php\/wp-json\/wp\/v2\/posts"}],"about":[{"href":"https:\/\/www.ipod.info.pl\/index.php\/wp-json\/wp\/v2\/types\/post"}],"author":[{"embeddable":true,"href":"https:\/\/www.ipod.info.pl\/index.php\/wp-json\/wp\/v2\/users\/2"}],"replies":[{"embeddable":true,"href":"https:\/\/www.ipod.info.pl\/index.php\/wp-json\/wp\/v2\/comments?post=17347"}],"version-history":[{"count":3,"href":"https:\/\/www.ipod.info.pl\/index.php\/wp-json\/wp\/v2\/posts\/17347\/revisions"}],"predecessor-version":[{"id":17349,"href":"https:\/\/www.ipod.info.pl\/index.php\/wp-json\/wp\/v2\/posts\/17347\/revisions\/17349"}],"wp:attachment":[{"href":"https:\/\/www.ipod.info.pl\/index.php\/wp-json\/wp\/v2\/media?parent=17347"}],"wp:term":[{"taxonomy":"category","embeddable":true,"href":"https:\/\/www.ipod.info.pl\/index.php\/wp-json\/wp\/v2\/categories?post=17347"},{"taxonomy":"post_tag","embeddable":true,"href":"https:\/\/www.ipod.info.pl\/index.php\/wp-json\/wp\/v2\/tags?post=17347"}],"curies":[{"name":"wp","href":"https:\/\/api.w.org\/{rel}","templated":true}]}}