{"id":17447,"date":"2012-07-31T12:03:01","date_gmt":"2012-07-31T10:03:01","guid":{"rendered":"http:\/\/www.ipod.info.pl\/?p=17447"},"modified":"2012-07-31T12:05:32","modified_gmt":"2012-07-31T10:05:32","slug":"prezentacja-iphone-6g-bedzie-12-wrzesnia","status":"publish","type":"post","link":"https:\/\/www.ipod.info.pl\/index.php\/prezentacja-iphone-6g-bedzie-12-wrzesnia\/","title":{"rendered":"Prezentacja iPhone 6G odb\u0119dzie 12 wrze\u015bnia &#8230;"},"content":{"rendered":"<p style=\"text-align: justify;\">&#8230; przynajmniej tak\u0105 dat\u0119 potwierdza coraz wi\u0119cej r\u00f3\u017cnych, niezale\u017cnych \u017ar\u00f3de\u0142. Ja widzia\u0142em <a href=\"http:\/\/www.makoweabc.pl\/2012\/07\/nowy-iphone-rzekomo-12-wrzesnia-w-sklepach-21-wrzesnia\/\">przynajmniej<\/a> <a href=\"http:\/\/allthingsd.com\/20120730\/apple-stocks-up-on-components-for-fall-product-launch\/\">trzy<\/a> nie powi\u0105zane ze sob\u0105. 12 wrze\u015bnia to \u015broda i taka data te\u017c pojawi\u0142a si\u0119 w <a title=\"Kiedy pojawi si\u0119 iPhone 6G \u2013 sz\u00f3stej generacji?\" href=\"http:\/\/www.ipod.info.pl\/index.php\/kiedy-pojawi-sie-iphone-6g-szostej-generacji\/\">ankiecie na blogu<\/a>. Te same \u017ar\u00f3d\u0142a twierdz\u0105 te\u017c, \u017ce telefon w sprzeda\u017cy pojawi si\u0119 21 wrze\u015bnia czyli w pi\u0105tek. O ile pierwsza data wydaje mi si\u0119 bardzo pewna to druga mo\u017ce ju\u017c nie za bardzo.Obstawiam te\u017c, \u017ce razem z prezentacj\u0119 iPhone 6G zostanie pokazany te\u017c nowy iPod touch oraz nano.<\/p>\n<p style=\"text-align: justify;\">PS. Wreszcie puchar PPP b\u0119dzie m\u00f3j :)<br \/>\n<a href=\"http:\/\/www.ipod.info.pl\/pliki\/Prezentacja_iPhone_6G-ipod.info.pl.ics\">PS2. Zapiszcie sobie ten 12 w iCal<\/a>\u00a0i nic nie planuje na ten dzie\u0144.<\/p>\n","protected":false},"excerpt":{"rendered":"<p>&#8230; przynajmniej tak\u0105 dat\u0119 potwierdza coraz wi\u0119cej r\u00f3\u017cnych, niezale\u017cnych \u017ar\u00f3de\u0142. Ja widzia\u0142em przynajmniej trzy nie powi\u0105zane ze sob\u0105. 12 wrze\u015bnia to \u015broda i taka data te\u017c pojawi\u0142a si\u0119 w ankiecie na blogu. Te same \u017ar\u00f3d\u0142a twierdz\u0105 te\u017c, \u017ce telefon w sprzeda\u017cy pojawi si\u0119 21 wrze\u015bnia czyli w pi\u0105tek. O ile pierwsza data wydaje mi si\u0119 [&hellip;]<\/p>\n","protected":false},"author":2,"featured_media":0,"comment_status":"open","ping_status":"open","sticky":false,"template":"","format":"standard","meta":{"footnotes":""},"categories":[16,80,76,77],"tags":[],"class_list":["post-17447","post","type-post","status-publish","format-standard","hentry","category-iphone","category-iphone-5","category-ipod-nano-7g","category-ipod-touch-5g"],"aioseo_notices":[],"aioseo_head":"\n\t\t<!-- All in One SEO 5.0.0.1 - aioseo.com -->\n\t<meta name=\"robots\" content=\"max-image-preview:large\" \/>\n\t<meta name=\"author\" content=\"norbi\"\/>\n\t<link rel=\"canonical\" href=\"https:\/\/www.ipod.info.pl\/index.php\/prezentacja-iphone-6g-bedzie-12-wrzesnia\/\" \/>\n\t<meta name=\"generator\" content=\"All in One SEO (AIOSEO) 5.0.0.1\" \/>\n\t\t<meta property=\"og:locale\" content=\"pl_PL\" \/>\n\t\t<meta property=\"og:site_name\" content=\"iPod.info.pl \u2014 iPod, iPad, iPhone, iBlog | iPod, iPad, iPhone, iPhone 3G, iPhone 3GS, iPhone 4, Apple TV\" \/>\n\t\t<meta property=\"og:type\" content=\"article\" \/>\n\t\t<meta property=\"og:title\" content=\"Prezentacja iPhone 6G odb\u0119dzie 12 wrze\u015bnia \u2026 | iPod.info.pl \u2014 iPod, iPad, iPhone, iBlog\" \/>\n\t\t<meta property=\"og:url\" content=\"https:\/\/www.ipod.info.pl\/index.php\/prezentacja-iphone-6g-bedzie-12-wrzesnia\/\" \/>\n\t\t<meta property=\"article:published_time\" content=\"2012-07-31T10:03:01+00:00\" \/>\n\t\t<meta property=\"article:modified_time\" content=\"2012-07-31T10:05:32+00:00\" \/>\n\t\t<meta name=\"twitter:card\" content=\"summary_large_image\" \/>\n\t\t<meta name=\"twitter:title\" content=\"Prezentacja iPhone 6G odb\u0119dzie 12 wrze\u015bnia \u2026 | iPod.info.pl \u2014 iPod, iPad, iPhone, iBlog\" \/>\n\t\t<script type=\"application\/ld+json\" class=\"aioseo-schema\">\n\t\t\t{\"@context\":\"https:\\\/\\\/schema.org\",\"@graph\":[{\"@type\":\"Article\",\"@id\":\"https:\\\/\\\/www.ipod.info.pl\\\/index.php\\\/prezentacja-iphone-6g-bedzie-12-wrzesnia\\\/#article\",\"name\":\"Prezentacja iPhone 6G odb\\u0119dzie 12 wrze\\u015bnia \\u2026 | iPod.info.pl \\u2014 iPod, iPad, iPhone, iBlog\",\"headline\":\"Prezentacja iPhone 6G odb\\u0119dzie 12 wrze\\u015bnia &#8230;\",\"author\":{\"@id\":\"https:\\\/\\\/www.ipod.info.pl\\\/index.php\\\/author\\\/norbi\\\/#author\"},\"publisher\":{\"@id\":\"https:\\\/\\\/www.ipod.info.pl\\\/#organization\"},\"datePublished\":\"2012-07-31T12:03:01+02:00\",\"dateModified\":\"2012-07-31T12:05:32+02:00\",\"inLanguage\":\"pl-PL\",\"commentCount\":12,\"mainEntityOfPage\":{\"@id\":\"https:\\\/\\\/www.ipod.info.pl\\\/index.php\\\/prezentacja-iphone-6g-bedzie-12-wrzesnia\\\/#webpage\"},\"isPartOf\":{\"@id\":\"https:\\\/\\\/www.ipod.info.pl\\\/index.php\\\/prezentacja-iphone-6g-bedzie-12-wrzesnia\\\/#webpage\"},\"articleSection\":\"iPhone, iPhone 5 (6G), iPod nano 7G, iPod touch 5G\"},{\"@type\":\"BreadcrumbList\",\"@id\":\"https:\\\/\\\/www.ipod.info.pl\\\/index.php\\\/prezentacja-iphone-6g-bedzie-12-wrzesnia\\\/#breadcrumblist\",\"itemListElement\":[{\"@type\":\"ListItem\",\"@id\":\"https:\\\/\\\/www.ipod.info.pl#listItem\",\"position\":1,\"name\":\"Dom\",\"item\":\"https:\\\/\\\/www.ipod.info.pl\",\"nextItem\":{\"@type\":\"ListItem\",\"@id\":\"https:\\\/\\\/www.ipod.info.pl\\\/index.php\\\/category\\\/iphone\\\/#listItem\",\"name\":\"iPhone\"}},{\"@type\":\"ListItem\",\"@id\":\"https:\\\/\\\/www.ipod.info.pl\\\/index.php\\\/category\\\/iphone\\\/#listItem\",\"position\":2,\"name\":\"iPhone\",\"item\":\"https:\\\/\\\/www.ipod.info.pl\\\/index.php\\\/category\\\/iphone\\\/\",\"nextItem\":{\"@type\":\"ListItem\",\"@id\":\"https:\\\/\\\/www.ipod.info.pl\\\/index.php\\\/prezentacja-iphone-6g-bedzie-12-wrzesnia\\\/#listItem\",\"name\":\"Prezentacja iPhone 6G odb\\u0119dzie 12 wrze\\u015bnia &#8230;\"},\"previousItem\":{\"@type\":\"ListItem\",\"@id\":\"https:\\\/\\\/www.ipod.info.pl#listItem\",\"name\":\"Dom\"}},{\"@type\":\"ListItem\",\"@id\":\"https:\\\/\\\/www.ipod.info.pl\\\/index.php\\\/prezentacja-iphone-6g-bedzie-12-wrzesnia\\\/#listItem\",\"position\":3,\"name\":\"Prezentacja iPhone 6G odb\\u0119dzie 12 wrze\\u015bnia &#8230;\",\"previousItem\":{\"@type\":\"ListItem\",\"@id\":\"https:\\\/\\\/www.ipod.info.pl\\\/index.php\\\/category\\\/iphone\\\/#listItem\",\"name\":\"iPhone\"}}]},{\"@type\":\"Organization\",\"@id\":\"https:\\\/\\\/www.ipod.info.pl\\\/#organization\",\"name\":\"iPod.info.pl \\u2014 iPod, iPad, iPhone, iBlog\",\"description\":\"iPod, iPad, iPhone, iPhone 3G, iPhone 3GS, iPhone 4, Apple TV\",\"url\":\"https:\\\/\\\/www.ipod.info.pl\\\/\"},{\"@type\":\"Person\",\"@id\":\"https:\\\/\\\/www.ipod.info.pl\\\/index.php\\\/author\\\/norbi\\\/#author\",\"url\":\"https:\\\/\\\/www.ipod.info.pl\\\/index.php\\\/author\\\/norbi\\\/\",\"name\":\"norbi\"},{\"@type\":\"WebPage\",\"@id\":\"https:\\\/\\\/www.ipod.info.pl\\\/index.php\\\/prezentacja-iphone-6g-bedzie-12-wrzesnia\\\/#webpage\",\"url\":\"https:\\\/\\\/www.ipod.info.pl\\\/index.php\\\/prezentacja-iphone-6g-bedzie-12-wrzesnia\\\/\",\"name\":\"Prezentacja iPhone 6G odb\\u0119dzie 12 wrze\\u015bnia \\u2026 | iPod.info.pl \\u2014 iPod, iPad, iPhone, iBlog\",\"inLanguage\":\"pl-PL\",\"isPartOf\":{\"@id\":\"https:\\\/\\\/www.ipod.info.pl\\\/#website\"},\"breadcrumb\":{\"@id\":\"https:\\\/\\\/www.ipod.info.pl\\\/index.php\\\/prezentacja-iphone-6g-bedzie-12-wrzesnia\\\/#breadcrumblist\"},\"author\":{\"@id\":\"https:\\\/\\\/www.ipod.info.pl\\\/index.php\\\/author\\\/norbi\\\/#author\"},\"creator\":{\"@id\":\"https:\\\/\\\/www.ipod.info.pl\\\/index.php\\\/author\\\/norbi\\\/#author\"},\"datePublished\":\"2012-07-31T12:03:01+02:00\",\"dateModified\":\"2012-07-31T12:05:32+02:00\"},{\"@type\":\"WebSite\",\"@id\":\"https:\\\/\\\/www.ipod.info.pl\\\/#website\",\"url\":\"https:\\\/\\\/www.ipod.info.pl\\\/\",\"name\":\"iPod.info.pl \\u2014 iPod, iPad, iPhone, iBlog\",\"description\":\"iPod, iPad, iPhone, iPhone 3G, iPhone 3GS, iPhone 4, Apple TV\",\"inLanguage\":\"pl-PL\",\"publisher\":{\"@id\":\"https:\\\/\\\/www.ipod.info.pl\\\/#organization\"}}]}\n\t\t<\/script>\n\t\t<!-- All in One SEO -->\n\n","aioseo_head_json":{"title":"Prezentacja iPhone 6G odb\u0119dzie 12 wrze\u015bnia \u2026 | iPod.info.pl \u2014 iPod, iPad, iPhone, iBlog","description":"","canonical_url":"https:\/\/www.ipod.info.pl\/index.php\/prezentacja-iphone-6g-bedzie-12-wrzesnia\/","robots":"max-image-preview:large","keywords":"","webmasterTools":{"miscellaneous":""},"schema":{"@context":"https:\/\/schema.org","@graph":[{"@type":"Article","@id":"https:\/\/www.ipod.info.pl\/index.php\/prezentacja-iphone-6g-bedzie-12-wrzesnia\/#article","name":"Prezentacja iPhone 6G odb\u0119dzie 12 wrze\u015bnia \u2026 | iPod.info.pl \u2014 iPod, iPad, iPhone, iBlog","headline":"Prezentacja iPhone 6G odb\u0119dzie 12 wrze\u015bnia &#8230;","author":{"@id":"https:\/\/www.ipod.info.pl\/index.php\/author\/norbi\/#author"},"publisher":{"@id":"https:\/\/www.ipod.info.pl\/#organization"},"datePublished":"2012-07-31T12:03:01+02:00","dateModified":"2012-07-31T12:05:32+02:00","inLanguage":"pl-PL","commentCount":12,"mainEntityOfPage":{"@id":"https:\/\/www.ipod.info.pl\/index.php\/prezentacja-iphone-6g-bedzie-12-wrzesnia\/#webpage"},"isPartOf":{"@id":"https:\/\/www.ipod.info.pl\/index.php\/prezentacja-iphone-6g-bedzie-12-wrzesnia\/#webpage"},"articleSection":"iPhone, iPhone 5 (6G), iPod nano 7G, iPod touch 5G"},{"@type":"BreadcrumbList","@id":"https:\/\/www.ipod.info.pl\/index.php\/prezentacja-iphone-6g-bedzie-12-wrzesnia\/#breadcrumblist","itemListElement":[{"@type":"ListItem","@id":"https:\/\/www.ipod.info.pl#listItem","position":1,"name":"Dom","item":"https:\/\/www.ipod.info.pl","nextItem":{"@type":"ListItem","@id":"https:\/\/www.ipod.info.pl\/index.php\/category\/iphone\/#listItem","name":"iPhone"}},{"@type":"ListItem","@id":"https:\/\/www.ipod.info.pl\/index.php\/category\/iphone\/#listItem","position":2,"name":"iPhone","item":"https:\/\/www.ipod.info.pl\/index.php\/category\/iphone\/","nextItem":{"@type":"ListItem","@id":"https:\/\/www.ipod.info.pl\/index.php\/prezentacja-iphone-6g-bedzie-12-wrzesnia\/#listItem","name":"Prezentacja iPhone 6G odb\u0119dzie 12 wrze\u015bnia &#8230;"},"previousItem":{"@type":"ListItem","@id":"https:\/\/www.ipod.info.pl#listItem","name":"Dom"}},{"@type":"ListItem","@id":"https:\/\/www.ipod.info.pl\/index.php\/prezentacja-iphone-6g-bedzie-12-wrzesnia\/#listItem","position":3,"name":"Prezentacja iPhone 6G odb\u0119dzie 12 wrze\u015bnia &#8230;","previousItem":{"@type":"ListItem","@id":"https:\/\/www.ipod.info.pl\/index.php\/category\/iphone\/#listItem","name":"iPhone"}}]},{"@type":"Organization","@id":"https:\/\/www.ipod.info.pl\/#organization","name":"iPod.info.pl \u2014 iPod, iPad, iPhone, iBlog","description":"iPod, iPad, iPhone, iPhone 3G, iPhone 3GS, iPhone 4, Apple TV","url":"https:\/\/www.ipod.info.pl\/"},{"@type":"Person","@id":"https:\/\/www.ipod.info.pl\/index.php\/author\/norbi\/#author","url":"https:\/\/www.ipod.info.pl\/index.php\/author\/norbi\/","name":"norbi"},{"@type":"WebPage","@id":"https:\/\/www.ipod.info.pl\/index.php\/prezentacja-iphone-6g-bedzie-12-wrzesnia\/#webpage","url":"https:\/\/www.ipod.info.pl\/index.php\/prezentacja-iphone-6g-bedzie-12-wrzesnia\/","name":"Prezentacja iPhone 6G odb\u0119dzie 12 wrze\u015bnia \u2026 | iPod.info.pl \u2014 iPod, iPad, iPhone, iBlog","inLanguage":"pl-PL","isPartOf":{"@id":"https:\/\/www.ipod.info.pl\/#website"},"breadcrumb":{"@id":"https:\/\/www.ipod.info.pl\/index.php\/prezentacja-iphone-6g-bedzie-12-wrzesnia\/#breadcrumblist"},"author":{"@id":"https:\/\/www.ipod.info.pl\/index.php\/author\/norbi\/#author"},"creator":{"@id":"https:\/\/www.ipod.info.pl\/index.php\/author\/norbi\/#author"},"datePublished":"2012-07-31T12:03:01+02:00","dateModified":"2012-07-31T12:05:32+02:00"},{"@type":"WebSite","@id":"https:\/\/www.ipod.info.pl\/#website","url":"https:\/\/www.ipod.info.pl\/","name":"iPod.info.pl \u2014 iPod, iPad, iPhone, iBlog","description":"iPod, iPad, iPhone, iPhone 3G, iPhone 3GS, iPhone 4, Apple TV","inLanguage":"pl-PL","publisher":{"@id":"https:\/\/www.ipod.info.pl\/#organization"}}]},"og:locale":"pl_PL","og:site_name":"iPod.info.pl \u2014 iPod, iPad, iPhone, iBlog | iPod, iPad, iPhone, iPhone 3G, iPhone 3GS, iPhone 4, Apple TV","og:type":"article","og:title":"Prezentacja iPhone 6G odb\u0119dzie 12 wrze\u015bnia \u2026 | iPod.info.pl \u2014 iPod, iPad, iPhone, iBlog","og:url":"https:\/\/www.ipod.info.pl\/index.php\/prezentacja-iphone-6g-bedzie-12-wrzesnia\/","article:published_time":"2012-07-31T10:03:01+00:00","article:modified_time":"2012-07-31T10:05:32+00:00","twitter:card":"summary_large_image","twitter:title":"Prezentacja iPhone 6G odb\u0119dzie 12 wrze\u015bnia \u2026 | iPod.info.pl \u2014 iPod, iPad, iPhone, iBlog"},"aioseo_meta_data":{"post_id":"17447","title":null,"description":null,"keywords":null,"keyphrases":null,"primary_term":null,"canonical_url":null,"og_title":null,"og_description":null,"og_object_type":"default","og_image_type":"default","og_image_url":null,"og_image_width":null,"og_image_height":null,"og_image_custom_url":null,"og_image_custom_fields":null,"og_video":null,"og_custom_url":null,"og_article_section":null,"og_article_tags":null,"twitter_use_og":false,"twitter_card":"default","twitter_image_type":"default","twitter_image_url":null,"twitter_image_custom_url":null,"twitter_image_custom_fields":null,"twitter_title":null,"twitter_description":null,"schema":{"blockGraphs":[],"customGraphs":[],"default":{"data":{"Article":[],"Course":[],"Dataset":[],"FAQPage":[],"Movie":[],"Person":[],"Product":[],"ProductReview":[],"Car":[],"Recipe":[],"Service":[],"SoftwareApplication":[],"WebPage":[]},"graphName":"","isEnabled":true},"graphs":[]},"schema_type":"default","schema_type_options":null,"pillar_content":false,"robots_default":true,"robots_noindex":false,"robots_noarchive":false,"robots_nosnippet":false,"robots_nofollow":false,"robots_noimageindex":false,"robots_noodp":false,"robots_notranslate":false,"robots_max_snippet":null,"robots_max_videopreview":null,"robots_max_imagepreview":"large","priority":null,"frequency":null,"local_seo":null,"limit_modified_date":false,"created":"2024-07-03 13:27:33","updated":"2026-08-13 21:39:57","focus_keyword":null,"additional_keywords":null,"truseo_locale":null,"ai":null,"breadcrumb_settings":null,"seo_analyzer_scan_date":null},"aioseo_breadcrumb":"<div class=\"aioseo-breadcrumbs\"><span class=\"aioseo-breadcrumb\">\n\t\t\t<a href=\"https:\/\/www.ipod.info.pl\" title=\"Dom\">Dom<\/a>\n\t\t<\/span><span class=\"aioseo-breadcrumb-separator\">&raquo;<\/span><span class=\"aioseo-breadcrumb\">\n\t\t\t<a href=\"https:\/\/www.ipod.info.pl\/index.php\/category\/iphone\/\" title=\"iPhone\">iPhone<\/a>\n\t\t<\/span><span class=\"aioseo-breadcrumb-separator\">&raquo;<\/span><span class=\"aioseo-breadcrumb\">\n\t\t\tPrezentacja iPhone 6G odb\u0119dzie 12 wrze\u015bnia \u2026\n\t\t<\/span><\/div>","aioseo_breadcrumb_json":[{"label":"Dom","link":"https:\/\/www.ipod.info.pl"},{"label":"iPhone","link":"https:\/\/www.ipod.info.pl\/index.php\/category\/iphone\/"},{"label":"Prezentacja iPhone 6G odb\u0119dzie 12 wrze\u015bnia &#8230;","link":"https:\/\/www.ipod.info.pl\/index.php\/prezentacja-iphone-6g-bedzie-12-wrzesnia\/"}],"_links":{"self":[{"href":"https:\/\/www.ipod.info.pl\/index.php\/wp-json\/wp\/v2\/posts\/17447","targetHints":{"allow":["GET"]}}],"collection":[{"href":"https:\/\/www.ipod.info.pl\/index.php\/wp-json\/wp\/v2\/posts"}],"about":[{"href":"https:\/\/www.ipod.info.pl\/index.php\/wp-json\/wp\/v2\/types\/post"}],"author":[{"embeddable":true,"href":"https:\/\/www.ipod.info.pl\/index.php\/wp-json\/wp\/v2\/users\/2"}],"replies":[{"embeddable":true,"href":"https:\/\/www.ipod.info.pl\/index.php\/wp-json\/wp\/v2\/comments?post=17447"}],"version-history":[{"count":3,"href":"https:\/\/www.ipod.info.pl\/index.php\/wp-json\/wp\/v2\/posts\/17447\/revisions"}],"predecessor-version":[{"id":17450,"href":"https:\/\/www.ipod.info.pl\/index.php\/wp-json\/wp\/v2\/posts\/17447\/revisions\/17450"}],"wp:attachment":[{"href":"https:\/\/www.ipod.info.pl\/index.php\/wp-json\/wp\/v2\/media?parent=17447"}],"wp:term":[{"taxonomy":"category","embeddable":true,"href":"https:\/\/www.ipod.info.pl\/index.php\/wp-json\/wp\/v2\/categories?post=17447"},{"taxonomy":"post_tag","embeddable":true,"href":"https:\/\/www.ipod.info.pl\/index.php\/wp-json\/wp\/v2\/tags?post=17447"}],"curies":[{"name":"wp","href":"https:\/\/api.w.org\/{rel}","templated":true}]}}