{"id":18020,"date":"2012-10-08T15:05:11","date_gmt":"2012-10-08T13:05:11","guid":{"rendered":"http:\/\/www.ipod.info.pl\/?p=18020"},"modified":"2012-10-09T15:34:14","modified_gmt":"2012-10-09T13:34:14","slug":"ipod-touch-5g-i-ipod-nano-7g-od-jutra-w-sklepach","status":"publish","type":"post","link":"https:\/\/www.ipod.info.pl\/index.php\/ipod-touch-5g-i-ipod-nano-7g-od-jutra-w-sklepach\/","title":{"rendered":"iPod touch 5G i iPod nano 7G &#8211; od jutra w sklepach??"},"content":{"rendered":"<p style=\"text-align: justify;\"><a href=\"http:\/\/www.ipod.info.pl\/wp-content\/uploads\/2012\/10\/Zrzut-ekranu-2012-10-9-o-15.16.40.png\"><img loading=\"lazy\" decoding=\"async\" class=\"alignright size-medium wp-image-18029\" title=\"iPod touch 5G i iPod nano 7G - od jutra w sklepach??\" src=\"http:\/\/www.ipod.info.pl\/wp-content\/uploads\/2012\/10\/Zrzut-ekranu-2012-10-9-o-15.16.40-250x138.png\" alt=\"\" width=\"250\" height=\"138\" srcset=\"https:\/\/www.ipod.info.pl\/wp-content\/uploads\/2012\/10\/Zrzut-ekranu-2012-10-9-o-15.16.40-250x138.png 250w, https:\/\/www.ipod.info.pl\/wp-content\/uploads\/2012\/10\/Zrzut-ekranu-2012-10-9-o-15.16.40-150x83.png 150w, https:\/\/www.ipod.info.pl\/wp-content\/uploads\/2012\/10\/Zrzut-ekranu-2012-10-9-o-15.16.40.png 457w\" sizes=\"(max-width: 250px) 100vw, 250px\" \/><\/a>Serwis\u00a0<a href=\"http:\/\/www.macotakara.jp\/blog\/ipod\/entry-17930.html\" target=\"_blank\">www.macotakara.jp<\/a>\u00a0poda\u0142 bardzo ciekaw\u0105 informacj\u0119. Wed\u0142ug nich sprzeda\u017c iPoda touch 5G oraz iPoda nano 7G mia\u0142a by wystartowa\u0107 ju\u017c 9 pa\u017adziernika &#8211; czyli jutro. Informacja dotyczy niby Japonii i znajduj\u0105cych si\u0119 tam sklep\u00f3w detalicznych, ale jestem przekonany, \u017ce je\u015bli sprzeda\u017c wystartuje to b\u0119dzie to start globalny.<br \/>\nJak na razie moje zam\u00f3wienie na iPoda touch jest nadal przez Apple Store Online przetwarzane.<\/p>\n<p style=\"text-align: justify;\">Je\u015bli nowe iPody od jutra to chyba od jutra te\u017c nowe iTunes 11, a podobno nawet iOS 6.0.1?<\/p>\n","protected":false},"excerpt":{"rendered":"<p>Serwis\u00a0www.macotakara.jp\u00a0poda\u0142 bardzo ciekaw\u0105 informacj\u0119. Wed\u0142ug nich sprzeda\u017c iPoda touch 5G oraz iPoda nano 7G mia\u0142a by wystartowa\u0107 ju\u017c 9 pa\u017adziernika &#8211; czyli jutro. Informacja dotyczy niby Japonii i znajduj\u0105cych si\u0119 tam sklep\u00f3w detalicznych, ale jestem przekonany, \u017ce je\u015bli sprzeda\u017c wystartuje to b\u0119dzie to start globalny. Jak na razie moje zam\u00f3wienie na iPoda touch jest nadal [&hellip;]<\/p>\n","protected":false},"author":2,"featured_media":0,"comment_status":"open","ping_status":"open","sticky":false,"template":"","format":"standard","meta":{"footnotes":""},"categories":[2,76,77,24],"tags":[],"aioseo_notices":[],"_links":{"self":[{"href":"https:\/\/www.ipod.info.pl\/index.php\/wp-json\/wp\/v2\/posts\/18020"}],"collection":[{"href":"https:\/\/www.ipod.info.pl\/index.php\/wp-json\/wp\/v2\/posts"}],"about":[{"href":"https:\/\/www.ipod.info.pl\/index.php\/wp-json\/wp\/v2\/types\/post"}],"author":[{"embeddable":true,"href":"https:\/\/www.ipod.info.pl\/index.php\/wp-json\/wp\/v2\/users\/2"}],"replies":[{"embeddable":true,"href":"https:\/\/www.ipod.info.pl\/index.php\/wp-json\/wp\/v2\/comments?post=18020"}],"version-history":[{"count":2,"href":"https:\/\/www.ipod.info.pl\/index.php\/wp-json\/wp\/v2\/posts\/18020\/revisions"}],"predecessor-version":[{"id":18030,"href":"https:\/\/www.ipod.info.pl\/index.php\/wp-json\/wp\/v2\/posts\/18020\/revisions\/18030"}],"wp:attachment":[{"href":"https:\/\/www.ipod.info.pl\/index.php\/wp-json\/wp\/v2\/media?parent=18020"}],"wp:term":[{"taxonomy":"category","embeddable":true,"href":"https:\/\/www.ipod.info.pl\/index.php\/wp-json\/wp\/v2\/categories?post=18020"},{"taxonomy":"post_tag","embeddable":true,"href":"https:\/\/www.ipod.info.pl\/index.php\/wp-json\/wp\/v2\/tags?post=18020"}],"curies":[{"name":"wp","href":"https:\/\/api.w.org\/{rel}","templated":true}]}}