{"id":18099,"date":"2012-10-16T18:15:42","date_gmt":"2012-10-16T16:15:42","guid":{"rendered":"http:\/\/www.ipod.info.pl\/?p=18099"},"modified":"2012-10-17T15:08:36","modified_gmt":"2012-10-17T13:08:36","slug":"ipad-mini-jednak-23-pazdziernika","status":"publish","type":"post","link":"https:\/\/www.ipod.info.pl\/index.php\/ipad-mini-jednak-23-pazdziernika\/","title":{"rendered":"iPad mini jednak 23 pa\u017adziernika"},"content":{"rendered":"<p style=\"text-align: justify;\"><a href=\"http:\/\/www.ipod.info.pl\/wp-content\/uploads\/2012\/10\/apple-ipad-mini-launch-announced-official.jpg\"><img loading=\"lazy\" decoding=\"async\" class=\"alignright size-medium wp-image-18100\" title=\"iPad mini jednak 23 pa\u017adziernika\" src=\"http:\/\/www.ipod.info.pl\/wp-content\/uploads\/2012\/10\/apple-ipad-mini-launch-announced-official-250x201.jpg\" alt=\"\" width=\"250\" height=\"201\" srcset=\"https:\/\/www.ipod.info.pl\/wp-content\/uploads\/2012\/10\/apple-ipad-mini-launch-announced-official-250x201.jpg 250w, https:\/\/www.ipod.info.pl\/wp-content\/uploads\/2012\/10\/apple-ipad-mini-launch-announced-official-150x120.jpg 150w, https:\/\/www.ipod.info.pl\/wp-content\/uploads\/2012\/10\/apple-ipad-mini-launch-announced-official.jpg 620w\" sizes=\"(max-width: 250px) 100vw, 250px\" \/><\/a>Apple rozes\u0142a\u0142o dzi\u015b zaproszenia na konferencj\u0119, kt\u00f3ra odb\u0119dzie si\u0119 23 pa\u017adziernika. Tym razem miejsce przedstawienia to California Theater w San Jose &#8211; godzina 19 naszego czasu.<br \/>\nNa konferencji zobaczymy pewnie iPada mini oraz zapewne kilka bardziej Makowych nowo\u015bci. Rzu\u0107cie okiem na zaproszenie na kt\u00f3ry tym razem jest has\u0142o <strong>&#8222;We&#8217;ve got a little more to show you&#8221; &#8211; &#8222;Mamy Wam jeszcze troch\u0119 wi\u0119cej do pokazania&#8221;<\/strong>.<\/p>\n<p style=\"text-align: justify;\">Ehh co mam napisa\u0107,\u00a0ci\u0119\u017cko si\u0119 przyzna\u0107, \u017ce nie mia\u0142o si\u0119 racji, ale bardzo si\u0119 ciesz\u0119, \u017ce pojawi si\u0119 jakie\u015b nowe urz\u0105dzenie z iOS :). Cho\u0107 poczekajcie &#8230;\u00a0nie jest nigdzie napisane, \u017ce to chodzi dok\u0142adnie o iPada mini :)<\/p>\n","protected":false},"excerpt":{"rendered":"<p>Apple rozes\u0142a\u0142o dzi\u015b zaproszenia na konferencj\u0119, kt\u00f3ra odb\u0119dzie si\u0119 23 pa\u017adziernika. Tym razem miejsce przedstawienia to California Theater w San Jose &#8211; godzina 19 naszego czasu. Na konferencji zobaczymy pewnie iPada mini oraz zapewne kilka bardziej Makowych nowo\u015bci. Rzu\u0107cie okiem na zaproszenie na kt\u00f3ry tym razem jest has\u0142o &#8222;We&#8217;ve got a little more to show [&hellip;]<\/p>\n","protected":false},"author":2,"featured_media":0,"comment_status":"open","ping_status":"open","sticky":false,"template":"","format":"standard","meta":{"footnotes":""},"categories":[55,84],"tags":[],"aioseo_notices":[],"_links":{"self":[{"href":"https:\/\/www.ipod.info.pl\/index.php\/wp-json\/wp\/v2\/posts\/18099"}],"collection":[{"href":"https:\/\/www.ipod.info.pl\/index.php\/wp-json\/wp\/v2\/posts"}],"about":[{"href":"https:\/\/www.ipod.info.pl\/index.php\/wp-json\/wp\/v2\/types\/post"}],"author":[{"embeddable":true,"href":"https:\/\/www.ipod.info.pl\/index.php\/wp-json\/wp\/v2\/users\/2"}],"replies":[{"embeddable":true,"href":"https:\/\/www.ipod.info.pl\/index.php\/wp-json\/wp\/v2\/comments?post=18099"}],"version-history":[{"count":6,"href":"https:\/\/www.ipod.info.pl\/index.php\/wp-json\/wp\/v2\/posts\/18099\/revisions"}],"predecessor-version":[{"id":18111,"href":"https:\/\/www.ipod.info.pl\/index.php\/wp-json\/wp\/v2\/posts\/18099\/revisions\/18111"}],"wp:attachment":[{"href":"https:\/\/www.ipod.info.pl\/index.php\/wp-json\/wp\/v2\/media?parent=18099"}],"wp:term":[{"taxonomy":"category","embeddable":true,"href":"https:\/\/www.ipod.info.pl\/index.php\/wp-json\/wp\/v2\/categories?post=18099"},{"taxonomy":"post_tag","embeddable":true,"href":"https:\/\/www.ipod.info.pl\/index.php\/wp-json\/wp\/v2\/tags?post=18099"}],"curies":[{"name":"wp","href":"https:\/\/api.w.org\/{rel}","templated":true}]}}