{"id":18112,"date":"2012-10-18T09:45:21","date_gmt":"2012-10-18T07:45:21","guid":{"rendered":"http:\/\/www.ipod.info.pl\/?p=18112"},"modified":"2012-10-18T10:01:06","modified_gmt":"2012-10-18T08:01:06","slug":"imagazine-102012-drugie-urodziny-imagazine","status":"publish","type":"post","link":"https:\/\/www.ipod.info.pl\/index.php\/imagazine-102012-drugie-urodziny-imagazine\/","title":{"rendered":"iMagazine 10\/2012 \u2013 Drugie urodziny iMagazine!"},"content":{"rendered":"<p><strong><a href=\"http:\/\/www.ipod.info.pl\/wp-content\/uploads\/2012\/10\/Imag_10-2012-FINAL_02_Page_001.jpg\"><img loading=\"lazy\" decoding=\"async\" class=\"alignright size-medium wp-image-18113\" title=\"iMagazine 10\/2012 \u2013 Drugie urodziny iMagazine!\" src=\"http:\/\/www.ipod.info.pl\/wp-content\/uploads\/2012\/10\/Imag_10-2012-FINAL_02_Page_001-187x250.jpg\" alt=\"\" width=\"187\" height=\"250\" srcset=\"https:\/\/www.ipod.info.pl\/wp-content\/uploads\/2012\/10\/Imag_10-2012-FINAL_02_Page_001-187x250.jpg 187w, https:\/\/www.ipod.info.pl\/wp-content\/uploads\/2012\/10\/Imag_10-2012-FINAL_02_Page_001-112x150.jpg 112w, https:\/\/www.ipod.info.pl\/wp-content\/uploads\/2012\/10\/Imag_10-2012-FINAL_02_Page_001-465x620.jpg 465w, https:\/\/www.ipod.info.pl\/wp-content\/uploads\/2012\/10\/Imag_10-2012-FINAL_02_Page_001.jpg 1536w\" sizes=\"(max-width: 187px) 100vw, 187px\" \/><\/a>iMagazine 10\/2012 \u2013 Drugie urodziny iMagazine!<\/strong><\/p>\n<p style=\"text-align: justify;\"><em>&#8222;5 pa\u017adziernika 2010 roku wydali\u015bmy pierwszy numer iMagazine. Tak &#8211; to ju\u017c dwa lata, odk\u0105d jeste\u015bmy z Wami. Dwa lata ci\u0119\u017ckiej pracy, kt\u00f3ra daje nam niesamowit\u0105 satysfakcj\u0119. Dwa lata, co miesi\u0105c, prezentujemy Wam najciekawsze nowo\u015bci sprz\u0119towe, programowe, ksi\u0105\u017ckowe, filmowe, muzyczne. Wszystko to, co lubicie Wy &#8211; nasi czytelnicy&#8221;<\/em><\/p>\n<p style=\"text-align: justify;\">Tyle tytu\u0142em wst\u0119pu od Dominika. Ja od Siebie dodam, \u017ce zanim powsta\u0142 iMagazine przez dwa lata projekt istnia\u0142 jako <a href=\"http:\/\/www.ipod.info.pl\/?s=%22moje+jab\u0142uszko%22\" target=\"_blank\">Moje Jab\u0142uszko<\/a>. Do\u015b\u0107 wspomnie\u0144 &#8230; co w numerze, przede wszystkim recenzje\u00a0iPhonie 5. O moj\u0105 dopytywali\u015bcie si\u0119 ju\u017c od bardzo dawna, zapraszam do jej przeczytania ko\u0144czy j\u0105 zdanie:<br \/>\n<em> &#8222;Przez ostatni tydzie\u0144 s\u0142ysza\u0142em g\u0142\u00f3wnie dwa\u00a0pytania \u2013 czarny czy bia\u0142y? Oraz \u2013 kupowa\u0107\u00a0czy wystarczy iPhone 4S? Na\u00a0pierwsze pytanie ju\u017c odpowiedzia\u0142em,\u00a0wybieraj\u0105c wersj\u0119 bia\u0142\u0105. Na\u00a0drugie pytanie, odpowiedzi\u0105 mo\u017ce\u00a0by\u0107 powy\u017cszy tekst, a iPhone 5 jest\u00a0dla mnie &#8230;.&#8221;<br \/>\n<\/em>Je\u015bli moja recenzja Wam nie wystarczy to znajdziecie te\u017c recenzj\u0119 Wojtka. Zaznaczam, \u017ce w \u017cadnym momencie ich nie konsultowali\u015bmy. W numerze te\u017c test nowych s\u0142uchawek EarPods oraz sprawozdanie z naszej wyprawy do iDrezna. Plus tradycyjnie felietony, programy, ksi\u0105\u017cki, filmy oraz Ca\u0142a Muzyka. Nie zabrak\u0142o te\u017c <a href=\"http:\/\/imagazine.pl\/2012\/10\/18\/urodzinowy-konkurs-imagazine\/\" target=\"_blank\">konkurs\u00f3w z cennymi nagrodami<\/a>. Za\u015b osoby naprawd\u0119 spostrzegawcze (pierwsza, kt\u00f3ra odpowie prawid\u0142owo w komentarzach o co mi chodzi\u00a0\u00a0dostanie <a href=\"https:\/\/www.facebook.com\/photo.php?fbid=10151054973990855&amp;set=a.390472125854.176827.273755150854&amp;type=1\" target=\"_blank\">iPodinfowe podk\u0142adki<\/a>\u00a0&#8211; jedna osoba jedna odpowied\u017a), znajd\u0105 te\u017c co\u015b mocno intryguj\u0105cego.<\/p>\n<p style=\"text-align: justify;\">Numer dost\u0119pny ju\u017c dzi\u015b na\u00a0<a href=\"http:\/\/imagazine.pl\/2012\/10\/18\/imagazine-102012-drugie-urodziny-imagazine\/\" target=\"_blank\">imagazine.pl,<\/a>\u00a0w <a href=\"https:\/\/itunes.apple.com\/pl\/app\/imagazine.pl\/id471359317?mt=8\" target=\"_blank\">aplikacji z AppStore<\/a> dost\u0119pny b\u0119dzie w weekend.<\/p>\n","protected":false},"excerpt":{"rendered":"<p>iMagazine 10\/2012 \u2013 Drugie urodziny iMagazine! &#8222;5 pa\u017adziernika 2010 roku wydali\u015bmy pierwszy numer iMagazine. Tak &#8211; to ju\u017c dwa lata, odk\u0105d jeste\u015bmy z Wami. Dwa lata ci\u0119\u017ckiej pracy, kt\u00f3ra daje nam niesamowit\u0105 satysfakcj\u0119. Dwa lata, co miesi\u0105c, prezentujemy Wam najciekawsze nowo\u015bci sprz\u0119towe, programowe, ksi\u0105\u017ckowe, filmowe, muzyczne. Wszystko to, co lubicie Wy &#8211; nasi czytelnicy&#8221; Tyle [&hellip;]<\/p>\n","protected":false},"author":2,"featured_media":0,"comment_status":"open","ping_status":"open","sticky":false,"template":"","format":"standard","meta":{"footnotes":""},"categories":[10,80],"tags":[],"aioseo_notices":[],"_links":{"self":[{"href":"https:\/\/www.ipod.info.pl\/index.php\/wp-json\/wp\/v2\/posts\/18112"}],"collection":[{"href":"https:\/\/www.ipod.info.pl\/index.php\/wp-json\/wp\/v2\/posts"}],"about":[{"href":"https:\/\/www.ipod.info.pl\/index.php\/wp-json\/wp\/v2\/types\/post"}],"author":[{"embeddable":true,"href":"https:\/\/www.ipod.info.pl\/index.php\/wp-json\/wp\/v2\/users\/2"}],"replies":[{"embeddable":true,"href":"https:\/\/www.ipod.info.pl\/index.php\/wp-json\/wp\/v2\/comments?post=18112"}],"version-history":[{"count":2,"href":"https:\/\/www.ipod.info.pl\/index.php\/wp-json\/wp\/v2\/posts\/18112\/revisions"}],"predecessor-version":[{"id":18115,"href":"https:\/\/www.ipod.info.pl\/index.php\/wp-json\/wp\/v2\/posts\/18112\/revisions\/18115"}],"wp:attachment":[{"href":"https:\/\/www.ipod.info.pl\/index.php\/wp-json\/wp\/v2\/media?parent=18112"}],"wp:term":[{"taxonomy":"category","embeddable":true,"href":"https:\/\/www.ipod.info.pl\/index.php\/wp-json\/wp\/v2\/categories?post=18112"},{"taxonomy":"post_tag","embeddable":true,"href":"https:\/\/www.ipod.info.pl\/index.php\/wp-json\/wp\/v2\/tags?post=18112"}],"curies":[{"name":"wp","href":"https:\/\/api.w.org\/{rel}","templated":true}]}}