{"id":18211,"date":"2012-10-23T22:45:07","date_gmt":"2012-10-23T20:45:07","guid":{"rendered":"http:\/\/www.ipod.info.pl\/?p=18211"},"modified":"2012-10-24T14:16:01","modified_gmt":"2012-10-24T12:16:01","slug":"ipad-4-generacji-ipad-mini-co-o-nich-sadze","status":"publish","type":"post","link":"https:\/\/www.ipod.info.pl\/index.php\/ipad-4-generacji-ipad-mini-co-o-nich-sadze\/","title":{"rendered":"iPad 4 generacji, iPad mini &#8230; co o nich s\u0105dz\u0119 &#8230;"},"content":{"rendered":"<p style=\"text-align: justify;\"><a href=\"http:\/\/www.ipod.info.pl\/wp-content\/uploads\/2012\/10\/Zrzut-ekranu-2012-10-23-o-21.03.14.png\"><img loading=\"lazy\" decoding=\"async\" class=\"aligncenter size-large wp-image-18213\" title=\"Zrzut ekranu 2012-10-23 o 21.03.14\" src=\"http:\/\/www.ipod.info.pl\/wp-content\/uploads\/2012\/10\/Zrzut-ekranu-2012-10-23-o-21.03.14-620x297.png\" alt=\"\" width=\"620\" height=\"297\" srcset=\"https:\/\/www.ipod.info.pl\/wp-content\/uploads\/2012\/10\/Zrzut-ekranu-2012-10-23-o-21.03.14-620x297.png 620w, https:\/\/www.ipod.info.pl\/wp-content\/uploads\/2012\/10\/Zrzut-ekranu-2012-10-23-o-21.03.14-150x72.png 150w, https:\/\/www.ipod.info.pl\/wp-content\/uploads\/2012\/10\/Zrzut-ekranu-2012-10-23-o-21.03.14-250x120.png 250w, https:\/\/www.ipod.info.pl\/wp-content\/uploads\/2012\/10\/Zrzut-ekranu-2012-10-23-o-21.03.14.png 825w\" sizes=\"(max-width: 620px) 100vw, 620px\" \/><\/a>No to Keynote Apple si\u0119 sko\u0144czy\u0142o, pojawi\u0142o si\u0119 naprawd\u0119 bardzo du\u017co nowo\u015bci jak na niespe\u0142na p\u00f3\u0142toragodzinn\u0105 prezentacj\u0119. Mnie najbardziej interesuje oczywi\u015bcie iPad 4 generacji oraz iPad mini. Obydwa maj\u0105 mie\u0107 preorder ju\u017c od 26 pa\u017adziernika oraz by\u0107 w sklepach w Polsce (!) i na ca\u0142ym \u015bwiecie ju\u017c 3 listopada. Co o nich s\u0105dz\u0119 &#8230; b\u0119dziecie mogli pos\u0142ucha\u0107 jutro rano w <a href=\"https:\/\/itunes.apple.com\/pl\/podcast\/nadgryzieni-rozmowy-o-apple\/id354643597?mt=2\" target=\"_blank\">Nadgryzionych<\/a>, kt\u00f3rych w\u0142a\u015bnie sko\u0144czyli\u015bmy nagrywa\u0107, w kr\u00f3tkim skr\u00f3cie wygl\u0105da to tak:<\/p>\n<p style=\"text-align: justify;\"><strong>&#8211; Oba s\u0105 dla mnie wielkim zaskoczeniem<\/strong><br \/>\niPada mini si\u0119 nie spodziewa\u0142em, iPada 4 generacji nie spodziewa\u0142em si\u0119 jeszcze bardziej. Zaskoczeniem, jest te\u017c to \u017ce preordery startuj\u0105 ju\u017c za trzy dni czyli 26 pa\u017adziernika, kolejnym jest to, \u017ce Polska dostanie go w pierwszej transzy ju\u017c 2 Listopada. Ostatnie zaskoczenie to konieczno\u015b\u0107 oczekiwania na wersj\u0119 z modemem dwa tygodnie d\u0142u\u017cej ni\u017c na wersj\u0119 Wi-Fi. Je\u015bli szukacie polskich cen to znajdziecie je oczywi\u015bcie na\u00a0<a href=\"http:\/\/store.apple.com\/pl\/browse\/home\/shop_ipad\/compare\" target=\"_blank\">store.apple.com<\/a>.<br \/>\n<strong><br \/>\n&#8211; M\u00f3j iPad 3 generacji sta\u0142 si\u0119 nagle stary, a ma p\u00f3\u0142 roku!<br \/>\n<\/strong>By\u0142em pewien, \u017ce pojawi si\u0119 iPad 3 generacji ale w lekko od\u015bwie\u017conej wersji, z nowym z\u0142\u0105czem i mo\u017ce nowym procesorem. Tymczasem Apple zupe\u0142nie zmieni\u0142o model i faktycznie mo\u017ce si\u0119 on nazywa\u0107 czwart\u0105 generacj\u0105. Mamy nowy, nigdzie nie zastosowany jeszcze procesor A6X czyli dwurdzeniow\u0105 jednostk\u0119 znan\u0105 z iPhone 5 ale wspomagan\u0105 czterordzeniow\u0105 karta graficzn\u0105, co czyni go dwa razy szybszym od trzeciej generacji. Nowy modu\u0142 LTE taki jak w iPhone 5 czyli obs\u0142uguj\u0105cy europejskie cz\u0119stotliwo\u015bci oraz nowsz\u0105 wersj\u0119 ekranu. S\u0142owem nowa generacja i to w nieco ponad p\u00f3\u0142 roku po prezentacji poprzedniej wersji. To pozwala mi zrozumie\u0107 z\u0142o\u015b\u0107 niekt\u00f3rych os\u00f3b. Apple przyzwyczai\u0142o nas do premier co rok, a tym razem spotka\u0142a nas dla niekt\u00f3rych niemi\u0142a niespodzianka. Mam nadziej\u0119, \u017ce to pierwszy i ostatni taki przypadek wymuszony zmian\u0105 \u0142\u0105cza. Czy kupi\u0119 nowego iPada 4G? Pewnie kupi\u0119, b\u0119d\u0119 si\u0119 d\u0142ugo wzbrania\u0142, ale kupi\u0119 lub mo\u017ce dostan\u0119 :), ale o tym na razie szaaaa. Jednak jak to powiedzia\u0142 Wojtek, zwyk\u0142y u\u017cytkownik iPada 3G raczej nie b\u0119dzie mia\u0142 powod\u00f3w do przesiadki na iPada 4G.<br \/>\n<strong><br \/>\n&#8211; iPada mini chc\u0119, ale chc\u0119 z modemem, a na start b\u0119d\u0105 bez, cena 1499 z\u0142 \u00a0jest OK<br \/>\n<\/strong>Nie jestem wielb\u0142\u0105dem &#8211; mimo, \u017ce pocz\u0105tkowo nie wierzy\u0142em w iPada mini to ilo\u015b\u0107 przeciek\u00f3w nie pozostawia\u0142a z\u0142udze\u0144. Tak wi\u0119c myli\u0142em si\u0119, Apple wprowadzi\u0142o do sprzeda\u017cy ma\u0142ego iPada o kt\u00f3rym Steve Jobs m\u00f3wi\u0142, \u017ce si\u0119 nie pojawi. No c\u00f3\u017c jest i go chce. Tak naprawd\u0119 to si\u0119 nie mog\u0119 doczeka\u0107, a\u017c wezm\u0119 do r\u0119ki mniejsz\u0105 wersj\u0119 tego co znam. Mo\u017cliwo\u015b\u0107 w\u0142o\u017cenia go do kieszeni lu\u017anych spodni przemawia do mnie bardzo mocno. Troch\u0119 szkoda, \u017ce nie ma ekranu Retina, ale rozdzielczo\u015b\u0107 z iPada drugiej generacji czyli\u00a01024 na 768 pikseli upakowana na powierzchni 7,9&#8243; b\u0119dzie pewnie wygl\u0105da\u0142a dobrze. Troch\u0119 szkoda te\u017c, \u017ce wersja z modemem b\u0119dzie dost\u0119pna p\u00f3\u017aniej, ale to mo\u017ce dobrze bo kupi\u0119 na sw\u00f3j u\u017cytek wersj\u0119 najta\u0144sz\u0105 czyli model 16GB Wi-Fi kosztuj\u0105cy w Polsce 1499 z\u0142 &#8211; wersja najdro\u017csza czyli 64GB \u00a0z modemem b\u0119dzie kosztowa\u0142a 2749 z\u0142. Zaskoczeniem dla wielu z Was b\u0119dzie pewnie to, \u017ce wybior\u0119 tym razem wersj\u0119 czarn\u0105, tak troch\u0119 z przekory. Zobaczymy czy to amelinium :) da\u0142o si\u0119 \u0142atwo pomalowa\u0107. Wersja z modemem b\u0119dzie obs\u0142ugiwa\u0142a naturalnie LTE na cz\u0119stotliwo\u015bciach zgodnych z tymi w Europie. B\u0119dzie te\u017c co jasne z\u0142\u0105cze Lightning oraz szufladka na karty Nano Sim czyli tak jak w iPhone 5. Ten iPad to troch\u0119 taki miks iPada czwartej generacji i drugiej generacji. Rozdzielczo\u015b\u0107 ekranu i procesor z drugiej generacji, LTE, aparat 5 Mpx, przednia kamera 720p oraz z\u0142\u0105cze Lightnign z czwartej generacji, a cena &#8230; cena jest OK. Nie za wysoka nie za niska, niby wy\u017csza ni\u017c konkurencji, ale produkt jest wy\u017cszej jako\u015bci. Nie mam w\u0105tpliwo\u015bci b\u0119dzie si\u0119 sprzedawa\u0142 rewelacyjnie, bowiem b\u0119dzie idealnym urz\u0105dzeniem do wej\u015bcia w iOS. Oczywi\u015bcie nadal twierdze, \u017ce iPad z ekranem 9,7&#8243; jest du\u017co bardziej uniwersalny bowiem pozwala na co\u015b wi\u0119cej ni\u017c tylko konsumpcje tre\u015bci. iPad mini b\u0119dzie si\u0119 prawdopodobnie nada\u0142 tylko do &#8222;ogl\u0105dania&#8221;, a nie tworzenia.<\/p>\n<p style=\"text-align: justify;\"><strong>\u00a0<\/strong><\/p>\n","protected":false},"excerpt":{"rendered":"<p>No to Keynote Apple si\u0119 sko\u0144czy\u0142o, pojawi\u0142o si\u0119 naprawd\u0119 bardzo du\u017co nowo\u015bci jak na niespe\u0142na p\u00f3\u0142toragodzinn\u0105 prezentacj\u0119. Mnie najbardziej interesuje oczywi\u015bcie iPad 4 generacji oraz iPad mini. Obydwa maj\u0105 mie\u0107 preorder ju\u017c od 26 pa\u017adziernika oraz by\u0107 w sklepach w Polsce (!) i na ca\u0142ym \u015bwiecie ju\u017c 3 listopada. Co o nich s\u0105dz\u0119 &#8230; b\u0119dziecie [&hellip;]<\/p>\n","protected":false},"author":2,"featured_media":0,"comment_status":"open","ping_status":"open","sticky":false,"template":"","format":"standard","meta":{"footnotes":""},"categories":[87,84,80,2],"tags":[],"aioseo_notices":[],"_links":{"self":[{"href":"https:\/\/www.ipod.info.pl\/index.php\/wp-json\/wp\/v2\/posts\/18211"}],"collection":[{"href":"https:\/\/www.ipod.info.pl\/index.php\/wp-json\/wp\/v2\/posts"}],"about":[{"href":"https:\/\/www.ipod.info.pl\/index.php\/wp-json\/wp\/v2\/types\/post"}],"author":[{"embeddable":true,"href":"https:\/\/www.ipod.info.pl\/index.php\/wp-json\/wp\/v2\/users\/2"}],"replies":[{"embeddable":true,"href":"https:\/\/www.ipod.info.pl\/index.php\/wp-json\/wp\/v2\/comments?post=18211"}],"version-history":[{"count":13,"href":"https:\/\/www.ipod.info.pl\/index.php\/wp-json\/wp\/v2\/posts\/18211\/revisions"}],"predecessor-version":[{"id":18219,"href":"https:\/\/www.ipod.info.pl\/index.php\/wp-json\/wp\/v2\/posts\/18211\/revisions\/18219"}],"wp:attachment":[{"href":"https:\/\/www.ipod.info.pl\/index.php\/wp-json\/wp\/v2\/media?parent=18211"}],"wp:term":[{"taxonomy":"category","embeddable":true,"href":"https:\/\/www.ipod.info.pl\/index.php\/wp-json\/wp\/v2\/categories?post=18211"},{"taxonomy":"post_tag","embeddable":true,"href":"https:\/\/www.ipod.info.pl\/index.php\/wp-json\/wp\/v2\/tags?post=18211"}],"curies":[{"name":"wp","href":"https:\/\/api.w.org\/{rel}","templated":true}]}}