{"id":18286,"date":"2012-10-31T22:45:28","date_gmt":"2012-10-31T20:45:28","guid":{"rendered":"http:\/\/www.ipod.info.pl\/?p=18286"},"modified":"2012-11-01T02:16:20","modified_gmt":"2012-11-01T00:16:20","slug":"ipad-mini-ma-swiatowa-premiere-w-polsce","status":"publish","type":"post","link":"https:\/\/www.ipod.info.pl\/index.php\/ipad-mini-ma-swiatowa-premiere-w-polsce\/","title":{"rendered":"iPad mini ma \u015bwiatowa premier\u0119 w Polsce"},"content":{"rendered":"<p style=\"text-align: justify;\">Fajny tytu\u0142?<br \/>\nCo wi\u0119cej nie ma w nim krzty \u015bciemy, pisania pod publik\u0119 lub ch\u0119ci nabijania klikni\u0119\u0107. To szczera, czysta prawda. Podczas gdy w najwi\u0119kszych sklepach Apple np tym na\u00a0Fifth Avenue w NY iPad mini pojawi si\u0119 w sprzeda\u017cy dopiero za dwa dni w pi\u0105tek 2 listopada to w Polsce mo\u017cna kupi\u0107 go by\u0142o ju\u017c dzi\u015b. <strong>By\u0142o to mo\u017cliwe w sklepie \u00a0Saturn w Katowicach i by\u0142o to bodaj\u017ce jedyne takie miejsce na \u015bwiecie.<\/strong><\/p>\n<div id='gallery-1' class='gallery galleryid-18286 gallery-columns-4 gallery-size-thumbnail'><figure class='gallery-item'>\n\t\t\t<div class='gallery-icon landscape'>\n\t\t\t\t<a href='https:\/\/www.ipod.info.pl\/wp-content\/uploads\/2012\/10\/680494256.jpg'><img loading=\"lazy\" decoding=\"async\" width=\"150\" height=\"112\" src=\"https:\/\/www.ipod.info.pl\/wp-content\/uploads\/2012\/10\/680494256-150x112.jpg\" class=\"attachment-thumbnail size-thumbnail\" alt=\"\" srcset=\"https:\/\/www.ipod.info.pl\/wp-content\/uploads\/2012\/10\/680494256-150x112.jpg 150w, https:\/\/www.ipod.info.pl\/wp-content\/uploads\/2012\/10\/680494256-250x187.jpg 250w, https:\/\/www.ipod.info.pl\/wp-content\/uploads\/2012\/10\/680494256-620x465.jpg 620w, https:\/\/www.ipod.info.pl\/wp-content\/uploads\/2012\/10\/680494256.jpg 2048w\" sizes=\"(max-width: 150px) 100vw, 150px\" \/><\/a>\n\t\t\t<\/div><\/figure><figure class='gallery-item'>\n\t\t\t<div class='gallery-icon landscape'>\n\t\t\t\t<a href='https:\/\/www.ipod.info.pl\/wp-content\/uploads\/2012\/10\/680491991.jpg'><img loading=\"lazy\" decoding=\"async\" width=\"150\" height=\"112\" src=\"https:\/\/www.ipod.info.pl\/wp-content\/uploads\/2012\/10\/680491991-150x112.jpg\" class=\"attachment-thumbnail size-thumbnail\" alt=\"\" srcset=\"https:\/\/www.ipod.info.pl\/wp-content\/uploads\/2012\/10\/680491991-150x112.jpg 150w, https:\/\/www.ipod.info.pl\/wp-content\/uploads\/2012\/10\/680491991-250x187.jpg 250w, https:\/\/www.ipod.info.pl\/wp-content\/uploads\/2012\/10\/680491991-620x465.jpg 620w, https:\/\/www.ipod.info.pl\/wp-content\/uploads\/2012\/10\/680491991.jpg 2048w\" sizes=\"(max-width: 150px) 100vw, 150px\" \/><\/a>\n\t\t\t<\/div><\/figure><figure class='gallery-item'>\n\t\t\t<div class='gallery-icon portrait'>\n\t\t\t\t<a href='https:\/\/www.ipod.info.pl\/wp-content\/uploads\/2012\/10\/680491759.jpg'><img loading=\"lazy\" decoding=\"async\" width=\"112\" height=\"150\" src=\"https:\/\/www.ipod.info.pl\/wp-content\/uploads\/2012\/10\/680491759-112x150.jpg\" class=\"attachment-thumbnail size-thumbnail\" alt=\"\" srcset=\"https:\/\/www.ipod.info.pl\/wp-content\/uploads\/2012\/10\/680491759-112x150.jpg 112w, https:\/\/www.ipod.info.pl\/wp-content\/uploads\/2012\/10\/680491759-187x250.jpg 187w, https:\/\/www.ipod.info.pl\/wp-content\/uploads\/2012\/10\/680491759-465x620.jpg 465w, https:\/\/www.ipod.info.pl\/wp-content\/uploads\/2012\/10\/680491759.jpg 1536w\" sizes=\"(max-width: 112px) 100vw, 112px\" \/><\/a>\n\t\t\t<\/div><\/figure><figure class='gallery-item'>\n\t\t\t<div class='gallery-icon landscape'>\n\t\t\t\t<a href='https:\/\/www.ipod.info.pl\/wp-content\/uploads\/2012\/10\/680481774.jpg'><img loading=\"lazy\" decoding=\"async\" width=\"150\" height=\"112\" src=\"https:\/\/www.ipod.info.pl\/wp-content\/uploads\/2012\/10\/680481774-150x112.jpg\" class=\"attachment-thumbnail size-thumbnail\" alt=\"\" srcset=\"https:\/\/www.ipod.info.pl\/wp-content\/uploads\/2012\/10\/680481774-150x112.jpg 150w, https:\/\/www.ipod.info.pl\/wp-content\/uploads\/2012\/10\/680481774-250x187.jpg 250w, https:\/\/www.ipod.info.pl\/wp-content\/uploads\/2012\/10\/680481774-620x465.jpg 620w, https:\/\/www.ipod.info.pl\/wp-content\/uploads\/2012\/10\/680481774.jpg 960w\" sizes=\"(max-width: 150px) 100vw, 150px\" \/><\/a>\n\t\t\t<\/div><\/figure>\n\t\t<\/div>\n\n<p style=\"text-align: justify;\">Dzi\u015b od rana pr\u00f3bowa\u0142em zdoby\u0107 troch\u0119 wcze\u015bniej iPada mini. Znamy bran\u017c\u0119, znamy ludzi wi\u0119c wiedzieli\u015bmy, \u017ce tak zwani APR (Apple Premium Reseller) zostali zatowarowani iPadami mini dzi\u015b rano. ARP to np salony iSpot, ale tak\u017ce w\u0142a\u015bnie sie\u0107 sklep\u00f3w Saturn. Kilka telefon\u00f3w od rana po znajomych osobach od APR\u00f3w i wsz\u0119dzie to samo.<br \/>\n<em>&#8222;Wybacz nie mog\u0119&#8221;, &#8222;Przepraszam zwolni\u0105 mnie z pracy&#8221;, &#8222;Podpisa\u0142em takie rzeczy, \u017ce mi dzieci zabior\u0105&#8221;, &#8222;Zatrudnisz mnie u siebie?&#8221;, &#8222;Ja Ci za\u0142atwi\u0119, ale musisz mi zap\u0142aci\u0107 3 miesi\u0119czn\u0105 odpraw\u0119&#8221;<\/em> itp.<br \/>\nJednym zdaniem nie da si\u0119. Pi\u0105tek rano bez problemu, iSpoty b\u0119d\u0105 otwarte od 8 rano, ale dzi\u015b nie da\u0142o rady. Co wi\u0119cej nasze\/moje starania odbi\u0142y si\u0119 echem gdzie\u015b wy\u017cej, bo APRzy dostali info aby si\u0119 nie kontaktowa\u0107 z pras\u0105 w sprawie iPada mini. I wszystko by\u0142o by\u0142o super gdyby nie <a href=\"https:\/\/twitter.com\/Saint_1974\/statuses\/263710722389835776\" target=\"_blank\">Tweet u\u017cytkownika <strong>Saint_1974<\/strong><\/a>\u00a0&#8211; <em>&#8222;W saturnie ju\u017c premiera&#8221; &#8211;<\/em> od tego u\u017cytkownika pochodz\u0105 zdj\u0119cia<em>. <\/em>Chwil\u0119 potem dowiedzia\u0142em si\u0119, \u017ce to o Saturn w Katowicach chodzi. Potem informacj\u0119 potwierdzi\u0142em dzwoni\u0105c do tego Saturna. Powiedziano mi, \u017ce maj\u0105 do\u015b\u0107 du\u017co sztuk, interesuj\u0105cej mnie wersji\u00a016GB czarnej mieli 3 sztuki w cenie 1499 z\u0142 brutto. Uprzejmy Pan powiedzia\u0142, \u017ce mo\u017ce mi od\u0142o\u017cy\u0107 jedn\u0105 je\u015bli si\u0119 wyrobi\u0119 do 21. Nie da\u0142em rady &#8230;. Katowicka to nie Autostrada. <strong>Reszt\u0119 znacie iPad mini mia\u0142 \u015bwiatow\u0105 premier\u0119 w Polsce!<\/strong><\/p>\n<p style=\"text-align: justify;\">PS. Co ciekawe iPad mini wed\u0142ug informacji na pude\u0142ku wymaga iTunes 11 &#8211;\u00a0<a title=\"iTunes 11 \u2013 jednak w listopadzie\" href=\"http:\/\/www.ipod.info.pl\/index.php\/itunes-11-jednak-w-listopadzie\/\">szkoda, \u017ce go nie ma<\/a>.<\/p>\n","protected":false},"excerpt":{"rendered":"<p>Fajny tytu\u0142? Co wi\u0119cej nie ma w nim krzty \u015bciemy, pisania pod publik\u0119 lub ch\u0119ci nabijania klikni\u0119\u0107. To szczera, czysta prawda. Podczas gdy w najwi\u0119kszych sklepach Apple np tym na\u00a0Fifth Avenue w NY iPad mini pojawi si\u0119 w sprzeda\u017cy dopiero za dwa dni w pi\u0105tek 2 listopada to w Polsce mo\u017cna kupi\u0107 go by\u0142o ju\u017c [&hellip;]<\/p>\n","protected":false},"author":2,"featured_media":0,"comment_status":"open","ping_status":"open","sticky":false,"template":"","format":"standard","meta":{"footnotes":""},"categories":[84],"tags":[],"aioseo_notices":[],"_links":{"self":[{"href":"https:\/\/www.ipod.info.pl\/index.php\/wp-json\/wp\/v2\/posts\/18286"}],"collection":[{"href":"https:\/\/www.ipod.info.pl\/index.php\/wp-json\/wp\/v2\/posts"}],"about":[{"href":"https:\/\/www.ipod.info.pl\/index.php\/wp-json\/wp\/v2\/types\/post"}],"author":[{"embeddable":true,"href":"https:\/\/www.ipod.info.pl\/index.php\/wp-json\/wp\/v2\/users\/2"}],"replies":[{"embeddable":true,"href":"https:\/\/www.ipod.info.pl\/index.php\/wp-json\/wp\/v2\/comments?post=18286"}],"version-history":[{"count":5,"href":"https:\/\/www.ipod.info.pl\/index.php\/wp-json\/wp\/v2\/posts\/18286\/revisions"}],"predecessor-version":[{"id":18302,"href":"https:\/\/www.ipod.info.pl\/index.php\/wp-json\/wp\/v2\/posts\/18286\/revisions\/18302"}],"wp:attachment":[{"href":"https:\/\/www.ipod.info.pl\/index.php\/wp-json\/wp\/v2\/media?parent=18286"}],"wp:term":[{"taxonomy":"category","embeddable":true,"href":"https:\/\/www.ipod.info.pl\/index.php\/wp-json\/wp\/v2\/categories?post=18286"},{"taxonomy":"post_tag","embeddable":true,"href":"https:\/\/www.ipod.info.pl\/index.php\/wp-json\/wp\/v2\/tags?post=18286"}],"curies":[{"name":"wp","href":"https:\/\/api.w.org\/{rel}","templated":true}]}}