{"id":18387,"date":"2012-11-07T23:48:42","date_gmt":"2012-11-07T21:48:42","guid":{"rendered":"http:\/\/www.ipod.info.pl\/?p=18387"},"modified":"2012-11-07T23:52:06","modified_gmt":"2012-11-07T21:52:06","slug":"no-to-zaczynamy-ipad-mini-2g","status":"publish","type":"post","link":"https:\/\/www.ipod.info.pl\/index.php\/no-to-zaczynamy-ipad-mini-2g\/","title":{"rendered":"No to zaczynamy iPad mini 2G :)"},"content":{"rendered":"<p style=\"text-align: justify;\">Zycie nie cierpi pr\u00f3\u017cni, ze sklep\u00f3w znikaj\u0105 znicze i pojawiaj\u0105 si\u0119 ozdoby choinkowe, a chwil\u0119 po nich pojawiaj\u0105 serduszka na 14 lutego, nast\u0119pnie po\u0144czochy na dzie\u0144 kobiet i od razu jajeczka. iPad mini pojawi\u0142 si\u0119 w sklepach wi\u0119c nale\u017cy zacz\u0105\u0107 plotkowa\u0107 o kolejnej generacji. Cho\u0107 trzeba przyzna\u0107, \u017ce tym razem do\u015b\u0107 szybko zaczynamy. Kilka serwis\u00f3w powt\u00f3rzy\u0142o dzi\u015b informacje ze strony, <a href=\"http:\/\/www.donews.com\/original\/201211\/1690971.shtm\" target=\"_blank\">kt\u00f3r\u0105 czyta si\u0119 inaczej<\/a>, ale od czego Google Translator. Schemat ten sam, pewien dostawca sprz\u0119tu dla Apple informuje, \u017ce ma ju\u017c opracowany ekran dla nowej generacji iPada mini. Ma go zacz\u0105\u0107 dostarcza\u0107 w przysz\u0142ym roku. Ekran b\u0119dzie oczywi\u015bcie typu Retina i b\u0119dzie mia\u0142 rozdzielczo\u015b\u0107 \u00a02048&#215;1536 pikseli co przy rozmiarze 7,9 cala da imponuj\u0105cy wynik 497ppi.<\/p>\n<p style=\"text-align: justify;\">Zastosowanie ekranu Retina to oczywi\u015bcie do\u015b\u0107 logiczny kierunek rozwoju iPada mini i tak\u0105 plotk\u0119 mo\u017cna pu\u015bci\u0107 prawie w ciemno. Mnie najbardziej interesuje to czy Apple zostanie przy rocznym cyklu aktualizacji urz\u0105dze\u0144, a przyk\u0142ad iPada 3G i 4G to by\u0142 tylko jednorazowy wybryk, czy mo\u017ce stanie si\u0119 nieprzewidywalne i b\u0119dzie nam sypa\u0142o nowo\u015bciami z r\u0119kawa bez konkretnego harmonogramu. Mam nadziej\u0119, \u017ce w ludziach z Apple zosta\u0142o troch\u0119 z filozofii Steva.<\/p>\n","protected":false},"excerpt":{"rendered":"<p>Zycie nie cierpi pr\u00f3\u017cni, ze sklep\u00f3w znikaj\u0105 znicze i pojawiaj\u0105 si\u0119 ozdoby choinkowe, a chwil\u0119 po nich pojawiaj\u0105 serduszka na 14 lutego, nast\u0119pnie po\u0144czochy na dzie\u0144 kobiet i od razu jajeczka. iPad mini pojawi\u0142 si\u0119 w sklepach wi\u0119c nale\u017cy zacz\u0105\u0107 plotkowa\u0107 o kolejnej generacji. Cho\u0107 trzeba przyzna\u0107, \u017ce tym razem do\u015b\u0107 szybko zaczynamy. Kilka serwis\u00f3w [&hellip;]<\/p>\n","protected":false},"author":2,"featured_media":0,"comment_status":"open","ping_status":"open","sticky":false,"template":"","format":"standard","meta":{"footnotes":""},"categories":[55,82,87,84],"tags":[],"class_list":["post-18387","post","type-post","status-publish","format-standard","hentry","category-ipad1g","category-ipad-3","category-ipad-4g","category-ipad-mini"],"aioseo_notices":[],"aioseo_head":"\n\t\t<!-- All in One SEO 5.0.0.1 - aioseo.com -->\n\t<meta name=\"robots\" content=\"max-image-preview:large\" \/>\n\t<meta name=\"author\" content=\"norbi\"\/>\n\t<link rel=\"canonical\" href=\"https:\/\/www.ipod.info.pl\/index.php\/no-to-zaczynamy-ipad-mini-2g\/\" \/>\n\t<meta name=\"generator\" content=\"All in One SEO (AIOSEO) 5.0.0.1\" \/>\n\t\t<meta property=\"og:locale\" content=\"pl_PL\" \/>\n\t\t<meta property=\"og:site_name\" content=\"iPod.info.pl \u2014 iPod, iPad, iPhone, iBlog | iPod, iPad, iPhone, iPhone 3G, iPhone 3GS, iPhone 4, Apple TV\" \/>\n\t\t<meta property=\"og:type\" content=\"article\" \/>\n\t\t<meta property=\"og:title\" content=\"No to zaczynamy iPad mini 2G :) | iPod.info.pl \u2014 iPod, iPad, iPhone, iBlog\" \/>\n\t\t<meta property=\"og:url\" content=\"https:\/\/www.ipod.info.pl\/index.php\/no-to-zaczynamy-ipad-mini-2g\/\" \/>\n\t\t<meta property=\"article:published_time\" content=\"2012-11-07T21:48:42+00:00\" \/>\n\t\t<meta property=\"article:modified_time\" content=\"2012-11-07T21:52:06+00:00\" \/>\n\t\t<meta name=\"twitter:card\" content=\"summary_large_image\" \/>\n\t\t<meta name=\"twitter:title\" content=\"No to zaczynamy iPad mini 2G :) | iPod.info.pl \u2014 iPod, iPad, iPhone, iBlog\" \/>\n\t\t<script type=\"application\/ld+json\" class=\"aioseo-schema\">\n\t\t\t{\"@context\":\"https:\\\/\\\/schema.org\",\"@graph\":[{\"@type\":\"Article\",\"@id\":\"https:\\\/\\\/www.ipod.info.pl\\\/index.php\\\/no-to-zaczynamy-ipad-mini-2g\\\/#article\",\"name\":\"No to zaczynamy iPad mini 2G :) | iPod.info.pl \\u2014 iPod, iPad, iPhone, iBlog\",\"headline\":\"No to zaczynamy iPad mini 2G :)\",\"author\":{\"@id\":\"https:\\\/\\\/www.ipod.info.pl\\\/index.php\\\/author\\\/norbi\\\/#author\"},\"publisher\":{\"@id\":\"https:\\\/\\\/www.ipod.info.pl\\\/#organization\"},\"datePublished\":\"2012-11-07T23:48:42+02:00\",\"dateModified\":\"2012-11-07T23:52:06+02:00\",\"inLanguage\":\"pl-PL\",\"commentCount\":16,\"mainEntityOfPage\":{\"@id\":\"https:\\\/\\\/www.ipod.info.pl\\\/index.php\\\/no-to-zaczynamy-ipad-mini-2g\\\/#webpage\"},\"isPartOf\":{\"@id\":\"https:\\\/\\\/www.ipod.info.pl\\\/index.php\\\/no-to-zaczynamy-ipad-mini-2g\\\/#webpage\"},\"articleSection\":\"iPad, iPad (3G), iPad 4G, iPad mini\"},{\"@type\":\"BreadcrumbList\",\"@id\":\"https:\\\/\\\/www.ipod.info.pl\\\/index.php\\\/no-to-zaczynamy-ipad-mini-2g\\\/#breadcrumblist\",\"itemListElement\":[{\"@type\":\"ListItem\",\"@id\":\"https:\\\/\\\/www.ipod.info.pl#listItem\",\"position\":1,\"name\":\"Dom\",\"item\":\"https:\\\/\\\/www.ipod.info.pl\",\"nextItem\":{\"@type\":\"ListItem\",\"@id\":\"https:\\\/\\\/www.ipod.info.pl\\\/index.php\\\/category\\\/ipad1g\\\/#listItem\",\"name\":\"iPad\"}},{\"@type\":\"ListItem\",\"@id\":\"https:\\\/\\\/www.ipod.info.pl\\\/index.php\\\/category\\\/ipad1g\\\/#listItem\",\"position\":2,\"name\":\"iPad\",\"item\":\"https:\\\/\\\/www.ipod.info.pl\\\/index.php\\\/category\\\/ipad1g\\\/\",\"nextItem\":{\"@type\":\"ListItem\",\"@id\":\"https:\\\/\\\/www.ipod.info.pl\\\/index.php\\\/no-to-zaczynamy-ipad-mini-2g\\\/#listItem\",\"name\":\"No to zaczynamy iPad mini 2G :)\"},\"previousItem\":{\"@type\":\"ListItem\",\"@id\":\"https:\\\/\\\/www.ipod.info.pl#listItem\",\"name\":\"Dom\"}},{\"@type\":\"ListItem\",\"@id\":\"https:\\\/\\\/www.ipod.info.pl\\\/index.php\\\/no-to-zaczynamy-ipad-mini-2g\\\/#listItem\",\"position\":3,\"name\":\"No to zaczynamy iPad mini 2G :)\",\"previousItem\":{\"@type\":\"ListItem\",\"@id\":\"https:\\\/\\\/www.ipod.info.pl\\\/index.php\\\/category\\\/ipad1g\\\/#listItem\",\"name\":\"iPad\"}}]},{\"@type\":\"Organization\",\"@id\":\"https:\\\/\\\/www.ipod.info.pl\\\/#organization\",\"name\":\"iPod.info.pl \\u2014 iPod, iPad, iPhone, iBlog\",\"description\":\"iPod, iPad, iPhone, iPhone 3G, iPhone 3GS, iPhone 4, Apple TV\",\"url\":\"https:\\\/\\\/www.ipod.info.pl\\\/\"},{\"@type\":\"Person\",\"@id\":\"https:\\\/\\\/www.ipod.info.pl\\\/index.php\\\/author\\\/norbi\\\/#author\",\"url\":\"https:\\\/\\\/www.ipod.info.pl\\\/index.php\\\/author\\\/norbi\\\/\",\"name\":\"norbi\"},{\"@type\":\"WebPage\",\"@id\":\"https:\\\/\\\/www.ipod.info.pl\\\/index.php\\\/no-to-zaczynamy-ipad-mini-2g\\\/#webpage\",\"url\":\"https:\\\/\\\/www.ipod.info.pl\\\/index.php\\\/no-to-zaczynamy-ipad-mini-2g\\\/\",\"name\":\"No to zaczynamy iPad mini 2G :) | iPod.info.pl \\u2014 iPod, iPad, iPhone, iBlog\",\"inLanguage\":\"pl-PL\",\"isPartOf\":{\"@id\":\"https:\\\/\\\/www.ipod.info.pl\\\/#website\"},\"breadcrumb\":{\"@id\":\"https:\\\/\\\/www.ipod.info.pl\\\/index.php\\\/no-to-zaczynamy-ipad-mini-2g\\\/#breadcrumblist\"},\"author\":{\"@id\":\"https:\\\/\\\/www.ipod.info.pl\\\/index.php\\\/author\\\/norbi\\\/#author\"},\"creator\":{\"@id\":\"https:\\\/\\\/www.ipod.info.pl\\\/index.php\\\/author\\\/norbi\\\/#author\"},\"datePublished\":\"2012-11-07T23:48:42+02:00\",\"dateModified\":\"2012-11-07T23:52:06+02:00\"},{\"@type\":\"WebSite\",\"@id\":\"https:\\\/\\\/www.ipod.info.pl\\\/#website\",\"url\":\"https:\\\/\\\/www.ipod.info.pl\\\/\",\"name\":\"iPod.info.pl \\u2014 iPod, iPad, iPhone, iBlog\",\"description\":\"iPod, iPad, iPhone, iPhone 3G, iPhone 3GS, iPhone 4, Apple TV\",\"inLanguage\":\"pl-PL\",\"publisher\":{\"@id\":\"https:\\\/\\\/www.ipod.info.pl\\\/#organization\"}}]}\n\t\t<\/script>\n\t\t<!-- All in One SEO -->\n\n","aioseo_head_json":{"title":"No to zaczynamy iPad mini 2G :) | iPod.info.pl \u2014 iPod, iPad, iPhone, iBlog","description":"","canonical_url":"https:\/\/www.ipod.info.pl\/index.php\/no-to-zaczynamy-ipad-mini-2g\/","robots":"max-image-preview:large","keywords":"","webmasterTools":{"miscellaneous":""},"schema":{"@context":"https:\/\/schema.org","@graph":[{"@type":"Article","@id":"https:\/\/www.ipod.info.pl\/index.php\/no-to-zaczynamy-ipad-mini-2g\/#article","name":"No to zaczynamy iPad mini 2G :) | iPod.info.pl \u2014 iPod, iPad, iPhone, iBlog","headline":"No to zaczynamy iPad mini 2G :)","author":{"@id":"https:\/\/www.ipod.info.pl\/index.php\/author\/norbi\/#author"},"publisher":{"@id":"https:\/\/www.ipod.info.pl\/#organization"},"datePublished":"2012-11-07T23:48:42+02:00","dateModified":"2012-11-07T23:52:06+02:00","inLanguage":"pl-PL","commentCount":16,"mainEntityOfPage":{"@id":"https:\/\/www.ipod.info.pl\/index.php\/no-to-zaczynamy-ipad-mini-2g\/#webpage"},"isPartOf":{"@id":"https:\/\/www.ipod.info.pl\/index.php\/no-to-zaczynamy-ipad-mini-2g\/#webpage"},"articleSection":"iPad, iPad (3G), iPad 4G, iPad mini"},{"@type":"BreadcrumbList","@id":"https:\/\/www.ipod.info.pl\/index.php\/no-to-zaczynamy-ipad-mini-2g\/#breadcrumblist","itemListElement":[{"@type":"ListItem","@id":"https:\/\/www.ipod.info.pl#listItem","position":1,"name":"Dom","item":"https:\/\/www.ipod.info.pl","nextItem":{"@type":"ListItem","@id":"https:\/\/www.ipod.info.pl\/index.php\/category\/ipad1g\/#listItem","name":"iPad"}},{"@type":"ListItem","@id":"https:\/\/www.ipod.info.pl\/index.php\/category\/ipad1g\/#listItem","position":2,"name":"iPad","item":"https:\/\/www.ipod.info.pl\/index.php\/category\/ipad1g\/","nextItem":{"@type":"ListItem","@id":"https:\/\/www.ipod.info.pl\/index.php\/no-to-zaczynamy-ipad-mini-2g\/#listItem","name":"No to zaczynamy iPad mini 2G :)"},"previousItem":{"@type":"ListItem","@id":"https:\/\/www.ipod.info.pl#listItem","name":"Dom"}},{"@type":"ListItem","@id":"https:\/\/www.ipod.info.pl\/index.php\/no-to-zaczynamy-ipad-mini-2g\/#listItem","position":3,"name":"No to zaczynamy iPad mini 2G :)","previousItem":{"@type":"ListItem","@id":"https:\/\/www.ipod.info.pl\/index.php\/category\/ipad1g\/#listItem","name":"iPad"}}]},{"@type":"Organization","@id":"https:\/\/www.ipod.info.pl\/#organization","name":"iPod.info.pl \u2014 iPod, iPad, iPhone, iBlog","description":"iPod, iPad, iPhone, iPhone 3G, iPhone 3GS, iPhone 4, Apple TV","url":"https:\/\/www.ipod.info.pl\/"},{"@type":"Person","@id":"https:\/\/www.ipod.info.pl\/index.php\/author\/norbi\/#author","url":"https:\/\/www.ipod.info.pl\/index.php\/author\/norbi\/","name":"norbi"},{"@type":"WebPage","@id":"https:\/\/www.ipod.info.pl\/index.php\/no-to-zaczynamy-ipad-mini-2g\/#webpage","url":"https:\/\/www.ipod.info.pl\/index.php\/no-to-zaczynamy-ipad-mini-2g\/","name":"No to zaczynamy iPad mini 2G :) | iPod.info.pl \u2014 iPod, iPad, iPhone, iBlog","inLanguage":"pl-PL","isPartOf":{"@id":"https:\/\/www.ipod.info.pl\/#website"},"breadcrumb":{"@id":"https:\/\/www.ipod.info.pl\/index.php\/no-to-zaczynamy-ipad-mini-2g\/#breadcrumblist"},"author":{"@id":"https:\/\/www.ipod.info.pl\/index.php\/author\/norbi\/#author"},"creator":{"@id":"https:\/\/www.ipod.info.pl\/index.php\/author\/norbi\/#author"},"datePublished":"2012-11-07T23:48:42+02:00","dateModified":"2012-11-07T23:52:06+02:00"},{"@type":"WebSite","@id":"https:\/\/www.ipod.info.pl\/#website","url":"https:\/\/www.ipod.info.pl\/","name":"iPod.info.pl \u2014 iPod, iPad, iPhone, iBlog","description":"iPod, iPad, iPhone, iPhone 3G, iPhone 3GS, iPhone 4, Apple TV","inLanguage":"pl-PL","publisher":{"@id":"https:\/\/www.ipod.info.pl\/#organization"}}]},"og:locale":"pl_PL","og:site_name":"iPod.info.pl \u2014 iPod, iPad, iPhone, iBlog | iPod, iPad, iPhone, iPhone 3G, iPhone 3GS, iPhone 4, Apple TV","og:type":"article","og:title":"No to zaczynamy iPad mini 2G :) | iPod.info.pl \u2014 iPod, iPad, iPhone, iBlog","og:url":"https:\/\/www.ipod.info.pl\/index.php\/no-to-zaczynamy-ipad-mini-2g\/","article:published_time":"2012-11-07T21:48:42+00:00","article:modified_time":"2012-11-07T21:52:06+00:00","twitter:card":"summary_large_image","twitter:title":"No to zaczynamy iPad mini 2G :) | iPod.info.pl \u2014 iPod, iPad, iPhone, iBlog"},"aioseo_meta_data":{"post_id":"18387","title":null,"description":null,"keywords":null,"keyphrases":null,"primary_term":null,"canonical_url":null,"og_title":null,"og_description":null,"og_object_type":"default","og_image_type":"default","og_image_url":null,"og_image_width":null,"og_image_height":null,"og_image_custom_url":null,"og_image_custom_fields":null,"og_video":null,"og_custom_url":null,"og_article_section":null,"og_article_tags":null,"twitter_use_og":false,"twitter_card":"default","twitter_image_type":"default","twitter_image_url":null,"twitter_image_custom_url":null,"twitter_image_custom_fields":null,"twitter_title":null,"twitter_description":null,"schema":{"blockGraphs":[],"customGraphs":[],"default":{"data":{"Article":[],"Course":[],"Dataset":[],"FAQPage":[],"Movie":[],"Person":[],"Product":[],"ProductReview":[],"Car":[],"Recipe":[],"Service":[],"SoftwareApplication":[],"WebPage":[]},"graphName":"","isEnabled":true},"graphs":[]},"schema_type":"default","schema_type_options":null,"pillar_content":false,"robots_default":true,"robots_noindex":false,"robots_noarchive":false,"robots_nosnippet":false,"robots_nofollow":false,"robots_noimageindex":false,"robots_noodp":false,"robots_notranslate":false,"robots_max_snippet":null,"robots_max_videopreview":null,"robots_max_imagepreview":"large","priority":null,"frequency":null,"local_seo":null,"limit_modified_date":false,"created":"2024-07-03 13:20:19","updated":"2026-08-13 21:55:03","focus_keyword":null,"additional_keywords":null,"truseo_locale":null,"ai":null,"breadcrumb_settings":null,"seo_analyzer_scan_date":null},"aioseo_breadcrumb":"<div class=\"aioseo-breadcrumbs\"><span class=\"aioseo-breadcrumb\">\n\t\t\t<a href=\"https:\/\/www.ipod.info.pl\" title=\"Dom\">Dom<\/a>\n\t\t<\/span><span class=\"aioseo-breadcrumb-separator\">&raquo;<\/span><span class=\"aioseo-breadcrumb\">\n\t\t\t<a href=\"https:\/\/www.ipod.info.pl\/index.php\/category\/ipad1g\/\" title=\"iPad\">iPad<\/a>\n\t\t<\/span><span class=\"aioseo-breadcrumb-separator\">&raquo;<\/span><span class=\"aioseo-breadcrumb\">\n\t\t\tNo to zaczynamy iPad mini 2G :)\n\t\t<\/span><\/div>","aioseo_breadcrumb_json":[{"label":"Dom","link":"https:\/\/www.ipod.info.pl"},{"label":"iPad","link":"https:\/\/www.ipod.info.pl\/index.php\/category\/ipad1g\/"},{"label":"No to zaczynamy iPad mini 2G :)","link":"https:\/\/www.ipod.info.pl\/index.php\/no-to-zaczynamy-ipad-mini-2g\/"}],"_links":{"self":[{"href":"https:\/\/www.ipod.info.pl\/index.php\/wp-json\/wp\/v2\/posts\/18387","targetHints":{"allow":["GET"]}}],"collection":[{"href":"https:\/\/www.ipod.info.pl\/index.php\/wp-json\/wp\/v2\/posts"}],"about":[{"href":"https:\/\/www.ipod.info.pl\/index.php\/wp-json\/wp\/v2\/types\/post"}],"author":[{"embeddable":true,"href":"https:\/\/www.ipod.info.pl\/index.php\/wp-json\/wp\/v2\/users\/2"}],"replies":[{"embeddable":true,"href":"https:\/\/www.ipod.info.pl\/index.php\/wp-json\/wp\/v2\/comments?post=18387"}],"version-history":[{"count":3,"href":"https:\/\/www.ipod.info.pl\/index.php\/wp-json\/wp\/v2\/posts\/18387\/revisions"}],"predecessor-version":[{"id":18390,"href":"https:\/\/www.ipod.info.pl\/index.php\/wp-json\/wp\/v2\/posts\/18387\/revisions\/18390"}],"wp:attachment":[{"href":"https:\/\/www.ipod.info.pl\/index.php\/wp-json\/wp\/v2\/media?parent=18387"}],"wp:term":[{"taxonomy":"category","embeddable":true,"href":"https:\/\/www.ipod.info.pl\/index.php\/wp-json\/wp\/v2\/categories?post=18387"},{"taxonomy":"post_tag","embeddable":true,"href":"https:\/\/www.ipod.info.pl\/index.php\/wp-json\/wp\/v2\/tags?post=18387"}],"curies":[{"name":"wp","href":"https:\/\/api.w.org\/{rel}","templated":true}]}}