{"id":18681,"date":"2013-01-04T18:40:08","date_gmt":"2013-01-04T16:40:08","guid":{"rendered":"http:\/\/www.ipod.info.pl\/?p=18681"},"modified":"2013-01-04T21:11:00","modified_gmt":"2013-01-04T19:11:00","slug":"kolorowe-iphony-w-roznych-rozmiarach-czyli","status":"publish","type":"post","link":"https:\/\/www.ipod.info.pl\/index.php\/kolorowe-iphony-w-roznych-rozmiarach-czyli\/","title":{"rendered":"Kolorowe iPhony w r\u00f3\u017cnych rozmiarach &#8230; czyli &#8230;"},"content":{"rendered":"<p style=\"text-align: justify;\"><a href=\"http:\/\/www.ipod.info.pl\/wp-content\/uploads\/2013\/01\/anostyle-iphone-51.jpg\"><img loading=\"lazy\" decoding=\"async\" class=\"aligncenter  wp-image-18684\" alt=\"anostyle-iphone-5\" src=\"http:\/\/www.ipod.info.pl\/wp-content\/uploads\/2013\/01\/anostyle-iphone-51.jpg\" width=\"790\" height=\"355\" srcset=\"https:\/\/www.ipod.info.pl\/wp-content\/uploads\/2013\/01\/anostyle-iphone-51.jpg 800w, https:\/\/www.ipod.info.pl\/wp-content\/uploads\/2013\/01\/anostyle-iphone-51-150x67.jpg 150w, https:\/\/www.ipod.info.pl\/wp-content\/uploads\/2013\/01\/anostyle-iphone-51-250x112.jpg 250w, https:\/\/www.ipod.info.pl\/wp-content\/uploads\/2013\/01\/anostyle-iphone-51-620x279.jpg 620w\" sizes=\"(max-width: 790px) 100vw, 790px\" \/><\/a><a title=\"Apple staje si\u0119 nieprzewidywalne\" href=\"http:\/\/www.ipod.info.pl\/index.php\/apple-staje-sie-nieprzewidywalne\/\">&#8230; Apple staje si\u0119 nieprzewidywalne.<\/a><br \/>\nPora poplotkowa\u0107 o iPhone si\u00f3dmej generacji czyli iPhone 6 lub iPhone 5S &#8211; jak kto woli. Plotek pojawia si\u0119 wiele i cz\u0119sto jedne wykluczaj\u0105 inne. Podobno iPhone kolejnej generacji ma pojawi\u0107 si\u0119 w sprzeda\u017cy ju\u017c w okolicach czerwca. Czyli w terminie w kt\u00f3rym ju\u017c kiedy\u015b pojawia\u0142y si\u0119 nowe modele tego telefonu. iPhone, iPhone 3G, iPhone 3GS oraz iPhone 4 mia\u0142y przecie\u017c premier\u0119 w\u0142a\u015bnie mniej wi\u0119cej w w\u0142a\u015bnie w tym terminie. To nie jest wykluczone, ale osobi\u015bcie w to w\u0105tpi\u0119, bo Apple pewnie woli mie\u0107 premier\u0119 swojego flagowego produktu w bardziej gor\u0105cym okresie ko\u0144ca roku.<\/p>\n<p style=\"text-align: justify;\">Po drugie prawdopodobnie nowy model ma si\u0119 nazywa\u0107 iPhone 5S. To jednak bardzo by si\u0119 k\u0142\u00f3ci\u0142o z kolejnymi plotkami, powtarzanymi zreszt\u0105 przez te same \u017ar\u00f3d\u0142a. Ot\u00f3\u017c nowy model ma by\u0107 znacz\u0105co r\u00f3\u017cny od tego co znamy. Sam si\u0119 zastanawiam co mo\u017ce by\u0107 tak znacz\u0105co r\u00f3\u017cne, ale je\u015bli ju\u017c b\u0119dzie to sk\u0105d nazwa iPhone 5S. M\u00f3wi si\u0119 o du\u017cym ekranie 4,8&#8243;, zreszt\u0105 m\u00f3wi si\u0119 te\u017c, \u017ce nowy model b\u0119dzie dost\u0119pny w dw\u00f3ch wersjach z r\u00f3\u017cnymi rozmiarami ekranu. W \u015brodku oczywi\u015bcie z nowym czterordzeniowym procesorem A7 oraz w zupe\u0142nie nowej obudowie pozbawionej przycisku HOME. Ile to ju\u017c plotek by\u0142o o wersji bez tego przycisku? Sporo.<\/p>\n<p style=\"text-align: justify;\">Ciekawa te\u017c wydaje si\u0119 informacja o tym, \u017ce nowa obudowa ma by\u0107 dost\u0119pna w r\u00f3\u017cnych kolorach: r\u00f3\u017cowym, \u017c\u00f3\u0142tym, niebieskim, bia\u0142ym, czarnym i czerwonym. To by\u0142by z pewno\u015bci\u0105 ruch w stron\u0119 m\u0142odszych klient\u00f3w i mog\u0142o by to by\u0107 interesuj\u0105ce je\u015bli firma zrobi\u0142a by kolorowanie w do\u015b\u0107 ciekawy spos\u00f3b, np tak jak widoczne na zdj\u0119ciu kolorowanie z <a href=\"http:\/\/www.anostyle.com\" target=\"_blank\">anostyle.com<\/a>. Tylko pami\u0119tajcie obudowa ma wygl\u0105da\u0107 inaczej :)<\/p>\n<p style=\"text-align: justify;\">Ja mam najwi\u0119ksz\u0105 nadziej\u0119, \u017ce tym razem b\u0119dzie ma\u0142o przeciek\u00f3w i nie b\u0119dziemy na kilka tygodni przed premier\u0105 widzieli dok\u0142adnie co poka\u017ce mam Tim Cook. Je\u015bli ju\u017c Apple ma by\u0107 nieprzewidywane to niech b\u0119dzie takie od pocz\u0105tku do ko\u0144ca.<\/p>\n","protected":false},"excerpt":{"rendered":"<p>&#8230; Apple staje si\u0119 nieprzewidywalne. Pora poplotkowa\u0107 o iPhone si\u00f3dmej generacji czyli iPhone 6 lub iPhone 5S &#8211; jak kto woli. Plotek pojawia si\u0119 wiele i cz\u0119sto jedne wykluczaj\u0105 inne. Podobno iPhone kolejnej generacji ma pojawi\u0107 si\u0119 w sprzeda\u017cy ju\u017c w okolicach czerwca. Czyli w terminie w kt\u00f3rym ju\u017c kiedy\u015b pojawia\u0142y si\u0119 nowe modele tego [&hellip;]<\/p>\n","protected":false},"author":2,"featured_media":0,"comment_status":"open","ping_status":"open","sticky":false,"template":"","format":"standard","meta":{"footnotes":""},"categories":[10,16,80,88],"tags":[],"aioseo_notices":[],"_links":{"self":[{"href":"https:\/\/www.ipod.info.pl\/index.php\/wp-json\/wp\/v2\/posts\/18681"}],"collection":[{"href":"https:\/\/www.ipod.info.pl\/index.php\/wp-json\/wp\/v2\/posts"}],"about":[{"href":"https:\/\/www.ipod.info.pl\/index.php\/wp-json\/wp\/v2\/types\/post"}],"author":[{"embeddable":true,"href":"https:\/\/www.ipod.info.pl\/index.php\/wp-json\/wp\/v2\/users\/2"}],"replies":[{"embeddable":true,"href":"https:\/\/www.ipod.info.pl\/index.php\/wp-json\/wp\/v2\/comments?post=18681"}],"version-history":[{"count":8,"href":"https:\/\/www.ipod.info.pl\/index.php\/wp-json\/wp\/v2\/posts\/18681\/revisions"}],"predecessor-version":[{"id":18694,"href":"https:\/\/www.ipod.info.pl\/index.php\/wp-json\/wp\/v2\/posts\/18681\/revisions\/18694"}],"wp:attachment":[{"href":"https:\/\/www.ipod.info.pl\/index.php\/wp-json\/wp\/v2\/media?parent=18681"}],"wp:term":[{"taxonomy":"category","embeddable":true,"href":"https:\/\/www.ipod.info.pl\/index.php\/wp-json\/wp\/v2\/categories?post=18681"},{"taxonomy":"post_tag","embeddable":true,"href":"https:\/\/www.ipod.info.pl\/index.php\/wp-json\/wp\/v2\/tags?post=18681"}],"curies":[{"name":"wp","href":"https:\/\/api.w.org\/{rel}","templated":true}]}}