{"id":18747,"date":"2013-01-18T16:10:40","date_gmt":"2013-01-18T14:10:40","guid":{"rendered":"http:\/\/www.ipod.info.pl\/?p=18747"},"modified":"2013-01-18T16:10:40","modified_gmt":"2013-01-18T14:10:40","slug":"pipeline-produktow-apple-na-rok-2013","status":"publish","type":"post","link":"https:\/\/www.ipod.info.pl\/index.php\/pipeline-produktow-apple-na-rok-2013\/","title":{"rendered":"Pipeline produkt\u00f3w Apple na rok 2013"},"content":{"rendered":"<p style=\"text-align: justify;\">Oczywi\u015bcie Apple staje si\u0119 nieprzewidywalne, ale serio wierzycie plotki o premierze iPada mini z retin\u0105, nowych du\u017cych iPad\u00f3w i nowego iPhone 8 ;) ju\u017c w marcu? W p\u00f3\u0142 roku po premierze poprzednich modeli? Serio? Ja mimo wszystko nie wierz\u0119, \u017ce Apple zrobi tak\u0105 g\u0142upot\u0119. Zdecydowanie bardziej przemawia do mnie plan widoczny na zdj\u0119ciu poni\u017cej. To analiza analityk\u00f3w z\u00a0<a href=\"http:\/\/appleinsider.com\/articles\/13\/01\/16\/apple-expected-to-debut-several-iphones-all-retina-ipad-and-macbook-pro-lineups-in-2013\" target=\"_blank\">KGI Securities<\/a>.<\/p>\n<p><a href=\"http:\/\/www.ipod.info.pl\/wp-content\/uploads\/2013\/01\/13.01.16-2013_Predictions.jpg\"><img loading=\"lazy\" decoding=\"async\" class=\"size-full wp-image-18748 aligncenter\" alt=\"13.01.16-2013_Predictions\" src=\"http:\/\/www.ipod.info.pl\/wp-content\/uploads\/2013\/01\/13.01.16-2013_Predictions.jpg\" width=\"660\" height=\"322\" srcset=\"https:\/\/www.ipod.info.pl\/wp-content\/uploads\/2013\/01\/13.01.16-2013_Predictions.jpg 660w, https:\/\/www.ipod.info.pl\/wp-content\/uploads\/2013\/01\/13.01.16-2013_Predictions-150x73.jpg 150w, https:\/\/www.ipod.info.pl\/wp-content\/uploads\/2013\/01\/13.01.16-2013_Predictions-250x121.jpg 250w, https:\/\/www.ipod.info.pl\/wp-content\/uploads\/2013\/01\/13.01.16-2013_Predictions-620x302.jpg 620w\" sizes=\"(max-width: 660px) 100vw, 660px\" \/><\/a><\/p>\n<p style=\"text-align: justify;\">Moje zdanie na ten temat jest bardzo podobne. Wszystko tu uk\u0142ada si\u0119 w logiczn\u0105 ca\u0142o\u015b\u0107 i pokazuje, \u017ce Apple chce si\u0119 z wa\u017cnymi premierami wstrzeli\u0107 w\u0142a\u015bnie w gor\u0105cy okres przed\u015bwi\u0105teczny. Mo\u017ce nie do ko\u0144ca zgadzam si\u0119 z dat\u0105 premiery \u00a0aktualizacji Apple TV, bo moim zdaniem mo\u017ce jej w tym roku wcale nie by\u0107. Nie do ko\u0144ca te\u017c rozumiem co autor mia\u0142 na my\u015bli pisz\u0105c &#8222;New design iPhone 5&#8221;. Reszta jest naprawd\u0119 bardzo klarowna i to prawdopodobnie w\u0142a\u015bnie tak b\u0119dzie wygl\u0105da\u0142 kolejny Applowy rok. Czyli na razie nie mamy za du\u017co pracy :) i zabawy, ale od jesieni zaczynamy ostro.<\/p>\n","protected":false},"excerpt":{"rendered":"<p>Oczywi\u015bcie Apple staje si\u0119 nieprzewidywalne, ale serio wierzycie plotki o premierze iPada mini z retin\u0105, nowych du\u017cych iPad\u00f3w i nowego iPhone 8 ;) ju\u017c w marcu? W p\u00f3\u0142 roku po premierze poprzednich modeli? Serio? Ja mimo wszystko nie wierz\u0119, \u017ce Apple zrobi tak\u0105 g\u0142upot\u0119. Zdecydowanie bardziej przemawia do mnie plan widoczny na zdj\u0119ciu poni\u017cej. To [&hellip;]<\/p>\n","protected":false},"author":2,"featured_media":0,"comment_status":"open","ping_status":"open","sticky":false,"template":"","format":"standard","meta":{"footnotes":""},"categories":[10,55,16,2],"tags":[],"aioseo_notices":[],"_links":{"self":[{"href":"https:\/\/www.ipod.info.pl\/index.php\/wp-json\/wp\/v2\/posts\/18747"}],"collection":[{"href":"https:\/\/www.ipod.info.pl\/index.php\/wp-json\/wp\/v2\/posts"}],"about":[{"href":"https:\/\/www.ipod.info.pl\/index.php\/wp-json\/wp\/v2\/types\/post"}],"author":[{"embeddable":true,"href":"https:\/\/www.ipod.info.pl\/index.php\/wp-json\/wp\/v2\/users\/2"}],"replies":[{"embeddable":true,"href":"https:\/\/www.ipod.info.pl\/index.php\/wp-json\/wp\/v2\/comments?post=18747"}],"version-history":[{"count":2,"href":"https:\/\/www.ipod.info.pl\/index.php\/wp-json\/wp\/v2\/posts\/18747\/revisions"}],"predecessor-version":[{"id":18750,"href":"https:\/\/www.ipod.info.pl\/index.php\/wp-json\/wp\/v2\/posts\/18747\/revisions\/18750"}],"wp:attachment":[{"href":"https:\/\/www.ipod.info.pl\/index.php\/wp-json\/wp\/v2\/media?parent=18747"}],"wp:term":[{"taxonomy":"category","embeddable":true,"href":"https:\/\/www.ipod.info.pl\/index.php\/wp-json\/wp\/v2\/categories?post=18747"},{"taxonomy":"post_tag","embeddable":true,"href":"https:\/\/www.ipod.info.pl\/index.php\/wp-json\/wp\/v2\/tags?post=18747"}],"curies":[{"name":"wp","href":"https:\/\/api.w.org\/{rel}","templated":true}]}}