{"id":18825,"date":"2013-01-28T13:05:20","date_gmt":"2013-01-28T11:05:20","guid":{"rendered":"http:\/\/www.ipod.info.pl\/?p=18825"},"modified":"2013-01-28T13:05:20","modified_gmt":"2013-01-28T11:05:20","slug":"najblizsza-aktualizacja-ipada-to-wersja-128gb","status":"publish","type":"post","link":"https:\/\/www.ipod.info.pl\/index.php\/najblizsza-aktualizacja-ipada-to-wersja-128gb\/","title":{"rendered":"Najbli\u017csza aktualizacja iPada to wersja 128GB"},"content":{"rendered":"<p style=\"text-align: justify;\">Wczoraj developerzy otrzymali now\u0105 wersj\u0119 beta system iOS 6.1 &#8211; cho\u0107 tak naprawd\u0119 tej wersji bli\u017cej do GM ni\u017c bety. Mniejsza o to, wa\u017cniejsze jest to, \u017ce w tej wersji dodano <a title=\"iOS 6.1 beta 5 dost\u0119pna!!!\" href=\"http:\/\/www.ipod.info.pl\/index.php\/ios-6-1-beta-5-dostepna\/\" target=\"_blank\">obs\u0142ug\u0119 urz\u0105dze\u0144 o pami\u0119ci 128G<\/a>B &#8211; do tej pory maksymalnie mamy iUrz\u0105dzenia o pojemno\u015bci 64GB. Ta informacja bardzo zbiega si\u0119 z plotk\u0105 rzucon\u0105 przez\u00a0<a href=\"http:\/\/9to5mac.com\/2013\/01\/27\/apple-ready-to-release-additional-ipad-model-likely-128gb-version\/\" target=\"_blank\">9to5mac.com<\/a>. Wed\u0142ug nich w najbli\u017cszej przysz\u0142o\u015bci (miesi\u0105c\/dwa) pojawi si\u0119 iPad 4G (du\u017cy) w\u0142a\u015bnie o pojemno\u015bci 128GB. Nazwany jest kodowo jako wersja\u00a0ULTIMATE\u00a0(16GB to\u00a0GOOD, 32GB to BETTER, 64GB to BEST).\u00a0<a href=\"http:\/\/9to5mac.com\/2013\/01\/27\/apple-ready-to-release-additional-ipad-model-likely-128gb-version\/\" target=\"_blank\">9to5mac<\/a>\u00a0poda\u0142 nawet dok\u0142adane SKU ka\u017cdego z modelu\u00a0ME392LL\/A, ME393LL\/A, ME406LL\/A, ME407LL\/A. iPad o pojemno\u015bci 128GB ma poza ilo\u015bci\u0105 pami\u0119ci niczym si\u0119 nie r\u00f3\u017cni\u0107 od obecnej wersji, nowa pojemno\u015b\u0107 nie spowoduje wyrzucenia z oferty wersji 16GB, a jedynie uzupe\u0142ni lini\u0119.<\/p>\n<p style=\"text-align: justify;\">Szczerze m\u00f3wi\u0105 to zdecydowanie wola\u0142bym 128GB wersj\u0119 iPoda touch ni\u017c iPada. \u00a0Jako\u015b nigdy nie uda\u0142o mi si\u0119 zape\u0142ni\u0107 iPada 64GB cho\u0107by w po\u0142owie, za\u015b iPod touch 128GB by\u0142by idealny jako alternatywa dla Classica.<\/p>\n","protected":false},"excerpt":{"rendered":"<p>Wczoraj developerzy otrzymali now\u0105 wersj\u0119 beta system iOS 6.1 &#8211; cho\u0107 tak naprawd\u0119 tej wersji bli\u017cej do GM ni\u017c bety. Mniejsza o to, wa\u017cniejsze jest to, \u017ce w tej wersji dodano obs\u0142ug\u0119 urz\u0105dze\u0144 o pami\u0119ci 128GB &#8211; do tej pory maksymalnie mamy iUrz\u0105dzenia o pojemno\u015bci 64GB. Ta informacja bardzo zbiega si\u0119 z plotk\u0105 rzucon\u0105 przez\u00a09to5mac.com. [&hellip;]<\/p>\n","protected":false},"author":2,"featured_media":0,"comment_status":"open","ping_status":"open","sticky":false,"template":"","format":"standard","meta":{"footnotes":""},"categories":[87],"tags":[],"aioseo_notices":[],"_links":{"self":[{"href":"https:\/\/www.ipod.info.pl\/index.php\/wp-json\/wp\/v2\/posts\/18825"}],"collection":[{"href":"https:\/\/www.ipod.info.pl\/index.php\/wp-json\/wp\/v2\/posts"}],"about":[{"href":"https:\/\/www.ipod.info.pl\/index.php\/wp-json\/wp\/v2\/types\/post"}],"author":[{"embeddable":true,"href":"https:\/\/www.ipod.info.pl\/index.php\/wp-json\/wp\/v2\/users\/2"}],"replies":[{"embeddable":true,"href":"https:\/\/www.ipod.info.pl\/index.php\/wp-json\/wp\/v2\/comments?post=18825"}],"version-history":[{"count":1,"href":"https:\/\/www.ipod.info.pl\/index.php\/wp-json\/wp\/v2\/posts\/18825\/revisions"}],"predecessor-version":[{"id":18826,"href":"https:\/\/www.ipod.info.pl\/index.php\/wp-json\/wp\/v2\/posts\/18825\/revisions\/18826"}],"wp:attachment":[{"href":"https:\/\/www.ipod.info.pl\/index.php\/wp-json\/wp\/v2\/media?parent=18825"}],"wp:term":[{"taxonomy":"category","embeddable":true,"href":"https:\/\/www.ipod.info.pl\/index.php\/wp-json\/wp\/v2\/categories?post=18825"},{"taxonomy":"post_tag","embeddable":true,"href":"https:\/\/www.ipod.info.pl\/index.php\/wp-json\/wp\/v2\/tags?post=18825"}],"curies":[{"name":"wp","href":"https:\/\/api.w.org\/{rel}","templated":true}]}}