{"id":19036,"date":"2013-02-19T00:42:38","date_gmt":"2013-02-18T22:42:38","guid":{"rendered":"http:\/\/www.ipod.info.pl\/?p=19036"},"modified":"2013-02-19T01:23:50","modified_gmt":"2013-02-18T23:23:50","slug":"kontynuujemy-skladanie-iphone-5s","status":"publish","type":"post","link":"https:\/\/www.ipod.info.pl\/index.php\/kontynuujemy-skladanie-iphone-5s\/","title":{"rendered":"Kontynuujemy sk\u0142adanie iPhone 5S"},"content":{"rendered":"<p style=\"text-align: justify;\"><img loading=\"lazy\" decoding=\"async\" class=\"aligncenter size-full wp-image-19040\" alt=\"w680\" src=\"http:\/\/www.ipod.info.pl\/wp-content\/uploads\/2013\/02\/w6801.jpg\" width=\"790\" height=\"460\" srcset=\"https:\/\/www.ipod.info.pl\/wp-content\/uploads\/2013\/02\/w6801.jpg 790w, https:\/\/www.ipod.info.pl\/wp-content\/uploads\/2013\/02\/w6801-150x87.jpg 150w, https:\/\/www.ipod.info.pl\/wp-content\/uploads\/2013\/02\/w6801-250x145.jpg 250w\" sizes=\"(max-width: 790px) 100vw, 790px\" \/><br \/>\nDzisiejsza cz\u0119\u015b\u0107 by\u0142aby niesamowicie interesuj\u0105ca gdyby nie ma\u0142y szczeg\u00f3\u0142 &#8211; ale o nim p\u00f3\u017aniej.\u00a0Na zdj\u0119ciu pokazanym przez\u00a0<a href=\"http:\/\/www.iosdoc.com\/leaked-photos-apple-iphone-5s-will-come-with-a7-quad-core-cpu-and-gpu-2-gb-of-ram\/\" target=\"_blank\">www.iosdoc.com<\/a>\u00a0i sporo innych stron, widzicie podobno p\u0142yt\u0119 g\u0142\u00f3wn\u0105 do iPhone 5S. Bardzo ciekawie przedstawia opis do\u0142\u0105czony do niej. Na p\u0142ycie znajdowa\u0107 si\u0119 ma\u00a0czterordzeniowy, nowy procesor Apple A7 taktowany cz\u0119stotliwo\u015bci\u0105 1.2GHz. Ma by\u0107 tam te\u017c 2GB pami\u0119ci RAM. To du\u017cy skok bo obecnie iPhone 5 ma tylko 1GB pami\u0119ci RAM, nawet iPad z Retin\u0105 ma tylko 1GB. Wszystko to wskazuje, \u017ce iPhone 5S b\u0119dzie mia\u0142 niesamowita wydajno\u015b\u0107.<br \/>\nWr\u00f3\u0107&#8230;. jeden ma\u0142y szczeg\u00f3\u0142. Nie \u017cebym w\u0105tpi\u0142, \u017ce iPhone 5S b\u0119dzie pot\u0119\u017cnym sprz\u0119tem, b\u0119dzie taki na pewno. Na zdj\u0119ciach to jednak p\u0142yta identyczna z t\u0105 w iPhone 5, a jedyna zmiana zdj\u0119te os\u0142ony i napis A7 zamiast A6. Hmm taka zmiana procka i pami\u0119ci i \u017cadnych zmian na p\u0142ycie &#8230; Dobranoc.<\/p>\n","protected":false},"excerpt":{"rendered":"<p>Dzisiejsza cz\u0119\u015b\u0107 by\u0142aby niesamowicie interesuj\u0105ca gdyby nie ma\u0142y szczeg\u00f3\u0142 &#8211; ale o nim p\u00f3\u017aniej.\u00a0Na zdj\u0119ciu pokazanym przez\u00a0www.iosdoc.com\u00a0i sporo innych stron, widzicie podobno p\u0142yt\u0119 g\u0142\u00f3wn\u0105 do iPhone 5S. Bardzo ciekawie przedstawia opis do\u0142\u0105czony do niej. Na p\u0142ycie znajdowa\u0107 si\u0119 ma\u00a0czterordzeniowy, nowy procesor Apple A7 taktowany cz\u0119stotliwo\u015bci\u0105 1.2GHz. Ma by\u0107 tam te\u017c 2GB pami\u0119ci RAM. To du\u017cy [&hellip;]<\/p>\n","protected":false},"author":2,"featured_media":0,"comment_status":"open","ping_status":"open","sticky":false,"template":"","format":"standard","meta":{"footnotes":""},"categories":[16,80,88],"tags":[],"aioseo_notices":[],"_links":{"self":[{"href":"https:\/\/www.ipod.info.pl\/index.php\/wp-json\/wp\/v2\/posts\/19036"}],"collection":[{"href":"https:\/\/www.ipod.info.pl\/index.php\/wp-json\/wp\/v2\/posts"}],"about":[{"href":"https:\/\/www.ipod.info.pl\/index.php\/wp-json\/wp\/v2\/types\/post"}],"author":[{"embeddable":true,"href":"https:\/\/www.ipod.info.pl\/index.php\/wp-json\/wp\/v2\/users\/2"}],"replies":[{"embeddable":true,"href":"https:\/\/www.ipod.info.pl\/index.php\/wp-json\/wp\/v2\/comments?post=19036"}],"version-history":[{"count":8,"href":"https:\/\/www.ipod.info.pl\/index.php\/wp-json\/wp\/v2\/posts\/19036\/revisions"}],"predecessor-version":[{"id":19046,"href":"https:\/\/www.ipod.info.pl\/index.php\/wp-json\/wp\/v2\/posts\/19036\/revisions\/19046"}],"wp:attachment":[{"href":"https:\/\/www.ipod.info.pl\/index.php\/wp-json\/wp\/v2\/media?parent=19036"}],"wp:term":[{"taxonomy":"category","embeddable":true,"href":"https:\/\/www.ipod.info.pl\/index.php\/wp-json\/wp\/v2\/categories?post=19036"},{"taxonomy":"post_tag","embeddable":true,"href":"https:\/\/www.ipod.info.pl\/index.php\/wp-json\/wp\/v2\/tags?post=19036"}],"curies":[{"name":"wp","href":"https:\/\/api.w.org\/{rel}","templated":true}]}}