{"id":19141,"date":"2013-02-21T23:50:58","date_gmt":"2013-02-21T21:50:58","guid":{"rendered":"http:\/\/www.ipod.info.pl\/?p=19141"},"modified":"2013-02-21T23:50:58","modified_gmt":"2013-02-21T21:50:58","slug":"ipad-mini-2g-zaczynamy-skladanie","status":"publish","type":"post","link":"https:\/\/www.ipod.info.pl\/index.php\/ipad-mini-2g-zaczynamy-skladanie\/","title":{"rendered":"iPad mini 2G\u2013 zaczynamy sk\u0142adanie"},"content":{"rendered":"<p style=\"text-align: justify;\"><a href=\"http:\/\/www.ipod.info.pl\/wp-content\/uploads\/2013\/02\/ipad_mini_2g.jpg\"><img loading=\"lazy\" decoding=\"async\" class=\"aligncenter size-large wp-image-19142\" alt=\"ipad_mini_2g\" src=\"http:\/\/www.ipod.info.pl\/wp-content\/uploads\/2013\/02\/ipad_mini_2g-790x247.jpg\" width=\"790\" height=\"247\" srcset=\"https:\/\/www.ipod.info.pl\/wp-content\/uploads\/2013\/02\/ipad_mini_2g-790x247.jpg 790w, https:\/\/www.ipod.info.pl\/wp-content\/uploads\/2013\/02\/ipad_mini_2g-150x46.jpg 150w, https:\/\/www.ipod.info.pl\/wp-content\/uploads\/2013\/02\/ipad_mini_2g-250x78.jpg 250w, https:\/\/www.ipod.info.pl\/wp-content\/uploads\/2013\/02\/ipad_mini_2g.jpg 1259w\" sizes=\"(max-width: 790px) 100vw, 790px\" \/><\/a><br \/>\nTo co widzicie na zdj\u0119ciach pochodz\u0105cych z <a href=\"http:\/\/bbs.weiphone.com\/read-htm-tid-6076917.html\" target=\"_blank\">bbs.weiphone.com<\/a>\u00a0to podobno obudowa iPad mini 2G. Tym co od razu\u00a0rzuca si\u0119 w oczy jest wi\u0119ksza grubo\u015b\u0107 ni\u017c w obecnym iPadzie mini. Nie jest to bardzo du\u017co, na moje oko maksymalnie 1 milimetr. Wi\u0119ksza grubo\u015b\u0107, je\u015bli taka b\u0119dzie to b\u0119dzie spowodowana zastosowaniem wy\u015bwietlacza Retina. Tak samo by\u0142o mi\u0119dzy drug\u0105 i trzeci\u0105 generacj\u0105 du\u017cego iPada, wtedy wzros\u0142a ona o 0,6 mm. Drug\u0105 rzecz\u0105 jaka rzuca si\u0119 w oczy to brak polerowanych kraw\u0119dzi bocznych &#8211; to, plus dziwne otoczenie w jakim zosta\u0142y zrobione zdj\u0119cie, mo\u017ce wskazywa\u0107, \u017ce to po prostu jaka\u015b podr\u00f3bka iPada mini.<br \/>\n\u017beby nie by\u0142o &#8211; jestem pewien, \u017ce nowa generacja iPad mini b\u0119dzie mia\u0142a wy\u015bwietlacz Retina, ale nie jestem pewien czy to w\u0142a\u015bnie jest obudowa od niego.<\/p>\n","protected":false},"excerpt":{"rendered":"<p>To co widzicie na zdj\u0119ciach pochodz\u0105cych z bbs.weiphone.com\u00a0to podobno obudowa iPad mini 2G. Tym co od razu\u00a0rzuca si\u0119 w oczy jest wi\u0119ksza grubo\u015b\u0107 ni\u017c w obecnym iPadzie mini. Nie jest to bardzo du\u017co, na moje oko maksymalnie 1 milimetr. Wi\u0119ksza grubo\u015b\u0107, je\u015bli taka b\u0119dzie to b\u0119dzie spowodowana zastosowaniem wy\u015bwietlacza Retina. Tak samo by\u0142o mi\u0119dzy drug\u0105 [&hellip;]<\/p>\n","protected":false},"author":2,"featured_media":0,"comment_status":"open","ping_status":"open","sticky":false,"template":"","format":"standard","meta":{"footnotes":""},"categories":[84,92],"tags":[],"aioseo_notices":[],"_links":{"self":[{"href":"https:\/\/www.ipod.info.pl\/index.php\/wp-json\/wp\/v2\/posts\/19141"}],"collection":[{"href":"https:\/\/www.ipod.info.pl\/index.php\/wp-json\/wp\/v2\/posts"}],"about":[{"href":"https:\/\/www.ipod.info.pl\/index.php\/wp-json\/wp\/v2\/types\/post"}],"author":[{"embeddable":true,"href":"https:\/\/www.ipod.info.pl\/index.php\/wp-json\/wp\/v2\/users\/2"}],"replies":[{"embeddable":true,"href":"https:\/\/www.ipod.info.pl\/index.php\/wp-json\/wp\/v2\/comments?post=19141"}],"version-history":[{"count":1,"href":"https:\/\/www.ipod.info.pl\/index.php\/wp-json\/wp\/v2\/posts\/19141\/revisions"}],"predecessor-version":[{"id":19143,"href":"https:\/\/www.ipod.info.pl\/index.php\/wp-json\/wp\/v2\/posts\/19141\/revisions\/19143"}],"wp:attachment":[{"href":"https:\/\/www.ipod.info.pl\/index.php\/wp-json\/wp\/v2\/media?parent=19141"}],"wp:term":[{"taxonomy":"category","embeddable":true,"href":"https:\/\/www.ipod.info.pl\/index.php\/wp-json\/wp\/v2\/categories?post=19141"},{"taxonomy":"post_tag","embeddable":true,"href":"https:\/\/www.ipod.info.pl\/index.php\/wp-json\/wp\/v2\/tags?post=19141"}],"curies":[{"name":"wp","href":"https:\/\/api.w.org\/{rel}","templated":true}]}}