{"id":19628,"date":"2013-04-23T23:32:37","date_gmt":"2013-04-23T21:32:37","guid":{"rendered":"http:\/\/www.ipod.info.pl\/?p=19628"},"modified":"2013-04-24T10:05:25","modified_gmt":"2013-04-24T08:05:25","slug":"wyniki-finansowe-apple-za-q2-ipody-ponizej-moich-oczekiwan","status":"publish","type":"post","link":"https:\/\/www.ipod.info.pl\/index.php\/wyniki-finansowe-apple-za-q2-ipody-ponizej-moich-oczekiwan\/","title":{"rendered":"Wyniki finansowe Apple za Q2 &#8211; iPody poni\u017cej &#8230; moich oczekiwa\u0144 :)"},"content":{"rendered":"<p style=\"text-align: justify;\">Przedwczoraj, wczoraj, dzi\u015b rano, wszystkie bardzo technologiczne i opiniotw\u00f3rcze media, szczeg\u00f3lnie w Polsce, wie\u015bci\u0142y upadek Apple. Wyniki finansowe mia\u0142y by\u0107 gorsze o 20% rok do roku. Co ciekawe nawet przy takim spadku Apple by\u0142o by liderem na wi\u0119kszo\u015bci rynk\u00f3w na kt\u00f3rych dzia\u0142a. <a href=\"http:\/\/www.apple.com\/pr\/library\/2013\/04\/23Apple-Reports-Second-Quarter-Results.html\" target=\"_blank\">Wyniki za Q2<\/a> si\u0119 pojawi\u0142y i jestem bardzo ciekaw co te same media, chc\u0105c by\u0107 uczciwymi napisz\u0105 jutro.\u00a0Og\u00f3lny zysk firmy spad\u0142 o 18% na co co mia\u0142a wp\u0142yw znacznie ni\u017csza mar\u017ca, ale sprzeda\u017c praktycznie wszystkich wa\u017cnych produkt\u00f3w znacznie wzros\u0142a:<br \/>\n&#8211; sprzeda\u017c iPad\u00f3w wzros\u0142a o \u00a065% (!) z\u00a011,8 do 19,5\u00a0mln<br \/>\n&#8211; wzros\u0142a tak\u017ce sprzeda\u017c iPhone&#8217;\u00f3w z 35,1 do 37,4 mln<br \/>\n&#8211; sprzeda\u017c iPod\u00f3w niestety spad\u0142a z 7,7 milion\u00f3w w Q2 2012 do 5,6 mln w 2013<\/p>\n<p style=\"text-align: justify;\">Na kontach Apple jest za\u015b prawie tyle got\u00f3wki ile Polska ma zaplanowane w przychodach podatkowych za rok 2013 &#8230; razy dwa. Przy okazji przedstawienia wynik\u00f3w dowiedzieli\u015bmy si\u0119 te\u017c, \u017ce nowych produkt\u00f3w Apple nie powinni\u015bmy spodziewa\u0107 si\u0119 przed jesieni\u0105, a zupe\u0142nie nowych kategorii produkt\u00f3w dopiero na koniec roku. Wszystko si\u0119 zanosi wi\u0119c na to, \u017ce najbli\u017csz\u0105 konferencj\u0105 Apple b\u0119dzie czerwcowe WWDC13 na kt\u00f3rym zobaczymy tylko system iOS 7. Wi\u0119cej informacji jak zwykle na <a href=\"http:\/\/imagazine.pl\/2013\/04\/23\/wyniki-finansowe-apple-za-q2-2013\/\" target=\"_blank\">iMagazine.pl<\/a>.<\/p>\n","protected":false},"excerpt":{"rendered":"<p>Przedwczoraj, wczoraj, dzi\u015b rano, wszystkie bardzo technologiczne i opiniotw\u00f3rcze media, szczeg\u00f3lnie w Polsce, wie\u015bci\u0142y upadek Apple. Wyniki finansowe mia\u0142y by\u0107 gorsze o 20% rok do roku. Co ciekawe nawet przy takim spadku Apple by\u0142o by liderem na wi\u0119kszo\u015bci rynk\u00f3w na kt\u00f3rych dzia\u0142a. Wyniki za Q2 si\u0119 pojawi\u0142y i jestem bardzo ciekaw co te same media, [&hellip;]<\/p>\n","protected":false},"author":2,"featured_media":0,"comment_status":"open","ping_status":"open","sticky":false,"template":"","format":"standard","meta":{"footnotes":""},"categories":[10],"tags":[],"aioseo_notices":[],"_links":{"self":[{"href":"https:\/\/www.ipod.info.pl\/index.php\/wp-json\/wp\/v2\/posts\/19628"}],"collection":[{"href":"https:\/\/www.ipod.info.pl\/index.php\/wp-json\/wp\/v2\/posts"}],"about":[{"href":"https:\/\/www.ipod.info.pl\/index.php\/wp-json\/wp\/v2\/types\/post"}],"author":[{"embeddable":true,"href":"https:\/\/www.ipod.info.pl\/index.php\/wp-json\/wp\/v2\/users\/2"}],"replies":[{"embeddable":true,"href":"https:\/\/www.ipod.info.pl\/index.php\/wp-json\/wp\/v2\/comments?post=19628"}],"version-history":[{"count":7,"href":"https:\/\/www.ipod.info.pl\/index.php\/wp-json\/wp\/v2\/posts\/19628\/revisions"}],"predecessor-version":[{"id":19632,"href":"https:\/\/www.ipod.info.pl\/index.php\/wp-json\/wp\/v2\/posts\/19628\/revisions\/19632"}],"wp:attachment":[{"href":"https:\/\/www.ipod.info.pl\/index.php\/wp-json\/wp\/v2\/media?parent=19628"}],"wp:term":[{"taxonomy":"category","embeddable":true,"href":"https:\/\/www.ipod.info.pl\/index.php\/wp-json\/wp\/v2\/categories?post=19628"},{"taxonomy":"post_tag","embeddable":true,"href":"https:\/\/www.ipod.info.pl\/index.php\/wp-json\/wp\/v2\/tags?post=19628"}],"curies":[{"name":"wp","href":"https:\/\/api.w.org\/{rel}","templated":true}]}}